{"id":326373,"date":"2026-01-06T17:25:45","date_gmt":"2026-01-06T17:25:45","guid":{"rendered":"https:\/\/www.europesays.com\/es\/326373\/"},"modified":"2026-01-06T17:25:45","modified_gmt":"2026-01-06T17:25:45","slug":"cataluna-detecta-otros-18-jabalies-con-peste-porcina-africana-y-eleva-a-47-los-afectados-por-el-brote-noticias-de-cataluna","status":"publish","type":"post","link":"https:\/\/www.europesays.com\/es\/326373\/","title":{"rendered":"Catalu\u00f1a detecta otros 18 jabal\u00edes con peste porcina africana y eleva a 47 los afectados por el brote | Noticias de Catalu\u00f1a"},"content":{"rendered":"<p class=\"\">Los <a href=\"https:\/\/elpais.com\/ciencia\/2025-12-30\/los-analisis-geneticos-sugieren-que-el-virus-de-la-peste-porcina-no-salio-del-laboratorio-de-la-generalitat-que-estaba-a-cientos-de-metros.html\" rel=\"nofollow noopener\" title=\"https:\/\/elpais.com\/ciencia\/2025-12-30\/los-analisis-geneticos-sugieren-que-el-virus-de-la-peste-porcina-no-salio-del-laboratorio-de-la-generalitat-que-estaba-a-cientos-de-metros.html\" target=\"_blank\">Servicios Veterinarios Oficiales (SVO) de la Generalitat han notificado dos nuevos focos de Peste Porcina Africana <\/a>(PPA) en jabal\u00edes silvestres tras el hallazgo de 18 animales muertos infectados con el virus en Cerdanyola del Vall\u00e8s (Barcelona) y, por lo tanto, dentro de la zona de alto riesgo que se delimit\u00f3 el pasado noviembre tras la aparici\u00f3n de los primeros casos.<\/p>\n<p class=\"\"><a href=\"https:\/\/elpais.com\/noticias\/peste-porcina\/\" rel=\"nofollow noopener\" title=\"https:\/\/elpais.com\/noticias\/peste-porcina\/\" target=\"_blank\">Con estos nuevos, casos ascienden a 13 los focos detectados hasta la fecha<\/a>, con un total de 47 animales positivos a la PPA, seg\u00fan una nota de actualizaci\u00f3n publicada este lunes por el Ministerio de Agricultura, Pesca y Alimentaci\u00f3n (MAPA).<\/p>\n<p class=\"\">La Generalitat ha querido destacar que las nuevas detecciones reflejan casos que se han ido acumulando en los servicios veterinarios durante los d\u00edas festivos y llama a la tranquilidad asegurando que no se trata de un incremento repentino de jabal\u00edes infectados. <\/p>\n<p class=\"\">Adem\u00e1s, se han analizado otros 530 animales que han dado negativo en los an\u00e1lisis, de los cuales 234 han sido capturados en trampas y 296 se han muestreado por vigilancia pasiva (cad\u00e1veres enteros o restos hallados en el medio natural o animales con sintomatolog\u00eda abatidos) en la zona infectada de 20 km de radio y sus alrededores.<\/p>\n<p class=\"\">Seg\u00fan el Departamento de Agricultura, Ganader\u00eda y Pesca de la Generalitat, los 18 jabal\u00edes fueron hallados muertos dentro del radio de seis kil\u00f3metros donde se encontr\u00f3 el primer animal. <\/p>\n<p class=\"\">Estas semanas los Agentes Rurales \u2014junto con el resto de cuerpos que participan en el operativo para intentar que no se propague el virus\u2014 han realizado prospecciones intensivas de la zona infectada. Para ello, han utilizado helic\u00f3pteros y drones en zonas de dif\u00edcil acceso de Cerdanyola y Sant Cugat del Vall\u00e8s para localizar cad\u00e1veres de jabal\u00edes. <\/p>\n<p class=\"\">Adem\u00e1s de la b\u00fasqueda de cad\u00e1veres, sigue la captura de animales para intentar reducir las poblaciones de jabal\u00edes. Tambi\u00e9n contin\u00faa el refuerzo de las medidas de aislamiento, vallados, aprovechando vallados ya existentes en carreteras y v\u00edas f\u00e9rreas, y priorizando el control de corredores de uso de jabal\u00edes.<\/p>\n<p class=\"\">Adem\u00e1s, se sigue el control de las 57 granjas situadas dentro del radio afectado. En ellas, los servicios veterinarios no han detectado ning\u00fan caso de cerdo contaminado. Pese a ello, se analiza si alg\u00fan animal presenta sintomatolog\u00eda o lesiones compatibles con una posible infecci\u00f3n. El Ministerio de Agricultura ha hecho un llamamiento a extremar las medidas de bioseguridad tambi\u00e9n en el transporte de porcino y ha recordado la obligaci\u00f3n de comunicar sobre cualquier sospecha que se detecte. El Ministerio recuerda que la PPA es una enfermedad no zoon\u00f3sica, es decir, las personas no son susceptibles a la infecci\u00f3n ni por contacto con los animales ni por ingesti\u00f3n de productos derivados de ellos. <\/p>\n<p class=\"\">El Departamento de Agricultura y Ganader\u00eda se encuentra en la actualidad con una de las mayores crisis del sector. Por un lado, el virus de la peste porcina. Por otro, la gripe aviar y un tercer problema relacionado la dermatosis nodular contagiosa que afecta a las vacas. El consejero \u00d2scar Ordeig ha explicado que se han sacrificado 230.000 gallinas de la granja del Urgell en la que se detect\u00f3 un foco de gripe aviar y ha revelado que no se han detectado nuevos focos. El sacrificio termin\u00f3 el 1 de enero y la desinfecci\u00f3n, el 2 de enero, momento en el que se inici\u00f3 la cuenta de 30 d\u00edas del periodo de control y vigilancia. Est\u00e1 previsto levantar el foco el 3 de febrero, tiempo durante el que se mantendr\u00e1n las medidas previstas en un radio de diez kil\u00f3metros, que incluye 58 explotaciones.<\/p>\n<p class=\"\">Respecto a la dermatosis nodular contagiosa, ya se han levantado las restricciones del foco de Cass\u00e0 de la Selva y se levantar\u00e1n las del radio de Castell\u00f3 d\u2019Emp\u00faries, aunque se contin\u00faan aplicando las restricciones para los casos detectados en Francia. <\/p>\n","protected":false},"excerpt":{"rendered":"Los Servicios Veterinarios Oficiales (SVO) de la Generalitat han notificado dos nuevos focos de Peste Porcina Africana (PPA)&hellip;\n","protected":false},"author":2,"featured_media":278678,"comment_status":"","ping_status":"","sticky":false,"template":"","format":"standard","meta":{"footnotes":""},"categories":[8],"tags":[210,17,18,1980,75490,25,24,13,14,63370,11,65111,19,20,9,10,15,16,65110,66254,13347,23,12,21,22],"class_list":{"0":"post-326373","1":"post","2":"type-post","3":"status-publish","4":"format-standard","5":"has-post-thumbnail","7":"category-espana","8":"tag-barcelona","9":"tag-breaking-news","10":"tag-breakingnews","11":"tag-cataluna","12":"tag-cerdanyola-del-valles","13":"tag-es","14":"tag-espana","15":"tag-featured-news","16":"tag-featurednews","17":"tag-granjas","18":"tag-headlines","19":"tag-jabalies","20":"tag-latest-news","21":"tag-latestnews","22":"tag-news","23":"tag-noticias","24":"tag-noticias-destacadas","25":"tag-noticiasdestacadas","26":"tag-peste-porcina","27":"tag-porcino","28":"tag-salvador-illa","29":"tag-spain","30":"tag-titulares","31":"tag-ultimas-noticias","32":"tag-ultimasnoticias"},"share_on_mastodon":{"url":"https:\/\/pubeurope.com\/@es\/115849325772489711","error":""},"_links":{"self":[{"href":"https:\/\/www.europesays.com\/es\/wp-json\/wp\/v2\/posts\/326373","targetHints":{"allow":["GET"]}}],"collection":[{"href":"https:\/\/www.europesays.com\/es\/wp-json\/wp\/v2\/posts"}],"about":[{"href":"https:\/\/www.europesays.com\/es\/wp-json\/wp\/v2\/types\/post"}],"author":[{"embeddable":true,"href":"https:\/\/www.europesays.com\/es\/wp-json\/wp\/v2\/users\/2"}],"replies":[{"embeddable":true,"href":"https:\/\/www.europesays.com\/es\/wp-json\/wp\/v2\/comments?post=326373"}],"version-history":[{"count":0,"href":"https:\/\/www.europesays.com\/es\/wp-json\/wp\/v2\/posts\/326373\/revisions"}],"wp:featuredmedia":[{"embeddable":true,"href":"https:\/\/www.europesays.com\/es\/wp-json\/wp\/v2\/media\/278678"}],"wp:attachment":[{"href":"https:\/\/www.europesays.com\/es\/wp-json\/wp\/v2\/media?parent=326373"}],"wp:term":[{"taxonomy":"category","embeddable":true,"href":"https:\/\/www.europesays.com\/es\/wp-json\/wp\/v2\/categories?post=326373"},{"taxonomy":"post_tag","embeddable":true,"href":"https:\/\/www.europesays.com\/es\/wp-json\/wp\/v2\/tags?post=326373"}],"curies":[{"name":"wp","href":"https:\/\/api.w.org\/{rel}","templated":true}]}}