{"id":326400,"date":"2026-01-06T17:49:07","date_gmt":"2026-01-06T17:49:07","guid":{"rendered":"https:\/\/www.europesays.com\/es\/326400\/"},"modified":"2026-01-06T17:49:07","modified_gmt":"2026-01-06T17:49:07","slug":"el-paro-baja-en-16-291-personas-en-diciembre-y-el-total-se-situa-en-2-408-670-con-el-menor-paro-juvenil-de-la-serie-historica","status":"publish","type":"post","link":"https:\/\/www.europesays.com\/es\/326400\/","title":{"rendered":"El paro baja en 16.291 personas en diciembre y el total se sit\u00faa en 2.408.670, con el menor paro juvenil de la serie hist\u00f3rica"},"content":{"rendered":"<p>El n\u00famero de personas desempleadas registradas en las Oficinas del Servicio P\u00fablico de Empleo Estatal (SEPE), al finalizar el mes de diciembre de 2025, se redujo en 16.291 personas en relaci\u00f3n con el mes anterior (-0,67%).<\/p>\n<p>Con este descenso, el paro registrado se ha situado en un total de 2.408.670 personas.<\/p>\n<p><img decoding=\"async\" src=\"https:\/\/www.europesays.com\/es\/wp-content\/uploads\/2026\/01\/050126-paro-diciembre1.JPG\" alt=\"Paro registrado - mes de diciembre de cada a\u00f1o\" title=\"Paro registrado - mes de diciembre de cada a\u00f1o\"\/><\/p>\n<p>En t\u00e9rminos interanuales, el paro ha descendido en 152.048 personas (-5,94%) y suma 56 meses de ca\u00eddas interanuales consecutivas.<\/p>\n<p>El paro por sectores econ\u00f3micos<\/p>\n<p>El paro registrado desciende en los sectores de Servicios en 14.287 personas (-0,81%) y en Agricultura en 1.531 personas (-2,03%) y entre el colectivo Sin Empleo Anterior en 7.725 personas (-3,37%).<\/p>\n<p><img decoding=\"async\" src=\"https:\/\/www.europesays.com\/es\/wp-content\/uploads\/2026\/01\/050126-paro-diciembre2.JPG\" alt=\"Variaci\u00f3n mensual del paro por sectores - Diciembre 2025\" title=\"Variaci\u00f3n mensual del paro por sectores - Diciembre 2025\"\/><\/p>\n<p>Aumenta, por el contrario, en Construcci\u00f3n en 5.568 personas (3,23%) e Industria en 1.684 personas (0,90%).<\/p>\n<p>El paro por sexo y edad<\/p>\n<p>El desempleo femenino disminuye en diciembre en 22.096 mujeres (-1,51%) y se sit\u00faa en un total de 1.443.999 respecto al mes de noviembre. Respecto al mismo mes del a\u00f1o anterior, el paro femenino cay\u00f3 en 87.563 mujeres (-5,72%).<\/p>\n<p><img decoding=\"async\" src=\"https:\/\/www.europesays.com\/es\/wp-content\/uploads\/2026\/01\/050126-paro-diciembre3.JPG\" alt=\"Paro registrado. Mujeres - meses de diciembre\" title=\"Paro registrado. Mujeres - meses de diciembre\"\/><\/p>\n<p>El desempleo masculino se sit\u00faa en 964.671 al ascender en 5.805 hombres (0,61%). Respecto a diciembre de 2024, el paro masculino baja en 64.485 hombres (-6,27%).<\/p>\n<p>El desempleo de los j\u00f3venes menores de 25 a\u00f1os desciende en el mes de diciembre en 11.470 personas (-6,09%) respecto al mes anterior. Hay un total de 176.852 j\u00f3venes registrados. Es la menor cifra de la serie hist\u00f3rica.<\/p>\n<p><img decoding=\"async\" src=\"https:\/\/www.europesays.com\/es\/wp-content\/uploads\/2026\/01\/050126-paro-diciembre4.JPG\" alt=\"Paro registrado menores 25 a\u00f1os - Meses de diciembre\" title=\"Paro registrado menores 25 a\u00f1os - Meses de diciembre\"\/><\/p>\n<p>El paro por comunidades aut\u00f3nomas<\/p>\n<p>El paro registrado en diciembre de 2025 baja en 10 Comunidades Aut\u00f3nomas. Las mayores ca\u00eddas en cifras absolutas se producen en: Andaluc\u00eda (-12.271 personas), Comunidad Valenciana (-2.173 personas) y Comunidad de Madrid (-1.504 personas).<\/p>\n<p><img decoding=\"async\" src=\"https:\/\/www.europesays.com\/es\/wp-content\/uploads\/2026\/01\/050126-paro-diciembre5.JPG\" alt=\"Variaci\u00f3n mensual del paro registrado - Diciembre 2025\" title=\"Variaci\u00f3n mensual del paro registrado - Diciembre 2025\"\/><\/p>\n<p>Contrataci\u00f3n<\/p>\n<p>El n\u00famero total de contratos registrados durante el mes de diciembre ha sido de 1.230.356. De este total 458.808 contratos de trabajo son de car\u00e1cter indefinido y representan el 37,29% de todos los contratos.<\/p>\n<p>Prestaciones por desempleo en noviembre 2025<\/p>\n<p>El total de personas beneficiarias existentes al final del mes de noviembre se situaron en 1.838.267.<\/p>\n<p>La cobertura del sistema de protecci\u00f3n por desempleo durante el mes de noviembre de 2025 ha sido del 81,16%, la mayor en un mes de noviembre de la serie hist\u00f3rica.<\/p>\n<p><img decoding=\"async\" src=\"https:\/\/www.europesays.com\/es\/wp-content\/uploads\/2026\/01\/050126-paro-diciembre6.JPG\" alt=\"Tasa de cobertura prestaciones desempleo - Meses de noviembre\" title=\"Tasa de cobertura prestaciones desempleo - Meses de noviembre\"\/><\/p>\n<p>El gasto medio mensual por persona beneficiaria, sin incluir el subsidio agrario de Andaluc\u00eda y Extremadura, en el mes de noviembre de 2025 ha sido de 1.464,5 euros lo que supone un aumento sobre el mismo mes del a\u00f1o anterior de 334,5 euros (29,6%).<\/p>\n<p>La inversi\u00f3n total de noviembre de 2025 ascendi\u00f3 a 2.037,21 millones de euros.<\/p>\n<p><img decoding=\"async\" src=\"https:\/\/www.europesays.com\/es\/wp-content\/uploads\/2026\/01\/050126-paro-diciembre7.JPG\" alt=\"Evoluci\u00f3n del gasto en prestaciones (millones de euros) - A\u00f1o 2023-2025\" title=\"Evoluci\u00f3n del gasto en prestaciones (millones de euros) - A\u00f1o 2023-2025\"\/><\/p>\n","protected":false},"excerpt":{"rendered":"El n\u00famero de personas desempleadas registradas en las Oficinas del Servicio P\u00fablico de Empleo Estatal (SEPE), al finalizar&hellip;\n","protected":false},"author":2,"featured_media":152412,"comment_status":"","ping_status":"","sticky":false,"template":"","format":"standard","meta":{"footnotes":""},"categories":[8],"tags":[517,17,18,25,24,13,14,11,19,20,9,10,15,16,2330,23,12,58782,21,22],"class_list":{"0":"post-326400","1":"post","2":"type-post","3":"status-publish","4":"format-standard","5":"has-post-thumbnail","7":"category-espana","8":"tag-actualidad","9":"tag-breaking-news","10":"tag-breakingnews","11":"tag-es","12":"tag-espana","13":"tag-featured-news","14":"tag-featurednews","15":"tag-headlines","16":"tag-latest-news","17":"tag-latestnews","18":"tag-news","19":"tag-noticias","20":"tag-noticias-destacadas","21":"tag-noticiasdestacadas","22":"tag-prensa","23":"tag-spain","24":"tag-titulares","25":"tag-trabajo-y-economia-social","26":"tag-ultimas-noticias","27":"tag-ultimasnoticias"},"share_on_mastodon":{"url":"https:\/\/pubeurope.com\/@es\/115849420286765700","error":""},"_links":{"self":[{"href":"https:\/\/www.europesays.com\/es\/wp-json\/wp\/v2\/posts\/326400","targetHints":{"allow":["GET"]}}],"collection":[{"href":"https:\/\/www.europesays.com\/es\/wp-json\/wp\/v2\/posts"}],"about":[{"href":"https:\/\/www.europesays.com\/es\/wp-json\/wp\/v2\/types\/post"}],"author":[{"embeddable":true,"href":"https:\/\/www.europesays.com\/es\/wp-json\/wp\/v2\/users\/2"}],"replies":[{"embeddable":true,"href":"https:\/\/www.europesays.com\/es\/wp-json\/wp\/v2\/comments?post=326400"}],"version-history":[{"count":0,"href":"https:\/\/www.europesays.com\/es\/wp-json\/wp\/v2\/posts\/326400\/revisions"}],"wp:featuredmedia":[{"embeddable":true,"href":"https:\/\/www.europesays.com\/es\/wp-json\/wp\/v2\/media\/152412"}],"wp:attachment":[{"href":"https:\/\/www.europesays.com\/es\/wp-json\/wp\/v2\/media?parent=326400"}],"wp:term":[{"taxonomy":"category","embeddable":true,"href":"https:\/\/www.europesays.com\/es\/wp-json\/wp\/v2\/categories?post=326400"},{"taxonomy":"post_tag","embeddable":true,"href":"https:\/\/www.europesays.com\/es\/wp-json\/wp\/v2\/tags?post=326400"}],"curies":[{"name":"wp","href":"https:\/\/api.w.org\/{rel}","templated":true}]}}