{"id":326476,"date":"2026-01-06T18:51:22","date_gmt":"2026-01-06T18:51:22","guid":{"rendered":"https:\/\/www.europesays.com\/es\/326476\/"},"modified":"2026-01-06T18:51:22","modified_gmt":"2026-01-06T18:51:22","slug":"12-series-espanolas-que-llegan-este-2026-para-convertirse-en-tu-nueva-obsesion","status":"publish","type":"post","link":"https:\/\/www.europesays.com\/es\/326476\/","title":{"rendered":"12 series espa\u00f1olas que llegan este 2026 para convertirse en tu nueva obsesi\u00f3n"},"content":{"rendered":"<p id=\"erugPJ7u9c\" data-wc=\"116\">\u00bfNo sabes qu\u00e9 ver este a\u00f1o y ya te has acabado todo lo de tu lista de imperdibles? Si eres de los que dicen \u201csolo un cap\u00edtulo m\u00e1s\u201d y luego miran el reloj con culpa porque han devorado la temporada entera de una sentada, spoiler: 2026 viene cargado de series espa\u00f1olas llamadas a convertirse en tu pr\u00f3xima obsesi\u00f3n. Esas que empiezas \u201cpor probar\u201d y acabas comentando en el grupo de WhatsApp, recomendando sin que nadie te lo pida y echando de menos cuando no est\u00e1n en pantalla. Aqu\u00ed van algunas de las producciones m\u00e1s prometedoras que est\u00e1n a punto de darle un giro a tus maratones seri\u00e9filos. \u00a1Haz espacio en el sof\u00e1 que esto empieza ya!<\/p>\n<p> Salvador\u00a0(6 de febrero, Netflix)<\/p>\n<p>  <img src=\"https:\/\/www.europesays.com\/es\/wp-content\/uploads\/2026\/01\/d9755dc2086f-salvadors0103122024jaimeolmedodsc5949-b1fullres.jpg\"   width=\"1024\" height=\"682\" loading=\"lazy\" decoding=\"async\" alt=\"Luis Tosar encabeza el reparto de 'Salvador' que llegara a Netflix el 6 de febrero\" fetchpriority=\"auto\" class=\"image ho-image\"\/>\u00a9 Netflix<\/p>\n<p id=\"eoMzZ_fkQ3\">En esta serie de <strong>Aitor Gabilondo (Entrev\u00edas), Luis Tosar<\/strong> es<strong>\u00a0Salvador,\u00a0<\/strong>un padre y conductor de ambulancias que intenta dejar atr\u00e1s su pasado con el alcohol y los errores que cometi\u00f3 con su familia. Durante un enfrentamiento violento entre aficionados de dos clubes de f\u00fatbol, asiste a su hija herida, <strong>Milena (Candela Arestegui)<\/strong>, y descubre que forma parte de los <strong>White Souls<\/strong>, un grupo ultra al que tambi\u00e9n pertenece <strong>Julia (Claudia Salas)\u00a0<\/strong>y que defiende ideas de racismo, violencia y homofobia, totalmente opuestas a todo lo que \u00e9l le ense\u00f1\u00f3. Para protegerla y entender c\u00f3mo lleg\u00f3 hasta ah\u00ed, se ve obligado a adentrarse en un mundo de violencia y radicalizaci\u00f3n juvenil, enfrent\u00e1ndose a situaciones extremas y a la pregunta m\u00e1s dif\u00edcil: \u00bfhasta d\u00f3nde est\u00e1 dispuesto a llegar para descubrir la verdad?<\/p>\n<p> Rafaela y su loco mundo (15 de febrero, Atresplayer)<\/p>\n<p>  <img src=\"https:\/\/www.europesays.com\/es\/wp-content\/uploads\/2026\/01\/d57d993338c9-rafaela-loco-mundo-aterriza-atresplayer-15-febrerook.jpg\"   width=\"1024\" height=\"557\" loading=\"lazy\" decoding=\"async\" alt=\"Prep\u00e1rate para re\u00edr sin parar a partir del 15 de febrero con 'Rafaela y su loco mundo'\" fetchpriority=\"auto\" class=\"image ho-image\"\/>\u00a9 Atresmedia<\/p>\n<p id=\"eGkvWGpQhl1\">En este universo alocado, <strong data-gid=\"ejjumBZ3-q\">Rafaela (Ingrid Garc\u00eda-Jonsson)<\/strong> no es la t\u00edpica adolescente porque tiene una familia \u00abaltamente funcional\u00bb: su madre se disfraza, su padre inventa m\u00e1quinas del tiempo y la abuela\u2026 bueno, es la abuela, con todo lo que eso conlleva. Junto a sus inseparables amigas <strong data-gid=\"erkS6XZJOF2\">Corpus, Chelo\u00a0<\/strong>y <strong data-gid=\"eokIy3K5Si\">Debo (Carlos Areces, An\u00edbal G\u00f3mez<\/strong> y<strong data-gid=\"eD2jVSQMyu\">\u00a0Joaqu\u00edn Reyes)<\/strong> y su caniche, afronta situaciones delirantes y retos imposibles con un objetivo claro: salvar el mundo antes de que se le acabe la adolescencia. Creada por <strong>An\u00edbal\u00a0<\/strong><strong>G\u00f3mez\u00a0<\/strong>y codirigida junto a <strong data-gid=\"eLPYJOuw1t\">Ernesto Sevilla,<\/strong> esta comedia surrealista, con humor chanante y ocho episodios de 20 minutos, mezcla lo absurdo con lo inesperado mientras hacen del caos y la diversi\u00f3n su mejor arma. El reparto se completa con <strong data-gid=\"etRRdPDkpM\">Arturo Valls, Carmen Ruiz, Pepa Cortijo, Laura Weissmahr<\/strong> y <strong data-gid=\"eP9fTUrY-m\">Luis Callejo<\/strong>, adem\u00e1s de cameos como los de <strong data-gid=\"e_tnSiI7EO\">Esty Quesada, Gakian<\/strong> o <strong data-gid=\"e2g5DTjtGh\">Hidrogenesse<\/strong>.<\/p>\n<p> Berl\u00edn y la dama del armi\u00f1o\u00a0&#8211; Temporada 2 (15 de mayo, Netflix)<\/p>\n<p>  <img src=\"https:\/\/www.europesays.com\/es\/wp-content\/uploads\/2025\/12\/48f9e799e22b-berlinylddas0205022025felipehernandezdscf0657-1-a2fullres.jpg\"   width=\"1024\" height=\"682\" loading=\"lazy\" decoding=\"async\" alt=\"Berl\u00edn regresa junto a toda su banda para un nuevo golpe maestro\" fetchpriority=\"auto\" class=\"image ho-image\"\/>\u00a9 Netflix<\/p>\n<p id=\"epfuZII_ob\"><a class=\"hm-link ho-link\" href=\"https:\/\/www.hola.com\/actualidad\/20251220873112\/berlin-y-la-dama-del-armino-netflix-prepara-un-nuevo-golpe-estreno-15-mayo\/\" data-mrf-recirculation=\"article-body-link\" rel=\"nofollow noopener\" target=\"_blank\">La banda de ladrones m\u00e1s famosa de la televisi\u00f3n vuelve<\/a> en este spin-off de <strong>La casa de papel<\/strong>\u00a0 y, esta vez, deja <strong>Par\u00eds\u00a0<\/strong>para instalarse en <strong>Sevilla<\/strong>. <strong>Berl\u00edn\u00a0<\/strong>(<strong>Pedro\u00a0<\/strong><strong>Alonso<\/strong>) y <strong>Dami\u00e1n\u00a0<\/strong>(<strong>Trist\u00e1n\u00a0<\/strong><strong>Ulloa<\/strong>) re\u00fanen a su equipo, que ahora suma a <strong>Candela\u00a0<\/strong>(<strong>Inma\u00a0<\/strong><strong>Cuesta<\/strong>), para ejecutar un golpe que a simple vista parece centrado en robar el famoso cuadro de <strong>Leonardo\u00a0<\/strong><strong>da\u00a0<\/strong><strong>Vinci<\/strong>, <strong>La\u00a0<\/strong><strong>dama\u00a0<\/strong><strong>del\u00a0<\/strong><strong>armi\u00f1o<\/strong>. Pero nada es lo que parece: su verdadero objetivo es el <strong>Duque\u00a0<\/strong><strong>de\u00a0<\/strong><strong>M\u00e1laga\u00a0<\/strong>(<strong>Jos\u00e9\u00a0<\/strong><strong>Luis\u00a0<\/strong><strong>Garc\u00eda\u00a0<\/strong><strong>P\u00e9rez<\/strong>) y su esposa (<strong>Marta\u00a0<\/strong><strong>Nieto<\/strong>), un matrimonio que cree poder chantajear al protagonista. Este desaf\u00edo desatar\u00e1 su lado m\u00e1s oscuro y rencoroso. Para los fans no faltar\u00e1n sorpresas: los nuevos episodios incluyen uno de los cameos m\u00e1s esperados, el del <strong>Profesor<\/strong>, interpretado por <strong>\u00c1lvaro Morte.<\/strong><\/p>\n<p> 33 d\u00edas (Atresplayer)<\/p>\n<p>  <img src=\"https:\/\/www.europesays.com\/es\/wp-content\/uploads\/2026\/01\/58f765d67d0d-atresplayer33das01-1.jpg\"   width=\"1024\" height=\"668\" loading=\"lazy\" decoding=\"async\" alt=\"'33 d\u00edas' cuenta la fuga de dos presos de la c\u00e1rcel de Llleida en 2001\" fetchpriority=\"auto\" class=\"image ho-image\"\/>\u00a9 Atresmedia<\/p>\n<p id=\"eDZoNUNs4o\">Tras su \u00e9xito en el true crime, <strong>Carles\u00a0<\/strong><strong>Porta\u00a0<\/strong>da el salto a la ficci\u00f3n con esta historia basada en hechos reales. La trama sigue la espectacular fuga de dos presos de la c\u00e1rcel de <strong>Ponent\u00a0<\/strong>de <strong>Lleida\u00a0<\/strong>en 2001 que mantuvo en vilo a los <strong>Mossos\u00a0<\/strong><strong>d&#8217;Esquadra\u00a0<\/strong>y a la poblaci\u00f3n durante 33 d\u00edas. Mientras improvisan sobre la marcha y cometen delitos, se revela la intensa relaci\u00f3n que surge entre ellos llena de admiraci\u00f3n, dependencia y tensiones inesperadas. La serie tambi\u00e9n retrata el desgaste de un cuerpo policial reci\u00e9n creado y las cr\u00edticas que enfrentan sus agentes, todo conducido hacia un desenlace sorprendente. Protagonizada por <strong>Jos\u00e9 Manuel Poga<\/strong> y<strong>\u00a0Juli\u00e1n Villagr\u00e1n<\/strong> con <strong>Nausica Bonnin<\/strong> y <strong>Pau Dur\u00e0<\/strong>, a\u00fan no tiene fecha de estreno confirmada, pero es una de las apuestas m\u00e1s esperadas del a\u00f1o.<\/p>\n<p> Ardora (Movistar Plus+)<\/p>\n<p>  <img src=\"https:\/\/www.europesays.com\/es\/wp-content\/uploads\/2025\/12\/bd17085ece10-ardora-javier-gutierrez-carolina-yuste-scaled.jpg\"   width=\"1024\" height=\"682\" loading=\"lazy\" decoding=\"async\" alt=\"Carolina Yuste y Javier Guti\u00e9rrez se unen en 'Ardora', la nueva serie de Movistar Plus+\" fetchpriority=\"auto\" class=\"image ho-image\"\/>\u00a9 Carolina Pacheco \/ Movistar Plus+<\/p>\n<p id=\"esJl_7XgaF\"><a class=\"hm-link ho-link\" href=\"https:\/\/www.hola.com\/actualidad\/20251219872870\/ardora-nueva-serie-de-javier-gutierrez-y-carolina-yuste-para-fans-hierro-rapa\/\" data-mrf-recirculation=\"article-body-link\" rel=\"nofollow noopener\" target=\"_blank\">Carolina Yuste y Javier Guti\u00e9rrez lideran el reparto en esta historia<\/a> de <strong>Pepe Coira<\/strong> y <strong>Fran Ara\u00fajo<\/strong>, creadores de <strong>Rapa\u00a0<\/strong>y <strong>Hierro<\/strong>. <strong>Estela<\/strong> (Yuste), abogada del turno de oficio de<strong>\u00a0A Coru\u00f1a,<\/strong> debe defender a <strong>Aar\u00f3n<\/strong>, un joven problem\u00e1tico acusado de asesinar a un importante empresario local. Al principio, todo apunta a que el caso ser\u00e1 sencillo y que podr\u00e1 dedicar su energ\u00eda a su compleja vida personal, pero pronto descubre que nada es tan f\u00e1cil. Durante el proceso, se enfrenta a <strong>Luis\u00a0<\/strong>(<strong>Guti\u00e9rrez<\/strong>), un comisario de polic\u00eda que tambi\u00e9n atraviesa su propia crisis personal y har\u00e1 todo lo posible por evitar que se descubra la verdad. Est\u00e1 a punto de comenzar su rodaje pero ya se espera como agua de mayo.<\/p>\n<p> Reina roja &#8211; Temporada 2 (Prime Video)<\/p>\n<p>  <img src=\"https:\/\/www.europesays.com\/es\/wp-content\/uploads\/2026\/01\/a43f2e96b9c5-reinaroja.jpg\"   width=\"1024\" height=\"682\" loading=\"lazy\" decoding=\"async\" alt=\"La segunda temporada de 'Reina roja' est\u00e1 basada en el libro 'Loba negra' de Juan G\u00f3mez-Jurado\" fetchpriority=\"auto\" class=\"image ho-image\"\/>\u00a9 Prime Video<\/p>\n<p>  <img src=\"https:\/\/www.europesays.com\/es\/wp-content\/uploads\/2026\/01\/08a136eaa34f-reina-roja-temporada-2-65faaadb1fec8.jpg\"   width=\"1024\" height=\"575\" loading=\"lazy\" decoding=\"async\" alt=\"La segunda temporada de 'Reina roja' est\u00e1 basada en el libro 'Loba negra' de Juan G\u00f3mez-Jurado\" fetchpriority=\"auto\" class=\"image ho-image\"\/>\u00a9 Prime Video<\/p>\n<p id=\"ew5eyXrKrG\">Por fin veremos la nueva entrega de la ficci\u00f3n inspirada en las novelas de <strong>Juan G\u00f3mez-Jurado<\/strong>, que en este caso se basa en <strong>Loba\u00a0<\/strong><strong>negra<\/strong>. <strong>Antonia\u00a0<\/strong><strong>Scott\u00a0<\/strong>(<strong>Vicky\u00a0<\/strong><strong>Luengo<\/strong>), nuestra <strong>Reina r<\/strong><strong>oja\u00a0<\/strong>y la persona m\u00e1s inteligente del planeta, y su escudero <strong>Jon\u00a0<\/strong><strong>Guti\u00e9rrez\u00a0<\/strong>(<strong>Hovik\u00a0<\/strong><strong>Keuchkerian<\/strong>), un polic\u00eda temperamental, se enfrentan a un nuevo crimen relacionado con la mafia rusa en la <strong>Costa\u00a0<\/strong><strong>del\u00a0<\/strong><strong>Sol\u00a0<\/strong>tras la desaparici\u00f3n de <strong>Lola\u00a0<\/strong><strong>Moreno\u00a0<\/strong>(<strong>Adriana\u00a0<\/strong><strong>Torrebejano<\/strong>), esposa de un mafioso que vive en constante huida. Mientras Lola es perseguida por <strong>Loba\u00a0<\/strong><strong>Negra\u00a0<\/strong>(<strong>Javiera\u00a0<\/strong><strong>Sky<\/strong>), una asesina implacable que pondr\u00e1 a prueba la inteligencia de Antonia, y los dos protagonistas descubren que la red de corrupci\u00f3n es m\u00e1s grande de lo que imaginaban. Entre conspiraciones, enga\u00f1os y secretos que tensan su relaci\u00f3n, deber\u00e1n moverse con astucia para protegerse y resolver el misterio. Acci\u00f3n y suspense marcan esta temporada ambientada en <strong>M\u00e1laga,\u00a0<\/strong>donde nada es lo que parece.<\/p>\n<p> In vitro (HBO Max, 3Cat)<\/p>\n<p>  <img src=\"https:\/\/www.europesays.com\/es\/wp-content\/uploads\/2026\/01\/72c758ade6f2-invitrohbo.jpg\"   width=\"1024\" height=\"576\" loading=\"lazy\" decoding=\"async\" alt=\"'In vitro' se adentra en el fascinante mundo de la reproducci\u00f3n asistida\" fetchpriority=\"auto\" class=\"image ho-image\"\/>\u00a9 HBO Max<\/p>\n<p id=\"eLtP44lfCQ\">Esta dramedia se adentra en el fascinante y complejo mundo de la reproducci\u00f3n asistida. <strong>Blanca (Bruna Cus\u00ed)<\/strong>, una bi\u00f3loga de 37 a\u00f1os en plena b\u00fasqueda de sentido personal y profesional, se incorpora como embri\u00f3loga a una peque\u00f1a cl\u00ednica de <strong>Barcelona<\/strong>. All\u00ed se enfrenta a decisiones dif\u00edciles, pacientes muy distintos y un sistema que a veces prioriza la eficacia sobre la empat\u00eda. <strong>H\u00e9ctor (David Verdaguer),<\/strong> su compa\u00f1ero de laboratorio, representa la otra cara del proceso: brillante pero extremadamente racional, su enfoque fr\u00edo choca con la implicaci\u00f3n emocional de Blanca. Juntos lidian con casos \u2014uno diferente en cada cap\u00edtulo\u2014que van desde parejas que buscan un embarazo tard\u00edo hasta familias monoparentales y LGBTQ+ o situaciones como la selecci\u00f3n gen\u00e9tica, el turismo reproductivo y la congelaci\u00f3n de embriones mientras sus diferencias generan tensiones profesionales que pondr\u00e1n a prueba sus certezas.\u00a0<\/p>\n<p> Se tiene que morir mucha gente (Movistar Plus+)<\/p>\n<p>  <img src=\"https:\/\/www.europesays.com\/es\/wp-content\/uploads\/2026\/01\/cb4964db087a-files2025-06-01154711.jpg\"   width=\"1024\" height=\"683\" loading=\"lazy\" decoding=\"async\" alt=\"Macarena Garc\u00eda y Anna Castillo de nuevo juntas tras 'La llamada' y 'Paquita Salas': todo lo que sabemos sobre su nueva serie\" fetchpriority=\"auto\" class=\"image ho-image\"\/>\u00a9 Sara Virumbrales \/ Movistar Plus+<\/p>\n<p id=\"eKWeLaaocI\"><strong>B\u00e1rbara, Maca<\/strong> y <strong>Elena<\/strong> fueron juntas al colegio y, veinte a\u00f1os despu\u00e9s, siguen siendo amigas\u2026 m\u00e1s o menos. B\u00e1rbara es una bomba de relojer\u00eda, atrapada en un trabajo que la frustra y enganchada a las benzodiacepinas; Maca intenta abrirse camino como actriz mientras sobrevive como camarera; y Elena est\u00e1 embarazada tras casarse con un hombre treinta a\u00f1os mayor que ella. Cuando la crisis personal de B\u00e1rbara estalla, la relaci\u00f3n entre las tres se pone a prueba y salen a la superficie la frustraci\u00f3n, los reproches y las contradicciones de una amistad marcada por el paso del tiempo. Inspirada en la novela hom\u00f3nima de <strong>Victoria\u00a0<\/strong><strong>Mart\u00edn, la mitad del d\u00fao Estirando el chicle,<\/strong>y protagonizada por <strong>Anna Castillo, Macarena Garc\u00eda<\/strong> \u2014que vuelven a unirse tras La\u00a0llamada\u00a0y Paquita\u00a0Salas\u2014<strong>\u00a0<\/strong>y <strong>Laura Weissmahr<\/strong>, esta comedia amarga retrata con humor \u00e1cido y mirada generacional la supervivencia emocional en la treintena y los v\u00ednculos que duelen precisamente porque importan.<\/p>\n<p> Sira (Antena 3 \/ Atresplayer\/ Netflix)<\/p>\n<p>  <img src=\"https:\/\/www.europesays.com\/es\/wp-content\/uploads\/2025\/12\/a3737762f322-buendiaestudios.jpg\"   width=\"1024\" height=\"681\" loading=\"lazy\" decoding=\"async\" alt=\"Ya ha arrancado el rodaje de 'Sira' y se espera que llegue en 2026\" fetchpriority=\"auto\" class=\"image ho-image\"\/>\u00a9 @buendiaestudios<\/p>\n<p id=\"eJSK4KhSvd\"><a class=\"hm-link ho-link\" href=\"https:\/\/www.hola.com\/actualidad\/20251207870552\/sira-todo-lo-que-sabemos-sobre-la-secuela-de-el-tiempo-entre-costuras-antena-3\/\" data-mrf-recirculation=\"article-body-link\" rel=\"nofollow noopener\" target=\"_blank\">Inspirada en la novela de Mar\u00eda Due\u00f1as,<\/a><strong>\u00a0<\/strong>la historia retoma el camino de<strong>\u00a0Sira Quiroga,<\/strong> a quien vuelve a dar vida <strong>Adriana Ugarte<\/strong>, cuando la <strong>Segunda Guerra Mundial<\/strong> llega a su fin. Alejada del<strong>\u00a0Servicio Secreto Brit\u00e1nico<\/strong> y dispuesta a empezar una nueva vida junto a <strong>Marcus (Peter Vives)<\/strong>, su futuro parece por fin encarrilado. Pero cuando est\u00e1 a punto de convertirse en madre, un acontecimiento inesperado lo cambia todo. Obligada a sobrevivir para sacar adelante a su hijo, vuelve a reinventarse una vez m\u00e1s. Su viaje la lleva por cuatro ciudades \u2014<strong>Jerusal\u00e9n, Londres, Madrid y T\u00e1nger<\/strong>\u2014 y dos misiones que la sit\u00faan de nuevo en el centro de intrigas pol\u00edticas, espionaje y conspiraciones, movi\u00e9ndose entre el glamour de las altas esferas y los entresijos del poder en plena posguerra. La protagonista se ver\u00e1 inmersa en secretos y desaf\u00edos que pondr\u00e1n a prueba su ingenio, su valent\u00eda\u2026 y su coraz\u00f3n.<\/p>\n<p> Por cien millones (Movistar Plus+)<\/p>\n<p>  <img src=\"https:\/\/www.europesays.com\/es\/wp-content\/uploads\/2026\/01\/da0e273edcba-por-cien-millones-movistar-plus1.jpg\"   width=\"1024\" height=\"754\" loading=\"lazy\" decoding=\"async\" alt=\"'Por cien millones' revive el secuestro que conmocion\u00f3 al f\u00fatbol espa\u00f1ol\" fetchpriority=\"auto\" class=\"image ho-image\"\/>\u00a9 Movistar Plus+<\/p>\n<p id=\"evbW3Ve5g4\">En 1981, tres mec\u00e1nicos de <strong>Zaragoza, Alfonso, Jorge<\/strong> y<strong>\u00a0Gabi<\/strong> \u2014<strong>Ra\u00fal Ar\u00e9valo, Vito Sanz<\/strong> y <strong>Gabriel Guevara<\/strong>\u2014 sin trabajo y ahogados por las deudas, toman una decisi\u00f3n tan desesperada como absurda: secuestrar al m\u00e1ximo goleador de la Liga, <strong>Enrique Castro \u2018Quini\u2019<\/strong>. Tras raptar al delantero del <strong>FC Barcelona<\/strong>, piden 100 millones de pesetas a cambio de su liberaci\u00f3n, convencidos de que el plan ser\u00e1 r\u00e1pido y limpio. Pero pronto descubren, y por las malas, que la vida no es como las pel\u00edculas y que ser malo, cuando en realidad eres buena gente, no es nada f\u00e1cil. Durante 24 d\u00edas, el pa\u00eds entero sigue con atenci\u00f3n un secuestro que paraliza a la afici\u00f3n \u2014aunque no la competici\u00f3n\u2014 y convierte a sus protagonistas en el centro de todas las miradas.<\/p>\n<p> A la deriva\u00a0(Atresplayer)<\/p>\n<p>  <img src=\"https:\/\/www.europesays.com\/es\/wp-content\/uploads\/2026\/01\/36fbd3c1eaff-antena-3a-la-deriva-1.jpg\"   width=\"1024\" height=\"607\" loading=\"lazy\" decoding=\"async\" alt=\"Paula Echevarr\u00eda vuelve a Antena 3 tras 'Velvet' con 'A la deriva'\" fetchpriority=\"auto\" class=\"image ho-image\"\/>\u00a9 Atresmedia<\/p>\n<p id=\"eKlOi4zN8TO\">Ambientada en los a\u00f1os 70, <a class=\"hm-link ho-link\" href=\"https:\/\/www.hola.com\/actualidad\/20251003858353\/paula-echevarria-vuelve-con-fuerza-del-glamour-de-velvet-al-drama-de-un-pueblo-marcado-por-la-tragedia\/\" data-mrf-recirculation=\"article-body-link\" rel=\"nofollow noopener\" target=\"_blank\">esta historia arranca con un suceso<\/a> que marca a todo un pueblo pesquero: el naufragio de un barco en el que desaparecen varios marineros sin que se recupere ning\u00fan cuerpo. <strong>Luc\u00eda (Paula Echevarr\u00eda)<\/strong> es una de las mujeres afectadas pero, tras perder a su marido <strong>H\u00e9ctor (Daniel Grao)<\/strong>, consigue rehacer su vida y encontrar de nuevo el amor junto a <strong>Trist\u00e1n (Michel Noher).<\/strong> Pero dos a\u00f1os despu\u00e9s, cuando el duelo parece cerrado, ocurre lo impensable: cinco de los pescadores regresan con vida. Su vuelta desata la euforia colectiva, pero tambi\u00e9n reabre heridas, destapa secretos y pone en jaque a las mujeres que hab\u00edan aprendido a sobrevivir juntas en un limbo legal y emocional. El regreso de los que todos cre\u00edan muertos lo cambia todo y obliga a replantearse el pasado, el presente y los v\u00ednculos que parec\u00edan consolidados.<\/p>\n<p> Cochinas (Prime Video)<\/p>\n<p>  <img src=\"https:\/\/www.europesays.com\/es\/wp-content\/uploads\/2026\/01\/1e773f5b3d24-cochinasprime.jpg\"   width=\"1024\" height=\"576\" loading=\"lazy\" decoding=\"async\" alt=\"'Cochinas', la nueva comedia de Prime Video con Malena Alterio llegar\u00e1 a la plataforma a lo largo de 2026\" fetchpriority=\"auto\" class=\"image ho-image\"\/>\u00a9 Prime Video<\/p>\n<p id=\"ep1RwYTPfYj\"><strong>Valladolid,<\/strong> 1998. <strong>Nines (Malena Alterio),<\/strong> un ama de casa conservadora, hereda un videoclub en quiebra cuando su marido cae en coma y decide especializarse en el \u00fanico g\u00e9nero que da dinero: el cine para adultos, una decisi\u00f3n muy pr\u00e1ctica pero impensable viniendo de ella. Con <strong>Chon (Celina Mor\u00e1n),<\/strong> su deslenguada empleada, y<strong>\u00a0Agu (\u00c1lvaro Mel)<\/strong>, un cin\u00e9filo empedernido t\u00edmido y peculiar, transforma el \u201cDorothy\u201d en el primer videoclub porno de la ciudad, sacudiendo la rutina del barrio y poniendo a prueba la paciencia de los vecinos mientras cada uno de ellos descubre su propia forma de liberarse y aceptarse a s\u00ed mismo.<\/p>\n","protected":false},"excerpt":{"rendered":"\u00bfNo sabes qu\u00e9 ver este a\u00f1o y ya te has acabado todo lo de tu lista de imperdibles?&hellip;\n","protected":false},"author":2,"featured_media":297459,"comment_status":"","ping_status":"","sticky":false,"template":"","format":"standard","meta":{"footnotes":""},"categories":[171],"tags":[517,4040,7065,146,147,25,24,11943,303,152,13086,23,807,214],"class_list":{"0":"post-326476","1":"post","2":"type-post","3":"status-publish","4":"format-standard","5":"has-post-thumbnail","7":"category-tv","8":"tag-actualidad","9":"tag-antena-3","10":"tag-el-buscador-de-series","11":"tag-entertainment","12":"tag-entretenimiento","13":"tag-es","14":"tag-espana","15":"tag-hbo","16":"tag-movistar","17":"tag-netflix","18":"tag-prime-video","19":"tag-spain","20":"tag-television","21":"tag-tv"},"share_on_mastodon":{"url":"https:\/\/pubeurope.com\/@es\/115849664368380611","error":""},"_links":{"self":[{"href":"https:\/\/www.europesays.com\/es\/wp-json\/wp\/v2\/posts\/326476","targetHints":{"allow":["GET"]}}],"collection":[{"href":"https:\/\/www.europesays.com\/es\/wp-json\/wp\/v2\/posts"}],"about":[{"href":"https:\/\/www.europesays.com\/es\/wp-json\/wp\/v2\/types\/post"}],"author":[{"embeddable":true,"href":"https:\/\/www.europesays.com\/es\/wp-json\/wp\/v2\/users\/2"}],"replies":[{"embeddable":true,"href":"https:\/\/www.europesays.com\/es\/wp-json\/wp\/v2\/comments?post=326476"}],"version-history":[{"count":0,"href":"https:\/\/www.europesays.com\/es\/wp-json\/wp\/v2\/posts\/326476\/revisions"}],"wp:featuredmedia":[{"embeddable":true,"href":"https:\/\/www.europesays.com\/es\/wp-json\/wp\/v2\/media\/297459"}],"wp:attachment":[{"href":"https:\/\/www.europesays.com\/es\/wp-json\/wp\/v2\/media?parent=326476"}],"wp:term":[{"taxonomy":"category","embeddable":true,"href":"https:\/\/www.europesays.com\/es\/wp-json\/wp\/v2\/categories?post=326476"},{"taxonomy":"post_tag","embeddable":true,"href":"https:\/\/www.europesays.com\/es\/wp-json\/wp\/v2\/tags?post=326476"}],"curies":[{"name":"wp","href":"https:\/\/api.w.org\/{rel}","templated":true}]}}