{"id":326483,"date":"2026-01-06T18:55:08","date_gmt":"2026-01-06T18:55:08","guid":{"rendered":"https:\/\/www.europesays.com\/es\/326483\/"},"modified":"2026-01-06T18:55:08","modified_gmt":"2026-01-06T18:55:08","slug":"la-incidencia-de-gripe-en-catalunya-sigue-a-la-baja-pero-por-encima-del-nivel-moderado-de-transmision","status":"publish","type":"post","link":"https:\/\/www.europesays.com\/es\/326483\/","title":{"rendered":"La incidencia de gripe en Catalunya sigue a la baja pero por encima del nivel moderado de transmisi\u00f3n"},"content":{"rendered":"<p class=\"ft-text\">La<strong> incidencia estimada de la gripe en Catalunya <\/strong>contin\u00faa en descenso durante la primera semana epidemiol\u00f3gica de 2026, del 29 de diciembre de 2025 al 4 de enero, \u00abtras haber superado el pico epid\u00e9mico\u00bb, situ\u00e1ndose por encima del nivel moderado de transmisi\u00f3n, con 248 casos por cada 100.000 habitantes.<\/p>\n<p class=\"ft-text\">La semana anterior la cifra era de 236 casos por cada 100.000 habitantes, tambi\u00e9n por encima del nivel moderado de transmisi\u00f3n, seg\u00fan datos del Sistema d&#8217;Informaci\u00f3 per a la Vigil\u00e0ncia d&#8217;Infeccions a Catalunya (Sivic).<\/p>\n<p class=\"ft-text\">El <strong>subtipo de gripe predominante es el A(H3N2) variante K (87%) <\/strong>por encima del A(H1N1pdm09) (4,3%), seg\u00fan los \u00faltimos datos disponibles, correspondientes a la semana 51. La incidencia del conjunto de las infecciones agudas respiratorias (IRA) es de 635 afectados por 100.000 habitantes, equivalente a 51.502 casos de IRA, situ\u00e1ndose por debajo del nivel basal de transmisi\u00f3n.<\/p>\n<p class=\"ft-text\">La distribuci\u00f3n de virus muestra la gripe como el m\u00e1s predominante (39,1% de las muestras), seguido del rinovirus (16,2%) y del virus respiratorio sincicial (VRS), responsable de la bronquiolitis (10,1%), mientras en ni\u00f1os la positividad de los multitests muestran la gripe A como m\u00e1s circulante (37,3%), seguido del VRS (14,8%).<\/p>\n<p class=\"ft-text\">El VRS registra un aumento esta semana, poni\u00e9ndose por encima del nivel basal, con una incidencia estimada de 64 casos por 100.000 habitantes. El Sars-Cov2 (Covid) se mantiene estable a niveles bajos de transmisi\u00f3n y en la semana 50 predomina la circulaci\u00f3n del subtipo del XFG (100%).<\/p>\n<p class=\"ft-text\">Los<strong> ingresos en camas convencionales han registrado tambi\u00e9n un descenso <\/strong>esta semana, siendo el 76% de los ingresos por gripe en mayores de 60 a\u00f1os, y el 43% de los de VRS en menores de 4 a\u00f1os.<\/p>\n<p>Vacunaci\u00f3n<\/p>\n<p class=\"ft-text\">La cobertura vacunal frente a la gripe es del 67% para mayores de 80 a\u00f1os y del 54% para personas de 70-79 a\u00f1os, mientras que frente al Covid-19 es del 55% en mayores de 80 y del 39% en personas de 70-79 a\u00f1os.<\/p>\n<p class=\"ft-text\">Entre los ni\u00f1os de 6-59 meses, la cobertura frente a la gripe es del 42%, y frente al VRS, la cobertura acumulada es del 94,2% (para los nacidos de abril a septiembre) y del 87,9% (de octubre a mayo), lo que representa una cobertura total del 92,5%.<\/p>\n","protected":false},"excerpt":{"rendered":"La incidencia estimada de la gripe en Catalunya contin\u00faa en descenso durante la primera semana epidemiol\u00f3gica de 2026,&hellip;\n","protected":false},"author":2,"featured_media":326484,"comment_status":"","ping_status":"","sticky":false,"template":"","format":"standard","meta":{"footnotes":""},"categories":[92],"tags":[6814,7800,25,24,7749,165,6138,2273,166,1262,23,1454,2275],"class_list":{"0":"post-326483","1":"post","2":"type-post","3":"status-publish","4":"format-standard","5":"has-post-thumbnail","7":"category-salud","8":"tag-baja","9":"tag-catalunya","10":"tag-es","11":"tag-espana","12":"tag-gripe","13":"tag-health","14":"tag-hospitales","15":"tag-incidencia","16":"tag-salud","17":"tag-sigue","18":"tag-spain","19":"tag-vacunas","20":"tag-virus"},"share_on_mastodon":{"url":"https:\/\/pubeurope.com\/@es\/115849679577721141","error":""},"_links":{"self":[{"href":"https:\/\/www.europesays.com\/es\/wp-json\/wp\/v2\/posts\/326483","targetHints":{"allow":["GET"]}}],"collection":[{"href":"https:\/\/www.europesays.com\/es\/wp-json\/wp\/v2\/posts"}],"about":[{"href":"https:\/\/www.europesays.com\/es\/wp-json\/wp\/v2\/types\/post"}],"author":[{"embeddable":true,"href":"https:\/\/www.europesays.com\/es\/wp-json\/wp\/v2\/users\/2"}],"replies":[{"embeddable":true,"href":"https:\/\/www.europesays.com\/es\/wp-json\/wp\/v2\/comments?post=326483"}],"version-history":[{"count":0,"href":"https:\/\/www.europesays.com\/es\/wp-json\/wp\/v2\/posts\/326483\/revisions"}],"wp:featuredmedia":[{"embeddable":true,"href":"https:\/\/www.europesays.com\/es\/wp-json\/wp\/v2\/media\/326484"}],"wp:attachment":[{"href":"https:\/\/www.europesays.com\/es\/wp-json\/wp\/v2\/media?parent=326483"}],"wp:term":[{"taxonomy":"category","embeddable":true,"href":"https:\/\/www.europesays.com\/es\/wp-json\/wp\/v2\/categories?post=326483"},{"taxonomy":"post_tag","embeddable":true,"href":"https:\/\/www.europesays.com\/es\/wp-json\/wp\/v2\/tags?post=326483"}],"curies":[{"name":"wp","href":"https:\/\/api.w.org\/{rel}","templated":true}]}}