{"id":326491,"date":"2026-01-06T18:59:16","date_gmt":"2026-01-06T18:59:16","guid":{"rendered":"https:\/\/www.europesays.com\/es\/326491\/"},"modified":"2026-01-06T18:59:16","modified_gmt":"2026-01-06T18:59:16","slug":"reacciones-detencion-de-maduro-y-respuesta-internacional","status":"publish","type":"post","link":"https:\/\/www.europesays.com\/es\/326491\/","title":{"rendered":"reacciones, detenci\u00f3n de Maduro y respuesta internacional"},"content":{"rendered":"<p>Espa\u00f1a pide a Delcy Rodr\u00edguez la liberaci\u00f3n de los presos pol\u00edticos espa\u00f1oles en Venezuela<\/p>\n<p>El Gobierno espa\u00f1ol ha pedido a la nueva presidenta encargada de Venezuela, Delcy Rodr\u00edguez, la liberaci\u00f3n inmediata de los presos pol\u00edticos espa\u00f1oles en ese pa\u00eds, seg\u00fan han confirmado a EFE fuentes del Ministerio de Asuntos Exteriores.<\/p>\n<p>La gesti\u00f3n se ha realizado tras la asunci\u00f3n del poder en Venezuela de la hasta ahora vicepresidenta, que jur\u00f3 ayer su cargo ante la Asamblea Nacional despu\u00e9s de que su antecesor Nicol\u00e1s Maduro fuera apresado el s\u00e1bado por fuerzas norteamericanas y conducido a los Estados Unidos.<\/p>\n<p>Las mismas fuentes han indicado que la petici\u00f3n se ha hecho a trav\u00e9s de una \u00abnota verbal\u00bb enviada al Gobierno venezolano como modo a insistir, en esta nueva circunstancia, en que Espa\u00f1a \u00abno va a cejar\u00bb en sus esfuerzos para lograr la liberaci\u00f3n de los presos.<\/p>\n<p>El Gobierno espa\u00f1ol, muy cr\u00edtico con el ataque estadounidense, ya hab\u00eda anunciado este lunes a trav\u00e9s del ministro de Exteriores, Jos\u00e9 Manuel Albares, que se dispon\u00eda a hablar con Delcy Rodr\u00edguez.<\/p>\n<p>Albares explic\u00f3 que Espa\u00f1a tiene distintos intereses en Venezuela, tambi\u00e9n empresariales, adem\u00e1s de una colonia de unos 200.000 espa\u00f1oles, y que tambi\u00e9n busca la liberaci\u00f3n de todos los presos pol\u00edticos espa\u00f1oles.<\/p>\n<p>Asimismo anunci\u00f3 que seguir\u00e1n manteniendo la interlocuci\u00f3n con la oposici\u00f3n venezolana para conseguir un di\u00e1logo que posibilite la estabilidad.<\/p>\n<p>Entre 14 y 20 espa\u00f1oles se encontraban presos en Venezuela por causas pol\u00edticas o consideradas arbitrarias hacia finales de 2025.<\/p>\n<p>El Gobierno de Espa\u00f1a confirm\u00f3 que catorce personas con nacionalidad espa\u00f1ola permanec\u00edan detenidas \u201carbitrariamente\u201d en c\u00e1rceles de Venezuela, la mayor\u00eda con doble nacionalidad y nacidas o residentes en ese pa\u00eds.<\/p>\n","protected":false},"excerpt":{"rendered":"Espa\u00f1a pide a Delcy Rodr\u00edguez la liberaci\u00f3n de los presos pol\u00edticos espa\u00f1oles en Venezuela El Gobierno espa\u00f1ol ha&hellip;\n","protected":false},"author":2,"featured_media":326492,"comment_status":"","ping_status":"","sticky":false,"template":"","format":"standard","meta":{"footnotes":""},"categories":[42],"tags":[17,18,13,14,11,61,62,63,64,19,20,9,10,15,16,12,21,22,65,66,67],"class_list":{"0":"post-326491","1":"post","2":"type-post","3":"status-publish","4":"format-standard","5":"has-post-thumbnail","7":"category-internacional","8":"tag-breaking-news","9":"tag-breakingnews","10":"tag-featured-news","11":"tag-featurednews","12":"tag-headlines","13":"tag-internacional","14":"tag-international","15":"tag-international-news","16":"tag-internationalnews","17":"tag-latest-news","18":"tag-latestnews","19":"tag-news","20":"tag-noticias","21":"tag-noticias-destacadas","22":"tag-noticiasdestacadas","23":"tag-titulares","24":"tag-ultimas-noticias","25":"tag-ultimasnoticias","26":"tag-world","27":"tag-world-news","28":"tag-worldnews"},"share_on_mastodon":{"url":"https:\/\/pubeurope.com\/@es\/115849695249199753","error":""},"_links":{"self":[{"href":"https:\/\/www.europesays.com\/es\/wp-json\/wp\/v2\/posts\/326491","targetHints":{"allow":["GET"]}}],"collection":[{"href":"https:\/\/www.europesays.com\/es\/wp-json\/wp\/v2\/posts"}],"about":[{"href":"https:\/\/www.europesays.com\/es\/wp-json\/wp\/v2\/types\/post"}],"author":[{"embeddable":true,"href":"https:\/\/www.europesays.com\/es\/wp-json\/wp\/v2\/users\/2"}],"replies":[{"embeddable":true,"href":"https:\/\/www.europesays.com\/es\/wp-json\/wp\/v2\/comments?post=326491"}],"version-history":[{"count":0,"href":"https:\/\/www.europesays.com\/es\/wp-json\/wp\/v2\/posts\/326491\/revisions"}],"wp:featuredmedia":[{"embeddable":true,"href":"https:\/\/www.europesays.com\/es\/wp-json\/wp\/v2\/media\/326492"}],"wp:attachment":[{"href":"https:\/\/www.europesays.com\/es\/wp-json\/wp\/v2\/media?parent=326491"}],"wp:term":[{"taxonomy":"category","embeddable":true,"href":"https:\/\/www.europesays.com\/es\/wp-json\/wp\/v2\/categories?post=326491"},{"taxonomy":"post_tag","embeddable":true,"href":"https:\/\/www.europesays.com\/es\/wp-json\/wp\/v2\/tags?post=326491"}],"curies":[{"name":"wp","href":"https:\/\/api.w.org\/{rel}","templated":true}]}}