{"id":326493,"date":"2026-01-06T19:01:21","date_gmt":"2026-01-06T19:01:21","guid":{"rendered":"https:\/\/www.europesays.com\/es\/326493\/"},"modified":"2026-01-06T19:01:21","modified_gmt":"2026-01-06T19:01:21","slug":"endesa-inspira-vocaciones-stem-a-mas-de-1-000-estudiantes-de-secundaria-a-traves-del-explora-tu-futuro-2-0","status":"publish","type":"post","link":"https:\/\/www.europesays.com\/es\/326493\/","title":{"rendered":"Endesa inspira vocaciones STEM a m\u00e1s de 1.000 estudiantes de secundaria a trav\u00e9s del \u00abExplora tu futuro 2.0\u00bb"},"content":{"rendered":"<p>Endesa ha cerrado con \u00e9xito la primera edici\u00f3n de <strong>\u201cExplora tu Futuro 2.0\u201d<\/strong>, un programa desarrollado junto a la <strong>Fundaci\u00f3n Universidad-Empresa<\/strong> con el que ha inspirado a m\u00e1s de <strong>1.000 estudiantes de 4\u00ba de la ESO <\/strong>a descubrir el potencial de las carreras STEM (acr\u00f3nimo en ingl\u00e9s de ciencias, tecnolog\u00eda, ingenier\u00eda y matem\u00e1ticas) como motor de cambio, innovaci\u00f3n y oportunidad profesional. Este proyecto no busca simplemente \u201cinformar\u201d sobre las carreras STEM, sino <strong>generar una experiencia transformadora para el alumnado<\/strong>, creando un espacio donde los estudiantes puedan ver la ciencia con otros ojos: desde la pr\u00e1ctica, la cercan\u00eda y la utilidad.<\/p>\n<p>Iniciativas como esta cobran especial relevancia en un contexto en el que la <strong>demanda de perfiles t\u00e9cnicos e ingenieros es cada vez mayor<\/strong> por parte de las empresas, en l\u00ednea con los objetivos ligados a la digitalizaci\u00f3n y la transici\u00f3n energ\u00e9tica. Seg\u00fan datos del Informe Observatorio de la Ingenier\u00eda, el 98% de los 750.000 profesionales de la ingenier\u00eda est\u00e1 ocupado, un 87% de ellos trabajando en alguna actividad relacionada con la ingenier\u00eda. Solo el 20% del total son ingenieras.<\/p>\n<p>Desde su lanzamiento en el marco de <strong>Madrid Motor Student<\/strong>, a finales de septiembre en Madrid, la iniciativa ha combinado <strong>encuentros presenciales<\/strong> <strong>en centros educativos de Madrid y Sevilla<\/strong> con <strong>varios webinars online tem\u00e1ticos<\/strong>, moderados por el conocido presentador \u00d3scar Mart\u00ednez, creando espacios din\u00e1micos donde los j\u00f3venes han podido experimentar la ciencia y la tecnolog\u00eda de forma pr\u00e1ctica y cercana, a trav\u00e9s de testimonios reales, actividades participativas y referentes inspiradores.<\/p>\n<p>Las sesiones celebradas en los centros <strong>Everest School Monteclaro<\/strong>, en Pozuelo de Alarc\u00f3n (Madrid), y en <strong>St. Mary\u2019s School<\/strong>, en Sevilla, contaron con la participaci\u00f3n de profesionales de Endesa y docentes universitarios que compartieron experiencias reales y mostraron c\u00f3mo los conceptos que se estudian en clase se traducen en soluciones para la eficiencia energ\u00e9tica, la digitalizaci\u00f3n o la sostenibilidad.<\/p>\n<p>En conjunto, <strong>\u201cExplora tu futuro 2.0\u201d<\/strong> ha alcanzado a una <strong>veintena de centros educativos<\/strong> y <strong>m\u00e1s de 1.000 estudiantes <\/strong>(524 alumnas y 538 alumnos) a trav\u00e9s de estas citas presenciales y sus webinars centrados en Ingenier\u00eda Industrial, Matem\u00e1ticas y Datos, F\u00edsica y Qu\u00edmica e Ingenier\u00eda Inform\u00e1tica y de Telecomunicaciones<\/p>\n<p>Adem\u00e1s, los estudiantes tuvieron la oportunidad de conocer de primera mano <a href=\"https:\/\/youtu.be\/F2-GNO0lx8w?si=AIT1aoCutWLjmXEx\" rel=\"nofollow noopener\" target=\"_blank\">RetoTech<\/a>, <strong>la iniciativa de la Fundaci\u00f3n Endesa<\/strong>, que impulsa las vocaciones STEM entre estudiantes mediante la rob\u00f3tica y la programaci\u00f3n y que este a\u00f1o celebra su <strong>XI edici\u00f3n<\/strong>.\u00a0<\/p>\n","protected":false},"excerpt":{"rendered":"Endesa ha cerrado con \u00e9xito la primera edici\u00f3n de \u201cExplora tu Futuro 2.0\u201d, un programa desarrollado junto a&hellip;\n","protected":false},"author":2,"featured_media":326494,"comment_status":"","ping_status":"","sticky":false,"template":"","format":"standard","meta":{"footnotes":""},"categories":[8],"tags":[17,18,25,24,13,14,11,19,20,9,10,15,16,23,12,21,22],"class_list":{"0":"post-326493","1":"post","2":"type-post","3":"status-publish","4":"format-standard","5":"has-post-thumbnail","7":"category-espana","8":"tag-breaking-news","9":"tag-breakingnews","10":"tag-es","11":"tag-espana","12":"tag-featured-news","13":"tag-featurednews","14":"tag-headlines","15":"tag-latest-news","16":"tag-latestnews","17":"tag-news","18":"tag-noticias","19":"tag-noticias-destacadas","20":"tag-noticiasdestacadas","21":"tag-spain","22":"tag-titulares","23":"tag-ultimas-noticias","24":"tag-ultimasnoticias"},"share_on_mastodon":{"url":"https:\/\/pubeurope.com\/@es\/115849703326836235","error":""},"_links":{"self":[{"href":"https:\/\/www.europesays.com\/es\/wp-json\/wp\/v2\/posts\/326493","targetHints":{"allow":["GET"]}}],"collection":[{"href":"https:\/\/www.europesays.com\/es\/wp-json\/wp\/v2\/posts"}],"about":[{"href":"https:\/\/www.europesays.com\/es\/wp-json\/wp\/v2\/types\/post"}],"author":[{"embeddable":true,"href":"https:\/\/www.europesays.com\/es\/wp-json\/wp\/v2\/users\/2"}],"replies":[{"embeddable":true,"href":"https:\/\/www.europesays.com\/es\/wp-json\/wp\/v2\/comments?post=326493"}],"version-history":[{"count":0,"href":"https:\/\/www.europesays.com\/es\/wp-json\/wp\/v2\/posts\/326493\/revisions"}],"wp:featuredmedia":[{"embeddable":true,"href":"https:\/\/www.europesays.com\/es\/wp-json\/wp\/v2\/media\/326494"}],"wp:attachment":[{"href":"https:\/\/www.europesays.com\/es\/wp-json\/wp\/v2\/media?parent=326493"}],"wp:term":[{"taxonomy":"category","embeddable":true,"href":"https:\/\/www.europesays.com\/es\/wp-json\/wp\/v2\/categories?post=326493"},{"taxonomy":"post_tag","embeddable":true,"href":"https:\/\/www.europesays.com\/es\/wp-json\/wp\/v2\/tags?post=326493"}],"curies":[{"name":"wp","href":"https:\/\/api.w.org\/{rel}","templated":true}]}}