{"id":326524,"date":"2026-01-06T19:26:13","date_gmt":"2026-01-06T19:26:13","guid":{"rendered":"https:\/\/www.europesays.com\/es\/326524\/"},"modified":"2026-01-06T19:26:13","modified_gmt":"2026-01-06T19:26:13","slug":"cambio-de-formato-del-certificado-internacional-de-vacunacion-contra-la-fiebre-amarilla-y-su-validez","status":"publish","type":"post","link":"https:\/\/www.europesays.com\/es\/326524\/","title":{"rendered":"Cambio de formato del certificado internacional de vacunaci\u00f3n contra la fiebre amarilla y su validez"},"content":{"rendered":"<ul>&#13;<\/p>\n<li>Los certificados internacionales en color blanco y amarillo tienen la misma validez legal y sanitaria.<\/li>\n<p>&#13;\n<\/ul>\n<p>\u00a0<\/p>\n<p><strong>Santiago de Cali, 6 de enero de 2026<\/strong><\/p>\n<p>Viajar informado y protegido es fundamental. Por ello, la Secretar\u00eda de Salud P\u00fablica Distrital de Santiago de Cali invita a la ciudadan\u00eda a conocer y verificar su certificado internacional de vacunaci\u00f3n contra la fiebre amarilla, un documento clave tanto para el ingreso a pa\u00edses con riesgo de transmisi\u00f3n como para la protecci\u00f3n de la salud individual y colectiva.<\/p>\n<p>En este sentido, se informa que el carn\u00e9 internacional de vacunaci\u00f3n contra la fiebre amarilla ha presentado un cambio en su formato, pasando del color amarillo al color blanco. Es importante precisar que este cambio <strong>no afecta en ning\u00fan caso la validez del documento<\/strong>. Los certificados internacionales en color blanco tienen la misma validez legal y sanitaria que los expedidos anteriormente.<\/p>\n<p>El carn\u00e9 internacional es v\u00e1lido siempre que incluya de manera visible el texto <strong>\u201cCertificado Internacional de Vacunaci\u00f3n\u201d<\/strong>, junto con la informaci\u00f3n completa, correcta y legible. La autoridad sanitaria reitera que la validez del documento <strong>no depende del color del carn\u00e9<\/strong>, es decir, que ambos carn\u00e9s, el amarillo y el blanco, tienen la misma validez legal y sanitaria, sino de los datos registrados y de la vacuna aplicada.<\/p>\n<p>\u201cEl carn\u00e9 internacional de fiebre amarilla cuenta con un nuevo formato de color blanco, que tiene la misma informaci\u00f3n y validez que el carn\u00e9 tradicional de color amarillo. Ambos carn\u00e9s, el blanco y el amarillo, son v\u00e1lidos siempre que est\u00e9n firmados por un profesional de la salud\u201d, afirmo Germ\u00e1n Escobar Morales, secretario de Salud P\u00fablica de Cali<\/p>\n<p><strong>Para que el carn\u00e9 sea v\u00e1lido, debe contener:<\/strong><\/p>\n<ul>&#13;<\/p>\n<li>Nombre completo de la persona vacunada<\/li>\n<p>&#13;<\/p>\n<li>Fecha de vacunaci\u00f3n<\/li>\n<p>&#13;<\/p>\n<li>Dosis aplicada<\/li>\n<p>&#13;<\/p>\n<li>Firma del profesional de salud<\/li>\n<p>&#13;<\/p>\n<li>Sello del centro de vacunaci\u00f3n<\/li>\n<p>&#13;\n<\/ul>\n<p>Contar con este documento en regla es fundamental para viajar a pa\u00edses con zonas end\u00e9micas de fiebre amarilla, as\u00ed como para realizar tr\u00e1mites de salud que lo requieran. Es, en la pr\u00e1ctica, un verdadero pasaporte de protecci\u00f3n internacional.<\/p>\n<p><strong>Tip PAI: cuida tu carn\u00e9, cuida tu salud.<\/strong><\/p>\n<p>Desde el Programa Ampliado de Inmunizaci\u00f3n (PAI), se recomienda a la ciudadan\u00eda:<\/p>\n<ul>&#13;<\/p>\n<li>Conservar el carn\u00e9 en buen estado, evitando deterioro o p\u00e9rdida.<\/li>\n<p>&#13;<\/p>\n<li>Presentarlo al viajar a pa\u00edses con riesgo de fiebre amarilla o cuando sea requerido en tr\u00e1mites de salud.<\/li>\n<p>&#13;<\/p>\n<li>Realizar la transcripci\u00f3n del carn\u00e9 \u00fanicamente en la IPS vacunadora m\u00e1s cercana, si se requiere actualizar o validar la informaci\u00f3n.<\/li>\n<p>&#13;\n<\/ul>\n<p><strong>Vac\u00fanate contra la fiebre amarilla<\/strong><\/p>\n<p>La fiebre amarilla es una enfermedad viral grave que puede prevenirse de manera eficaz mediante la vacunaci\u00f3n. Contar con la vacuna y con el carn\u00e9 correctamente diligenciado es una medida clave de prevenci\u00f3n y de responsabilidad individual.<\/p>\n<p>La Secretar\u00eda de Salud P\u00fablica invita a la ciudadan\u00eda a consultar, <strong>haciendo clic <\/strong><a href=\"https:\/\/docs.google.com\/spreadsheets\/d\/1lLCGnkScF9bO8dH_Y2BzszViWccHz0mo\/edit?gid=1842144618#gid=1842144618\" target=\"_blank\" rel=\"nofollow noopener\"><strong>aqu\u00ed<\/strong><\/a>, su IPS de vacunaci\u00f3n m\u00e1s cercana y a informarse por los canales oficiales, para viajar con tranquilidad y protecci\u00f3n.<\/p>\n<p><strong>\u00a1Vac\u00fanate! Por ti, por m\u00ed, por todos.<\/strong><\/p>\n<p>Te puede interesar: <a href=\"https:\/\/www.cali.gov.co\/boletines\/publicaciones\/190827\/este-es-el-balance-de-personas-lesionadas-por-polvora-durante-temporada-de-fin-de-ano\/\" target=\"_blank\" rel=\"nofollow noopener\">Este es el balance de personas lesionadas por p\u00f3lvora durante temporada de fin de a\u00f1o<\/a><\/p>\n<p>\u00a0<\/p>\n<p>\u00a0<\/p>\n<p>\u00a0<\/p>\n<p>\u00a0<\/p>\n<p><strong>Comunicaciones Secretar\u00eda de Salud P\u00fablica<\/strong><\/p>\n","protected":false},"excerpt":{"rendered":"&#13; Los certificados internacionales en color blanco y amarillo tienen la misma validez legal y sanitaria. &#13; \u00a0&hellip;\n","protected":false},"author":2,"featured_media":326525,"comment_status":"","ping_status":"","sticky":false,"template":"","format":"standard","meta":{"footnotes":""},"categories":[5],"tags":[17,18,25,24,13,14,11,19,20,9,10,15,16,23,12,21,22],"class_list":{"0":"post-326524","1":"post","2":"type-post","3":"status-publish","4":"format-standard","5":"has-post-thumbnail","7":"category-titulares","8":"tag-breaking-news","9":"tag-breakingnews","10":"tag-es","11":"tag-espana","12":"tag-featured-news","13":"tag-featurednews","14":"tag-headlines","15":"tag-latest-news","16":"tag-latestnews","17":"tag-news","18":"tag-noticias","19":"tag-noticias-destacadas","20":"tag-noticiasdestacadas","21":"tag-spain","22":"tag-titulares","23":"tag-ultimas-noticias","24":"tag-ultimasnoticias"},"share_on_mastodon":{"url":"https:\/\/pubeurope.com\/@es\/115849801368785904","error":""},"_links":{"self":[{"href":"https:\/\/www.europesays.com\/es\/wp-json\/wp\/v2\/posts\/326524","targetHints":{"allow":["GET"]}}],"collection":[{"href":"https:\/\/www.europesays.com\/es\/wp-json\/wp\/v2\/posts"}],"about":[{"href":"https:\/\/www.europesays.com\/es\/wp-json\/wp\/v2\/types\/post"}],"author":[{"embeddable":true,"href":"https:\/\/www.europesays.com\/es\/wp-json\/wp\/v2\/users\/2"}],"replies":[{"embeddable":true,"href":"https:\/\/www.europesays.com\/es\/wp-json\/wp\/v2\/comments?post=326524"}],"version-history":[{"count":0,"href":"https:\/\/www.europesays.com\/es\/wp-json\/wp\/v2\/posts\/326524\/revisions"}],"wp:featuredmedia":[{"embeddable":true,"href":"https:\/\/www.europesays.com\/es\/wp-json\/wp\/v2\/media\/326525"}],"wp:attachment":[{"href":"https:\/\/www.europesays.com\/es\/wp-json\/wp\/v2\/media?parent=326524"}],"wp:term":[{"taxonomy":"category","embeddable":true,"href":"https:\/\/www.europesays.com\/es\/wp-json\/wp\/v2\/categories?post=326524"},{"taxonomy":"post_tag","embeddable":true,"href":"https:\/\/www.europesays.com\/es\/wp-json\/wp\/v2\/tags?post=326524"}],"curies":[{"name":"wp","href":"https:\/\/api.w.org\/{rel}","templated":true}]}}