{"id":326551,"date":"2026-01-06T19:47:12","date_gmt":"2026-01-06T19:47:12","guid":{"rendered":"https:\/\/www.europesays.com\/es\/326551\/"},"modified":"2026-01-06T19:47:12","modified_gmt":"2026-01-06T19:47:12","slug":"la-justicia-de-eeuu-admite-ahora-que-el-cartel-de-los-soles-de-venezuela-no-es-un-grupo-real","status":"publish","type":"post","link":"https:\/\/www.europesays.com\/es\/326551\/","title":{"rendered":"La justicia de EEUU admite ahora que el C\u00e1rtel de los Soles de Venezuela no es un grupo real"},"content":{"rendered":"<p class=\"article-text\">\n        El Departamento de Justicia de EEUU ha eliminado gran parte de las alusiones al llamado C\u00e1rtel de los Soles en la nueva imputaci\u00f3n contra Nicol\u00e1s Maduro. Es m\u00e1s, en el nuevo texto, ya no lo se\u00f1ala como l\u00edder de esta organizaci\u00f3n fantasma que Donald Trump usaba para acorralar y sentar las bases para sacar del poder al l\u00edder venezolano que el lunes se declar\u00f3 inocente ante el juez en Nueva York: <a href=\"https:\/\/www.eldiario.es\/internacional\/maduro-declara-inocente-juez-nueva-york_1_12887469.html\" target=\"_blank\" data-mrf-recirculation=\"links-noticia\" class=\"link\" rel=\"nofollow noopener\">\u201cSoy presidente de Venezuela y estoy secuestrado\u201d<\/a>.\n    <\/p>\n<p>    <a href=\"https:\/\/www.eldiario.es\/internacional\/maduro-declara-inocente-juez-nueva-york_1_12887469.html\" data-mrf-recirculation=\"saber-mas\" data-dl-event=\"saber-mas\" rel=\"nofollow noopener\" target=\"_blank\"><\/p>\n<p class=\"know-more__title\">Maduro se declara inocente ante el juez en Nueva York: \u00abSoy presidente de Venezuela y estoy secuestrado\u00bb<\/p>\n<p>            <img decoding=\"async\" class=\"lazy\" loading=\"lazy\" data-src=\"https:\/\/static.eldiario.es\/clip\/c828fbe9-1258-4630-80fc-7b762bac8a31_16-9-aspect-ratio_default_0.jpg\" src=\"data:image\/svg+xml,%3Csvg xmlns=\" http:=\"\" viewbox=\"0 0 880 495\" alt=\"Maduro se declara inocente ante el juez en Nueva York: &quot;Soy presidente de Venezuela y estoy secuestrado&quot;\"\/><\/p>\n<p>                        <\/a><\/p>\n<p class=\"article-text\">\n        En concreto, la Fiscal\u00eda sigue acusando a Maduro de participar en una conspiraci\u00f3n para el narcotr\u00e1fico, pero abandona ahora la afirmaci\u00f3n de que el C\u00e1rtel de los Soles sea una organizaci\u00f3n real y de que el presidente venezolano sea su l\u00edder, seg\u00fan recoge <a href=\"https:\/\/www.nytimes.com\/2026\/01\/05\/us\/trump-venezuela-drug-cartel-de-los-soles.html\" target=\"_blank\" data-mrf-recirculation=\"links-noticia\" class=\"link\" rel=\"nofollow noopener\">The New York Times<\/a>. La nueva acusaci\u00f3n reescrita horas despu\u00e9s de la operaci\u00f3n en Caracas se refiere a un \u201csistema de clientelismo\u201d y una \u201ccultura de corrupci\u00f3n\u201d alimentada por el dinero del narcotr\u00e1fico.\n    <\/p>\n<p class=\"article-text\">\n        Las afirmaciones del Departamento de Justicia sobre el C\u00e1rtel de los Soles se remontan a 2020, cuando lo incorpor\u00f3 a la acusaci\u00f3n presentada en contra de Maduro en un tribunal federal de Manhattan durante la primera presidencia de Trump. En concreto, en este texto se apuntaba a que Maduro \u201cayud\u00f3 a gestionar y en \u00faltima instancia, a liderar el Cartel de los Soles a medida que ascend\u00eda al poder en Venezuela\u201d.\n    <\/p>\n<p class=\"article-text\">\n        En julio de 2025, y citando a este texto, el Departamento del Tesoro design\u00f3 a esta supuesta organizaci\u00f3n como terrorista. Y este mismo noviembre, el secretario de Estado, Marco Rubio, orden\u00f3 al Departamento de Estado que hiciera lo mismo. Washington tambi\u00e9n acus\u00f3 a la c\u00fapula del Cartel de los Soles de apoyar a organizaciones como el Tren de Aragua y el C\u00e1rtel de Sinaloa como parte de una conspiraci\u00f3n para enviar drogas a EEUU.\n    <\/p>\n<p class=\"article-text\">\n        En esta primera acusaci\u00f3n, en la que se basaba la campa\u00f1a antidrogas que llevaba a cabo en el Caribe, hab\u00eda hasta 32 menciones al C\u00e1rtel de los Soles y el presidente venezolano aparec\u00eda como su l\u00edder. Sin embargo, en la nueva, y seg\u00fan seg\u00fan recoge The New York Times, se rebaja el lenguaje, solo se menciona dos veces al C\u00e1rtel de los Soles y se eliminan las alusiones al supuesto cartel como una organizaci\u00f3n real, aunque mantienen los se\u00f1alamientos a Maduro por tr\u00e1fico de drogas.\n    <\/p>\n<p class=\"article-text\">\n        Adem\u00e1s, se dice que tanto Maduro como su predecesor en el cargo, el presidente Hugo Ch\u00e1vez, particip\u00f3, perpetu\u00f3 y protegi\u00f3 \u201cun sistema de clientelismo\u201d y \u201cuna cultura de corrupci\u00f3n en la que poderosas \u00e9lites venezolanas se enriquecen mediante el narcotr\u00e1fico y la protecci\u00f3n de sus socios narcotraficantes\u201d. Tambi\u00e9n menciona que estas ganancias fluyen hacia funcionarios corruptos que forman este sistema dirigido \u201cpor aquellos en la cima, conocido como el C\u00e1rtel de los Soles\u201d.\n    <\/p>\n<p class=\"article-text\">\n        La retirada de la mayor\u00eda de las menciones y la supresi\u00f3n de que Maduro sea su l\u00edder pone a\u00fan m\u00e1s en tela de juicio la legitimidad de la designaci\u00f3n del C\u00e1rtel de los Soles como \u201corganizaci\u00f3n terrorista extranjera\u201d por parte de la administraci\u00f3n Trump en 2025. El pasado verano elev\u00f3 a 50 millones de d\u00f3lares la recompensa por proporcionar informaci\u00f3n que llevase a la detenci\u00f3n de Maduro.\n    <\/p>\n<p class=\"article-text\">\n        Seg\u00fan recuerda un\u00a0informe de la fundaci\u00f3n estadounidense InsightCrime, que sigue la evoluci\u00f3n del crimen organizado en Am\u00e9rica Latina, el nombre hac\u00eda referencia al sol de las charreteras de los oficiales de brigada del ej\u00e9rcito del pa\u00eds caribe\u00f1o. El c\u00e1rtel era inicialmente \u201cdel sol\u201d, pero pasaron a ser \u201csoles\u201d, en plural, cuando se empez\u00f3 a se\u00f1alar la implicaci\u00f3n de oficiales de mayor rango, que llevaba dos astros en el uniforme, en lugar de uno.\n    <\/p>\n<p>    <a href=\"https:\/\/www.eldiario.es\/internacional\/cartel-soles-organizacion-fantasma-trump-acorralar-maduro-venezuela_1_12882840.html\" data-mrf-recirculation=\"saber-mas-abajo\" data-dl-event=\"saber-mas-abajo\" rel=\"nofollow noopener\" target=\"_blank\"><\/p>\n<p class=\"know-more__title\">Qu\u00e9 es el C\u00e1rtel de los Soles, la organizaci\u00f3n fantasma que Trump usa para acorralar a Maduro en Venezuela<\/p>\n<p>            <img decoding=\"async\" class=\"lazy\" loading=\"lazy\" data-src=\"https:\/\/static.eldiario.es\/clip\/eed9d199-c498-4251-af88-53fb205d9bba_16-9-aspect-ratio_default_0_x3022y2338.jpg\" src=\"data:image\/svg+xml,%3Csvg xmlns=\" http:=\"\" viewbox=\"0 0 880 495\" alt=\"Qu\u00e9 es el C\u00e1rtel de los Soles, la organizaci\u00f3n fantasma que Trump usa para acorralar a Maduro en Venezuela\"\/><\/p>\n<p>                        <\/a><\/p>\n<p class=\"article-text\">\n        Las primeras referencias al Cartel de los Soles se remontan a los a\u00f1os 90, relacionadas con la connivencia entre elementos militares venezolanos y el negocio del narcotr\u00e1fico, cuyas redes empezaban a extenderse desde la lim\u00edtrofe Colombia. Es una denominaci\u00f3n que se impuso desde fuera para una red criminal compuesta por miembros del ej\u00e9rcito venezolano. Para Trump y su Gobierno, el C\u00e1rtel de los Soles era una organizaci\u00f3n perfectamente jerarquizada con Maduro a la cabeza.\n    <\/p>\n","protected":false},"excerpt":{"rendered":"El Departamento de Justicia de EEUU ha eliminado gran parte de las alusiones al llamado C\u00e1rtel de los&hellip;\n","protected":false},"author":2,"featured_media":326552,"comment_status":"","ping_status":"","sticky":false,"template":"","format":"standard","meta":{"footnotes":""},"categories":[42],"tags":[6818,808,17,18,4398,115,13,14,100,11,61,62,63,64,2158,19,20,9,689,10,15,16,798,39167,12,21,22,1192,65,66,67],"class_list":{"0":"post-326551","1":"post","2":"type-post","3":"status-publish","4":"format-standard","5":"has-post-thumbnail","7":"category-internacional","8":"tag-admite","9":"tag-ahora","10":"tag-breaking-news","11":"tag-breakingnews","12":"tag-cartel","13":"tag-eeuu","14":"tag-featured-news","15":"tag-featurednews","16":"tag-grupo","17":"tag-headlines","18":"tag-internacional","19":"tag-international","20":"tag-international-news","21":"tag-internationalnews","22":"tag-justicia","23":"tag-latest-news","24":"tag-latestnews","25":"tag-news","26":"tag-no","27":"tag-noticias","28":"tag-noticias-destacadas","29":"tag-noticiasdestacadas","30":"tag-real","31":"tag-soles","32":"tag-titulares","33":"tag-ultimas-noticias","34":"tag-ultimasnoticias","35":"tag-venezuela","36":"tag-world","37":"tag-world-news","38":"tag-worldnews"},"share_on_mastodon":{"url":"https:\/\/pubeurope.com\/@es\/115849884128582286","error":""},"_links":{"self":[{"href":"https:\/\/www.europesays.com\/es\/wp-json\/wp\/v2\/posts\/326551","targetHints":{"allow":["GET"]}}],"collection":[{"href":"https:\/\/www.europesays.com\/es\/wp-json\/wp\/v2\/posts"}],"about":[{"href":"https:\/\/www.europesays.com\/es\/wp-json\/wp\/v2\/types\/post"}],"author":[{"embeddable":true,"href":"https:\/\/www.europesays.com\/es\/wp-json\/wp\/v2\/users\/2"}],"replies":[{"embeddable":true,"href":"https:\/\/www.europesays.com\/es\/wp-json\/wp\/v2\/comments?post=326551"}],"version-history":[{"count":0,"href":"https:\/\/www.europesays.com\/es\/wp-json\/wp\/v2\/posts\/326551\/revisions"}],"wp:featuredmedia":[{"embeddable":true,"href":"https:\/\/www.europesays.com\/es\/wp-json\/wp\/v2\/media\/326552"}],"wp:attachment":[{"href":"https:\/\/www.europesays.com\/es\/wp-json\/wp\/v2\/media?parent=326551"}],"wp:term":[{"taxonomy":"category","embeddable":true,"href":"https:\/\/www.europesays.com\/es\/wp-json\/wp\/v2\/categories?post=326551"},{"taxonomy":"post_tag","embeddable":true,"href":"https:\/\/www.europesays.com\/es\/wp-json\/wp\/v2\/tags?post=326551"}],"curies":[{"name":"wp","href":"https:\/\/api.w.org\/{rel}","templated":true}]}}