{"id":326553,"date":"2026-01-06T19:48:11","date_gmt":"2026-01-06T19:48:11","guid":{"rendered":"https:\/\/www.europesays.com\/es\/326553\/"},"modified":"2026-01-06T19:48:11","modified_gmt":"2026-01-06T19:48:11","slug":"la-moncloa-agenda-del-gobierno-gobierno-agenda-10","status":"publish","type":"post","link":"https:\/\/www.europesays.com\/es\/326553\/","title":{"rendered":"La Moncloa. Agenda del Gobierno [Gobierno\/Agenda]"},"content":{"rendered":"<p> &#13;&#13;<\/p>\n<ul class=\"eventList personList\">&#13;<\/p>\n<li>&#13; <img decoding=\"async\" title=\"22\/11\/2023. Pedro S\u00e1nchez. El presidente del Gobierno, Pedro S\u00e1nchez P\u00e9rez-Castej\u00f3n\" class=\"eventImage\" src=\"https:\/\/www.europesays.com\/es\/wp-content\/uploads\/2025\/09\/presidente_pedro_sanchez.png\" alt=\"22\/11\/2023. Pedro S\u00e1nchez. El presidente del Gobierno, Pedro S\u00e1nchez P\u00e9rez-Castej\u00f3n\"\/><br \/>\n&#13;<br \/>\nPedro S\u00e1nchez <\/p>\n<p class=\"eventDescription cargo\">Presidente del Gobierno<\/p>\n<p>&#13;<\/p>\n<ul class=\"eventList\">&#13;<\/p>\n<li>&#13;&#13;\n<p class=\"eventPersonTitle\">Viaja a la Rep\u00fablica Francesa.<\/p>\n<p>\t&#13;<\/li>\n<p>&#13;<\/p>\n<li>&#13;\n<p>15:00 h.<\/p>\n<p>&#13;<\/p>\n<p class=\"eventPersonTitle\">Asiste a la reuni\u00f3n de la Coalici\u00f3n de Voluntarios por Ucrania, en el Palacio del El\u00edseo, en Par\u00eds.<\/p>\n<p class=\"eventLocation\">Previamente, participa en la foto de familia.<\/p>\n<p>\t&#13;<\/li>\n<p>&#13;<\/p>\n<li>&#13;\n<p>18:30 h.<\/p>\n<p>&#13;<\/p>\n<p class=\"eventPersonTitle\">Comparece en rueda de prensa tras la reuni\u00f3n de la Coalici\u00f3n de Voluntarios por Ucrania, en Par\u00eds. <\/p>\n<p class=\"eventLocation\">Embajada de Espa\u00f1a en Par\u00eds.<\/p>\n<p>\t&#13;<\/li>\n<p>&#13;<\/ul>\n<p>&#13;<\/li>\n<p>&#13;<\/p>\n<li>&#13; <img decoding=\"async\" title=\"22\/11\/2023. Margarita Robles Fern\u00e1ndez. La ministra de Defensa, Margarita Robles Fern\u00e1ndez.\" class=\"eventImage\" src=\"https:\/\/www.europesays.com\/es\/wp-content\/uploads\/2025\/09\/ministra_margarita_robles.jpg\" alt=\"22\/11\/2023. Margarita Robles Fern\u00e1ndez. La ministra de Defensa, Margarita Robles Fern\u00e1ndez.\"\/><br \/>\n&#13;<br \/>\nMargarita Robles  <\/p>\n<p class=\"eventDescription cargo\">Ministra de Defensa<\/p>\n<p>&#13;<\/p>\n<ul class=\"eventList\">&#13;<\/p>\n<li>&#13;\n<p>12:00 h.<\/p>\n<p>&#13;<\/p>\n<p class=\"eventPersonTitle\">&#13;Asiste, junto al ministro del Interior, al acto de celebraci\u00f3n de la Pascua Militar, que presiden SS.MM. los Reyes y S.A.R. la Princesa de Asturias, en el Palacio Real.<\/p>\n<p>\t&#13;<\/li>\n<p>&#13;<\/ul>\n<p>&#13;<\/li>\n<p>&#13;<\/p>\n<li>&#13; <img decoding=\"async\" title=\"22\/11\/2023. Ernest Urtasun Dom\u00e8nech. El ministro de Cultura, Ernest Urtasun Dom\u00e8nech.\" class=\"eventImage\" src=\"https:\/\/www.europesays.com\/es\/wp-content\/uploads\/2025\/09\/ministro_ernest_urtasun.jpg\" alt=\"22\/11\/2023. Ernest Urtasun Dom\u00e8nech. El ministro de Cultura, Ernest Urtasun Dom\u00e8nech.\"\/><br \/>\n&#13;<br \/>\nErnest Urtasun <\/p>\n<p class=\"eventDescription cargo\">Ministro de Cultura<\/p>\n<p>&#13;<\/p>\n<ul class=\"eventList\">&#13;<\/p>\n<li>&#13;\n<p>20:30 h.<\/p>\n<p>&#13;<\/p>\n<p class=\"eventPersonTitle\">Asiste a la velada literaria del 82\u00ba Premio Nadal y el 58\u00ba Premi Josep Pla, en Barcelona.<\/p>\n<p class=\"eventLocation\">Hotel Palace.<\/p>\n<p>\t&#13;<\/li>\n<p>&#13;<\/ul>\n<p>&#13;<\/li>\n<p>&#13;<\/ul>\n<p> &#13;\t<\/p>\n<p id=\"ctl00_CookieInfo_pCookieText\">Este sitio web utiliza cookies propias y de terceros para mantener la sesi\u00f3n, ofrecerle una mejor experiencia de usuario y obtener datos estad\u00edsticos de navegaci\u00f3n de los usuarios. Para m\u00e1s informaci\u00f3n vea la <a title=\"Pol\u00edtica de cookies\" target=\"_self\" href=\"https:\/\/www.lamoncloa.gob.es\/Paginas\/politica-de-cookies.aspx\" rel=\"nofollow noopener\">Pol\u00edtica de cookies<\/a><\/p>\n<p>Aceptar<br \/>\nRechazar<\/p>\n","protected":false},"excerpt":{"rendered":"&#13;&#13; &#13; &#13; &#13; Pedro S\u00e1nchez Presidente del Gobierno &#13; &#13; &#13;&#13; Viaja a la Rep\u00fablica Francesa. &#13;&hellip;\n","protected":false},"author":2,"featured_media":46302,"comment_status":"","ping_status":"","sticky":false,"template":"","format":"standard","meta":{"footnotes":""},"categories":[8],"tags":[4071,17,18,25,24,13,14,582,11,19,20,9,10,15,16,23,12,21,22],"class_list":{"0":"post-326553","1":"post","2":"type-post","3":"status-publish","4":"format-standard","5":"has-post-thumbnail","7":"category-espana","8":"tag-agenda","9":"tag-breaking-news","10":"tag-breakingnews","11":"tag-es","12":"tag-espana","13":"tag-featured-news","14":"tag-featurednews","15":"tag-gobierno","16":"tag-headlines","17":"tag-latest-news","18":"tag-latestnews","19":"tag-news","20":"tag-noticias","21":"tag-noticias-destacadas","22":"tag-noticiasdestacadas","23":"tag-spain","24":"tag-titulares","25":"tag-ultimas-noticias","26":"tag-ultimasnoticias"},"share_on_mastodon":{"url":"https:\/\/pubeurope.com\/@es\/115849888071538492","error":""},"_links":{"self":[{"href":"https:\/\/www.europesays.com\/es\/wp-json\/wp\/v2\/posts\/326553","targetHints":{"allow":["GET"]}}],"collection":[{"href":"https:\/\/www.europesays.com\/es\/wp-json\/wp\/v2\/posts"}],"about":[{"href":"https:\/\/www.europesays.com\/es\/wp-json\/wp\/v2\/types\/post"}],"author":[{"embeddable":true,"href":"https:\/\/www.europesays.com\/es\/wp-json\/wp\/v2\/users\/2"}],"replies":[{"embeddable":true,"href":"https:\/\/www.europesays.com\/es\/wp-json\/wp\/v2\/comments?post=326553"}],"version-history":[{"count":0,"href":"https:\/\/www.europesays.com\/es\/wp-json\/wp\/v2\/posts\/326553\/revisions"}],"wp:featuredmedia":[{"embeddable":true,"href":"https:\/\/www.europesays.com\/es\/wp-json\/wp\/v2\/media\/46302"}],"wp:attachment":[{"href":"https:\/\/www.europesays.com\/es\/wp-json\/wp\/v2\/media?parent=326553"}],"wp:term":[{"taxonomy":"category","embeddable":true,"href":"https:\/\/www.europesays.com\/es\/wp-json\/wp\/v2\/categories?post=326553"},{"taxonomy":"post_tag","embeddable":true,"href":"https:\/\/www.europesays.com\/es\/wp-json\/wp\/v2\/tags?post=326553"}],"curies":[{"name":"wp","href":"https:\/\/api.w.org\/{rel}","templated":true}]}}