{"id":326585,"date":"2026-01-06T20:12:10","date_gmt":"2026-01-06T20:12:10","guid":{"rendered":"https:\/\/www.europesays.com\/es\/326585\/"},"modified":"2026-01-06T20:12:10","modified_gmt":"2026-01-06T20:12:10","slug":"los-socios-europeos-emiten-un-comunicado-conjunto-para-defender-como-prioridad-la-soberania-de-groenlandia-ante-la-amenaza-de-eeuu-internacional","status":"publish","type":"post","link":"https:\/\/www.europesays.com\/es\/326585\/","title":{"rendered":"Los socios europeos emiten un comunicado conjunto para defender como \u00abprioridad\u00bb la soberan\u00eda de Groenlandia ante la amenaza de EEUU | Internacional"},"content":{"rendered":"<p class=\"loc\">Madrid<\/p>\n<p>Los l\u00edderes de siete pa\u00edses europeos (Francia, Alemania, Italia, Polonia, Espa\u00f1a, Reino Unido y Dinamarca) han emitido un comunicado conjunto este martes para defender la soberan\u00eda de Groenlandia como \u00abprioridad\u00bb la soberan\u00eda de Groenlandia ante la amenaza de Estados Unidos. <\/p>\n<p>\u00abLa seguridad en el \u00c1rtico sigue siendo una prioridad clave para Europa y es crucial para la seguridad internacional y transatl\u00e1ntica. La OTAN ha dejado claro que la regi\u00f3n \u00e1rtica es una prioridad y los aliados europeos est\u00e1n intensificando sus esfuerzos\u00bb, han escrito Meloni, Tusk, Macron, Merz, Starmer, S\u00e1nchez y Frederiksen en el escrito. <\/p>\n<p>De hecho, el primer ministro de Groenlandia, Jens-Frederik Nielsen, ha pedido a EEUU buscar un di\u00e1logo respetuoso despu\u00e9s de las amenazas expansionistas de Donald Trump sobre la isla, que es de soberan\u00eda danesa. <\/p>\n<p>\u00abLa seguridad en el \u00c1rtico debe lograrse colectivamente\u00bb<\/p>\n<p>Dicen los mandatarios que tanto ellos como otros aliados han incrementado su \u00abpresencia, actividades e inversiones\u00bb para \u00abmantener la seguridad en el \u00c1rtico y disuadir a los adversarios\u00bb. \u00abEl Reino de Dinamarca, incluida Groenlandia, forma parte de la OTAN\u00bb, han destacado. <\/p>\n<p>\u00abLa seguridad en el \u00c1rtico debe lograrse colectivamente, en colaboraci\u00f3n con los aliados de la OTAN, incluido Estados Unidos, defendiendo los principios de la Carta de las Naciones Unidas, como la soberan\u00eda, la integridad territorial y la inviolabilidad de las fronteras. Estos son principios universales y no dejaremos de defenderlos. Estados Unidos es un socio esencial en este esfuerzo, como aliado de la OTAN y a trav\u00e9s del acuerdo de defensa entre el Reino de Dinamarca y los Estados Unidos de 1951. Groenlandia pertenece a su pueblo. Corresponde a Dinamarca y Groenlandia, y solo a ellos, decidir sobre los asuntos que les conciernen\u00bb, han a\u00f1adido. <\/p>\n<p>El presidente del Gobierno espa\u00f1ol, Pedro S\u00e1nchez, ha reiterado su apoyo y \u00abrespeto\u00bb a \u00abla soberan\u00eda de los pa\u00edses, esencial para la paz\u00bb. \u00abEsa fue la mayor lecci\u00f3n que nos leg\u00f3 el siglo XX. No la olvidemos\u00bb, ha escrito en un mensaje difundido en X.<\/p>\n<blockquote class=\"twitter-tweet\">\n<p lang=\"es\" dir=\"ltr\">Espa\u00f1a reitera, junto a Alemania, Francia, Italia, Polonia y Reino Unido, su firme apoyo a Dinamarca y al pueblo de Groenlandia. <\/p>\n<p>El respeto a la soberan\u00eda de los pa\u00edses es esencial para la paz. Esa fue la mayor lecci\u00f3n que nos leg\u00f3 el siglo XX. No la olvidemos.\u2026<\/p>\n<p>\u2014 Pedro S\u00e1nchez (@sanchezcastejon) <a href=\"https:\/\/twitter.com\/sanchezcastejon\/status\/2008507185894981925?ref_src=twsrc%5Etfw\" rel=\"nofollow noopener\" target=\"_blank\">January 6, 2026<\/a><\/p><\/blockquote>\n<p><script async src=\"https:\/\/platform.twitter.com\/widgets.js\" charset=\"utf-8\"><\/script><\/p>\n","protected":false},"excerpt":{"rendered":"Madrid Los l\u00edderes de siete pa\u00edses europeos (Francia, Alemania, Italia, Polonia, Espa\u00f1a, Reino Unido y Dinamarca) han emitido&hellip;\n","protected":false},"author":2,"featured_media":326586,"comment_status":"","ping_status":"","sticky":false,"template":"","format":"standard","meta":{"footnotes":""},"categories":[5],"tags":[17,18,75524,25,24,13,14,4437,11,19,20,75525,9,10,15,16,35346,28540,23,12,21,22],"class_list":{"0":"post-326585","1":"post","2":"type-post","3":"status-publish","4":"format-standard","5":"has-post-thumbnail","7":"category-titulares","8":"tag-breaking-news","9":"tag-breakingnews","10":"tag-chairman","11":"tag-es","12":"tag-espana","13":"tag-featured-news","14":"tag-featurednews","15":"tag-government","16":"tag-headlines","17":"tag-latest-news","18":"tag-latestnews","19":"tag-naalakkersuisut","20":"tag-news","21":"tag-noticias","22":"tag-noticias-destacadas","23":"tag-noticiasdestacadas","24":"tag-press-conference","25":"tag-prime-minister","26":"tag-spain","27":"tag-titulares","28":"tag-ultimas-noticias","29":"tag-ultimasnoticias"},"share_on_mastodon":{"url":"https:\/\/pubeurope.com\/@es\/115849982294418900","error":""},"_links":{"self":[{"href":"https:\/\/www.europesays.com\/es\/wp-json\/wp\/v2\/posts\/326585","targetHints":{"allow":["GET"]}}],"collection":[{"href":"https:\/\/www.europesays.com\/es\/wp-json\/wp\/v2\/posts"}],"about":[{"href":"https:\/\/www.europesays.com\/es\/wp-json\/wp\/v2\/types\/post"}],"author":[{"embeddable":true,"href":"https:\/\/www.europesays.com\/es\/wp-json\/wp\/v2\/users\/2"}],"replies":[{"embeddable":true,"href":"https:\/\/www.europesays.com\/es\/wp-json\/wp\/v2\/comments?post=326585"}],"version-history":[{"count":0,"href":"https:\/\/www.europesays.com\/es\/wp-json\/wp\/v2\/posts\/326585\/revisions"}],"wp:featuredmedia":[{"embeddable":true,"href":"https:\/\/www.europesays.com\/es\/wp-json\/wp\/v2\/media\/326586"}],"wp:attachment":[{"href":"https:\/\/www.europesays.com\/es\/wp-json\/wp\/v2\/media?parent=326585"}],"wp:term":[{"taxonomy":"category","embeddable":true,"href":"https:\/\/www.europesays.com\/es\/wp-json\/wp\/v2\/categories?post=326585"},{"taxonomy":"post_tag","embeddable":true,"href":"https:\/\/www.europesays.com\/es\/wp-json\/wp\/v2\/tags?post=326585"}],"curies":[{"name":"wp","href":"https:\/\/api.w.org\/{rel}","templated":true}]}}