{"id":326611,"date":"2026-01-06T20:33:14","date_gmt":"2026-01-06T20:33:14","guid":{"rendered":"https:\/\/www.europesays.com\/es\/326611\/"},"modified":"2026-01-06T20:33:14","modified_gmt":"2026-01-06T20:33:14","slug":"historia-del-dia-de-los-reyes-magos-y-libros-recomendados","status":"publish","type":"post","link":"https:\/\/www.europesays.com\/es\/326611\/","title":{"rendered":"Historia del D\u00eda de los Reyes Magos y libros recomendados"},"content":{"rendered":"<p>\n  Descubre la historia del D\u00eda de los Reyes Magos y los recomendados de la Biblioteca Digital de Bogot\u00e1<\/p>\n<p>En diversos lugares, este 6 de enero se da por finalizada la Navidad con la celebraci\u00f3n del D\u00eda de los Reyes Magos, una tradici\u00f3n que se desarrolla en varios pa\u00edses.<\/p>\n<p style=\"line-height:1.38;margin-bottom:0pt;margin-top:0pt;\" dir=\"ltr\">Este martes 6 de enero se pone fin a la Navidad, seg\u00fan los estamentos del cristianismo, por medio de la celebraci\u00f3n del \u201cD\u00eda de los Reyes Magos\u201d, una tradici\u00f3n religiosa ligada a la historia del nacimiento de Jes\u00fas y que tiene varias connotaciones culturales seg\u00fan el pa\u00eds y las fechas en las que se conmemora.<br \/>\u00a0<\/p>\n<p style=\"line-height:1.38;margin-bottom:0pt;margin-top:0pt;\" dir=\"ltr\">El origen de esta conmemoraci\u00f3n est\u00e1 escrito en el\u00a0<a style=\"text-decoration:none;\" href=\"https:\/\/bibliotecadigitaldebogota.gov.co\/resources\/3404031\/\" rel=\"nofollow noopener\" target=\"_blank\"><strong>Evangelio de San Mateo<\/strong><\/a> y otros pasajes b\u00edblicos donde se habla sobre Melchor, Gaspar y Baltasar, quienes, seg\u00fan las escrituras, fueron guiados por una estrella que los condujo hacia la humilde y secretada morada de Bel\u00e9n donde naci\u00f3 Jes\u00fas.<br \/>\u00a0<\/p>\n<p style=\"line-height:1.38;margin-bottom:0pt;margin-top:0pt;\" dir=\"ltr\">En ese momento, para su visita al ni\u00f1o reci\u00e9n nacido ellos llevaron incienso, mirra y oro como regalos para \u00e9l, Mar\u00eda y Jos\u00e9; por lo que a partir de ese acto se gener\u00f3 la tradici\u00f3n de entregar regalos a los ni\u00f1os en Espa\u00f1a y otras regiones de Europa para celebrar esta fecha.<br \/>\u00a0<\/p>\n<p style=\"line-height:1.38;margin-bottom:0pt;margin-top:0pt;\" dir=\"ltr\">Posteriormente, esta tradici\u00f3n se extendi\u00f3 a Latinoam\u00e9rica, aunque en pa\u00edses como Colombia no se entregan regalos el 6 de enero (solo se hace el 24 y 25 de diciembre para Navidad), pero s\u00ed se usa como uno de los puentes festivos de m\u00e1s turismo en el pa\u00eds, pues en varias ciudades y municipios se realizan ferias y fiestas con presentaciones culturales y gastron\u00f3micas de gran acogida.<\/p>\n<p>Cinco libros recomendados de la Biblioteca de Bogot\u00e1 sobre el D\u00eda de los Reyes Magos<\/p>\n<p style=\"line-height:1.38;margin-bottom:0pt;margin-top:0pt;\" dir=\"ltr\"><a style=\"text-decoration:none;\" href=\"https:\/\/www.bibliotecadigitaldebogota.gov.co\/resources\/3721548\/\" rel=\"nofollow noopener\" target=\"_blank\"><strong>Celebra la Navidad y el D\u00eda de los Reyes Magos con Pablo y Carlitos<\/strong><\/a>: \u201cCarlitos escribe una carta a los Reyes Magos pidiendo muchos regalos. M\u00e1s tarde, decide escribir una nueva carta y renuncia a algunas de las cosas de su lista de deseos a cambio de un regalo m\u00e1s grande para su hermano mayor. \u00a1Al final, todos ganan\u2026! Contiene un apartado informativo sobre Navidad y Reyes Magos\u201d.<br \/>\u00a0<\/p>\n<p style=\"line-height:1.38;margin-bottom:0pt;margin-top:0pt;\" dir=\"ltr\"><a style=\"text-decoration:none;\" href=\"https:\/\/www.bibliotecadigitaldebogota.gov.co\/resources\/2051764\/\" rel=\"nofollow noopener\" target=\"_blank\"><strong>Auto de los Reyes Magos:<\/strong>\u00a0<\/a>\u201cFue escrito en la segunda mitad del siglo XII y copiado en las pa\u0301ginas sobrantes de un co\u0301dice (Co\u0301dice de la Biblioteca Nacional de Madrid v. 5-9). Se considera el primer ejemplo de teatro castellano y fue localizado en la catedral de Toledo, en Espan\u0303a\u201d.<br \/>\u00a0<\/p>\n<p style=\"line-height:1.38;margin-bottom:0pt;margin-top:0pt;\" dir=\"ltr\"><a style=\"text-decoration:none;\" href=\"https:\/\/www.bibliotecadigitaldebogota.gov.co\/resources\/3397260\/\" rel=\"nofollow noopener\" target=\"_blank\"><strong>\u00daltima carta a los Reyes Magos:<\/strong><\/a> \u201cPaulo esta\u0301 nervioso, falta poco para que vengan los Reyes Magos. El an\u0303o pasado se porto\u0301 mal y se quedo\u0301 sin los regalos que habi\u0301a pedido. \u00bfServira\u0301n de algo los esfuerzos que ha realizado todo el an\u0303o? Una historia que muestra la importancia del esfuerzo para conseguir objetivos\u201d.<br \/>\u00a0<\/p>\n<p style=\"line-height:1.38;margin-bottom:0pt;margin-top:0pt;\" dir=\"ltr\"><a style=\"text-decoration:none;\" href=\"https:\/\/www.bibliotecadigitaldebogota.gov.co\/resources\/3402283\/\" rel=\"nofollow noopener\" target=\"_blank\"><strong>Lo que los Reyes tra\u00edan:<\/strong><\/a> \u201cEl gran establecimiento de jugueteri\u0301a ostentaba por muestra una placa donde, de noche, en caracteres luminosos, lei\u0301ase: Los Reyes Magos. Desde que se acercaba la Navidad, los nin\u0303os que transitaban por la populosa calle siempre queri\u0301an detenerse ante el escaparate de Los Reyes Magos. En tal e\u0301poca lo presidi\u0301an los propios reyes, campeando en el sitio ma\u0301s visible, y arrancando al pu\u0301blico, y no solo al infantil, exclamaciones de admiracio\u0301n\u201d.<br \/>\u00a0<\/p>\n<p style=\"line-height:1.38;margin-bottom:0pt;margin-top:0pt;\" dir=\"ltr\"><a style=\"text-decoration:none;\" href=\"https:\/\/www.bibliotecadigitaldebogota.gov.co\/resources\/3679028\/\" rel=\"nofollow noopener\" target=\"_blank\"><strong>Noche de Reyes:<\/strong><\/a> \u201cEn el pueblo de Torcaz, la Guerra Civil nunca ha acabado de pasar. Cada recodo trae un recuerdo y cada recuerdo un silencio, una mentira y un dolor. Una noche de reyes el doctor Sanchidria\u0301n asiste a un parto. Este hecho y el estallido de la Guerra Civil desencadenara\u0301n unas consecuencias que se prolongara\u0301n a lo largo del tiempo y afectara\u0301n de modo decisivo a la vida de los habitantes de Torcaz. Tiempo despue\u0301s, Cosme Valverde tratara\u0301 de averiguar el paradero de su mujer, Elena Sanchidria\u0301n. Alrededor de esta bu\u0301squeda se ira\u0301n desvelando las vidas de otros hombres y mujeres que, en medio del sufrimiento, del dolor y la miseria son capaces de mantener la dignidad y la esperanza\u201d.<\/p>\n","protected":false},"excerpt":{"rendered":"Descubre la historia del D\u00eda de los Reyes Magos y los recomendados de la Biblioteca Digital de Bogot\u00e1&hellip;\n","protected":false},"author":2,"featured_media":326612,"comment_status":"","ping_status":"","sticky":false,"template":"","format":"standard","meta":{"footnotes":""},"categories":[42],"tags":[21793,21794,17,18,75531,13,14,11,75532,61,62,63,64,19,20,2951,9,10,15,16,12,21,22,65,66,67],"class_list":{"0":"post-326611","1":"post","2":"type-post","3":"status-publish","4":"format-standard","5":"has-post-thumbnail","7":"category-internacional","8":"tag-biblioteca-digital-de-bogota","9":"tag-biblored","10":"tag-breaking-news","11":"tag-breakingnews","12":"tag-dia-de-reyes-magos","13":"tag-featured-news","14":"tag-featurednews","15":"tag-headlines","16":"tag-historia-del-dia-de-los-reyes-magos","17":"tag-internacional","18":"tag-international","19":"tag-international-news","20":"tag-internationalnews","21":"tag-latest-news","22":"tag-latestnews","23":"tag-navidad","24":"tag-news","25":"tag-noticias","26":"tag-noticias-destacadas","27":"tag-noticiasdestacadas","28":"tag-titulares","29":"tag-ultimas-noticias","30":"tag-ultimasnoticias","31":"tag-world","32":"tag-world-news","33":"tag-worldnews"},"share_on_mastodon":{"url":"https:\/\/pubeurope.com\/@es\/115850064942087635","error":""},"_links":{"self":[{"href":"https:\/\/www.europesays.com\/es\/wp-json\/wp\/v2\/posts\/326611","targetHints":{"allow":["GET"]}}],"collection":[{"href":"https:\/\/www.europesays.com\/es\/wp-json\/wp\/v2\/posts"}],"about":[{"href":"https:\/\/www.europesays.com\/es\/wp-json\/wp\/v2\/types\/post"}],"author":[{"embeddable":true,"href":"https:\/\/www.europesays.com\/es\/wp-json\/wp\/v2\/users\/2"}],"replies":[{"embeddable":true,"href":"https:\/\/www.europesays.com\/es\/wp-json\/wp\/v2\/comments?post=326611"}],"version-history":[{"count":0,"href":"https:\/\/www.europesays.com\/es\/wp-json\/wp\/v2\/posts\/326611\/revisions"}],"wp:featuredmedia":[{"embeddable":true,"href":"https:\/\/www.europesays.com\/es\/wp-json\/wp\/v2\/media\/326612"}],"wp:attachment":[{"href":"https:\/\/www.europesays.com\/es\/wp-json\/wp\/v2\/media?parent=326611"}],"wp:term":[{"taxonomy":"category","embeddable":true,"href":"https:\/\/www.europesays.com\/es\/wp-json\/wp\/v2\/categories?post=326611"},{"taxonomy":"post_tag","embeddable":true,"href":"https:\/\/www.europesays.com\/es\/wp-json\/wp\/v2\/tags?post=326611"}],"curies":[{"name":"wp","href":"https:\/\/api.w.org\/{rel}","templated":true}]}}