{"id":326615,"date":"2026-01-06T20:35:09","date_gmt":"2026-01-06T20:35:09","guid":{"rendered":"https:\/\/www.europesays.com\/es\/326615\/"},"modified":"2026-01-06T20:35:09","modified_gmt":"2026-01-06T20:35:09","slug":"un-informe-de-la-cia-y-la-opinion-de-marco-rubio-fueron-determinantes-para-la-designacion-de-delcy-rodriguez-como-sucesora-de-maduro","status":"publish","type":"post","link":"https:\/\/www.europesays.com\/es\/326615\/","title":{"rendered":"Un informe de la CIA y la opini\u00f3n de Marco Rubio fueron determinantes para la designaci\u00f3n de Delcy Rodr\u00edguez como sucesora de Maduro"},"content":{"rendered":"<p class=\"L6-news-detail__text\">La decisi\u00f3n del presidente de Estados Unidos, Donald Trump, de respaldar a la vicepresidenta venezolana, Delcy Rodr\u00edguez, en lugar de a la l\u00edder opositora Mar\u00eda Corina Machado tras la captura de Nicol\u00e1s Maduro, se bas\u00f3 en una <b>evaluaci\u00f3n clasificada de la CIA<\/b> y en el <b>asesoramiento de altos funcionarios<\/b> como el secretario de Estado, Marco Rubio, seg\u00fan informaron &#8216;The Wall Street Journal (WSJ)&#8217; y &#8216;The New York Times&#8217;.<\/p>\n<p class=\"L6-news-detail__text\">Seg\u00fan fuentes familiarizadas con el asunto citadas por el &#8216;WSJ&#8217;, una reciente evaluaci\u00f3n de inteligencia presentada a Trump y a un c\u00edrculo reducido de su administraci\u00f3n concluy\u00f3 que los <b>leales al r\u00e9gimen eran los \u00abmejor posicionados\u00bb<\/b> para liderar un Gobierno provisional en Caracas y mantener la estabilidad a corto plazo.<\/p>\n<p class=\"L6-news-detail__text\">El an\u00e1lisis de la Agencia Central de Inteligencia (CIA) determin\u00f3 que figuras clave del chavismo, incluida <b>Rodr\u00edguez, podr\u00edan mantener el orden<\/b>, mientras que la oposici\u00f3n -liderada por <b>Machado y Edmundo Gonz\u00e1lez<\/b>, ampliamente considerado como el verdadero ganador de las elecciones de 2024 contra Maduro- tendr\u00eda <b>dificultades para gobernar, <\/b>seg\u00fan ha informado &#8216;EFE&#8217;.<\/p>\n<p class=\"L6-news-detail__text\">&#8216;El New York Times&#8217; a\u00f1ade que, adem\u00e1s del informe de inteligencia, la <b>postura de Rubio fue determinante<\/b>. El jefe de la diplomacia estadounidense argument\u00f3 que respaldar a la oposici\u00f3n podr\u00eda <b>desestabilizar a\u00fan m\u00e1s el pa\u00eds y requerir una presencia militar estadounidense m\u00e1s robusta. <\/b><\/p>\n<p class=\"L6-news-detail__text\">El medio apunta que este giro ha puesto en una situaci\u00f3n dif\u00edcil a los congresistas republicanos de Florida, como Mario D\u00edaz-Balart, quienes se han visto obligados a <b>reiterar su apoyo a Machado<\/b>. Maduro, extraditado a la ciudad de Nueva York, compareci\u00f3 ante el tribunal el lunes para enfrentar cargos federales de narcotr\u00e1fico, entre otros, y se declar\u00f3 inocente.<\/p>\n<p class=\"L6-news-detail__text\"><b><a href=\"https:\/\/profile.google.com\/cp\/CgkvbS8wZG5xejA?|||EXTERNO\" rel=\"nofollow noopener\" target=\"_blank\">*Sigue a laSexta en Google. Toda la actualidad y el mejor contenido aqu\u00ed.<\/a><\/b><\/p>\n<p class=\"L6-support-news-video__title\">Cierre de fiestas<\/p>\n<p>            <a href=\"https:\/\/www.lasexta.com\/noticias\/sociedad\/acabo-que-daba-navidad-llega-fin-rutina-llama-puerta_20260106695d571d22f0db7daf070c66.html\" class=\"L6-news__link\" rel=\"nofollow noopener\" target=\"_blank\"><br \/>\n                Se acab\u00f3 lo que se daba: la Navidad llega a su fin y la rutina llama a la puerta<\/p>\n<p class=\"recirculation-video-desc\">Las dos caras Las calles vuelven a la normalidad tras d\u00edas de bullicio, compras y comidas interminables. Mientras algunos lamentan que las fiestas terminen tan pronto, otros celebran poder volver a su rutina de siempre.<\/p>\n<p>            <\/a><\/p>\n","protected":false},"excerpt":{"rendered":"La decisi\u00f3n del presidente de Estados Unidos, Donald Trump, de respaldar a la vicepresidenta venezolana, Delcy Rodr\u00edguez, en&hellip;\n","protected":false},"author":2,"featured_media":326616,"comment_status":"","ping_status":"","sticky":false,"template":"","format":"standard","meta":{"footnotes":""},"categories":[5],"tags":[17,18,25,24,13,14,11,19,20,9,10,15,16,23,12,21,22],"class_list":{"0":"post-326615","1":"post","2":"type-post","3":"status-publish","4":"format-standard","5":"has-post-thumbnail","7":"category-titulares","8":"tag-breaking-news","9":"tag-breakingnews","10":"tag-es","11":"tag-espana","12":"tag-featured-news","13":"tag-featurednews","14":"tag-headlines","15":"tag-latest-news","16":"tag-latestnews","17":"tag-news","18":"tag-noticias","19":"tag-noticias-destacadas","20":"tag-noticiasdestacadas","21":"tag-spain","22":"tag-titulares","23":"tag-ultimas-noticias","24":"tag-ultimasnoticias"},"share_on_mastodon":{"url":"https:\/\/pubeurope.com\/@es\/115850072706590789","error":""},"_links":{"self":[{"href":"https:\/\/www.europesays.com\/es\/wp-json\/wp\/v2\/posts\/326615","targetHints":{"allow":["GET"]}}],"collection":[{"href":"https:\/\/www.europesays.com\/es\/wp-json\/wp\/v2\/posts"}],"about":[{"href":"https:\/\/www.europesays.com\/es\/wp-json\/wp\/v2\/types\/post"}],"author":[{"embeddable":true,"href":"https:\/\/www.europesays.com\/es\/wp-json\/wp\/v2\/users\/2"}],"replies":[{"embeddable":true,"href":"https:\/\/www.europesays.com\/es\/wp-json\/wp\/v2\/comments?post=326615"}],"version-history":[{"count":0,"href":"https:\/\/www.europesays.com\/es\/wp-json\/wp\/v2\/posts\/326615\/revisions"}],"wp:featuredmedia":[{"embeddable":true,"href":"https:\/\/www.europesays.com\/es\/wp-json\/wp\/v2\/media\/326616"}],"wp:attachment":[{"href":"https:\/\/www.europesays.com\/es\/wp-json\/wp\/v2\/media?parent=326615"}],"wp:term":[{"taxonomy":"category","embeddable":true,"href":"https:\/\/www.europesays.com\/es\/wp-json\/wp\/v2\/categories?post=326615"},{"taxonomy":"post_tag","embeddable":true,"href":"https:\/\/www.europesays.com\/es\/wp-json\/wp\/v2\/tags?post=326615"}],"curies":[{"name":"wp","href":"https:\/\/api.w.org\/{rel}","templated":true}]}}