{"id":326661,"date":"2026-01-06T21:17:09","date_gmt":"2026-01-06T21:17:09","guid":{"rendered":"https:\/\/www.europesays.com\/es\/326661\/"},"modified":"2026-01-06T21:17:09","modified_gmt":"2026-01-06T21:17:09","slug":"el-primer-eclipse-total-de-sol-visible-en-la-peninsula-llegara-el-12-de-agosto-tras-114-anos-servimedia","status":"publish","type":"post","link":"https:\/\/www.europesays.com\/es\/326661\/","title":{"rendered":"El primer eclipse total de Sol visible en la pen\u00ednsula llegar\u00e1 el 12 de agosto tras 114 a\u00f1os &#8211; Servimedia"},"content":{"rendered":"<ol>\n<li><a href=\"https:\/\/news.google.com\/rss\/articles\/CBMivAFBVV95cUxOM3VYemxVNENKMlNSQTlyRzlMV1M2LWY2T1dvaUNzdmYzU284YVo0dkxjZkVDc0xCQ3I4Qi1DM2ROc3dxMDFoQ3dicVFBemRZZDJJM2xvNGRyaHZqRl9Wdm5xMi1oVGZvTjI4bkxfZ3Vhc3NyRVhzUDViZExpQ2d4ejlZNlZheEh4bFdKdE9rNE44UktsNHR3VGszVVNoZndLaWlSMFB5WG1lLXd6N015OVV1Y3FsVWwtSkYtLQ?oc=5\" target=\"_blank\" rel=\"nofollow noopener\">El primer eclipse total de Sol visible en la pen\u00ednsula llegar\u00e1 el 12 de agosto tras 114 a\u00f1os<\/a>&nbsp;&nbsp;Servimedia<\/li>\n<li><a href=\"https:\/\/news.google.com\/rss\/articles\/CBMie0FVX3lxTE04aTgyUW0yeVhzakJVLWM5djRidUNxNGZfUjczRHFXWmcxRVNmN0Y2MGFiZDN5UENPc3BhNWJSRGJYLXBJZE8tektEeWE5Tnlrb3BkWXltSDRhdmNyRnVrZ2lCcld6clVBbVNnOFlPVC1NOEZrSk55ZmlaQdIBe0FVX3lxTFBZRUlYa3hwZ3VNS2tudGxKbk42VFRtRzJHdkxEV0o3eC1YdlgyOThrcjBLaEF1alZfWGhBVEtXTnhiN3BBTHF4Qjlfc1FqV2EydGxHdEswbE0zRXJYSnFXYUdXamc5NnNqS3F0emlfcnZKMGwxS3JJdlBBcw?oc=5\" target=\"_blank\" rel=\"nofollow noopener\">2026, a\u00f1o del gran eclipse &#8216;espa\u00f1ol&#8217;<\/a>&nbsp;&nbsp;El Mundo<\/li>\n<li><a href=\"https:\/\/news.google.com\/rss\/articles\/CBMimwJBVV95cUxOSTI2TnJOUXBxQzl3ZTAyZ2hQNGQtUURMQXFUazVvRzM0akx0dXFVVjBTZnJ2NkVZeVpMSW90eW9lTklVMUt1cTh6cnZkcEozaERTSjY5SUtqVkM5SnhBeEh3dkVxM0dtUUNRYXZoZlY2MDRPUVNLcGh2SjVKOWNLcDdNYzlvaTF0UXNXNkE5N3JIRndDTnFkRFVGTU1yNHROVXlaU0N3SXJYZWJQNWRERVdLT1NHY1JjMW4yYXg0V1B4cndSNDhiYWc5akFnbmQxcU1hSElraHRDcl9IMUptVE5CbkJoZTc5RVMxRmtEa2VyX0RzdFdPVUM3aE5GbTFVT3VnRzhuZVJVRTk2ZmFqN2dNSjdNTlAyZGx3?oc=5\" target=\"_blank\" rel=\"nofollow noopener\">El Gobierno y la comunidad cient\u00edfica insta a los espa\u00f1oles a prepararse para el evento astron\u00f3mico que<\/a>&nbsp;&nbsp;La Raz\u00f3n<\/li>\n<li><a href=\"https:\/\/news.google.com\/rss\/articles\/CBMi0AFBVV95cUxPY2c3bTFMaUhEUXhEMEZvNFJvb2VnWnVManIyU1pqWERZQ29VVVRreWg3aHFFU2NCdHVRM3EzdW9XY0FQQzR3WnFMZ01laFFzUDFUMjEzNmZvVTdqWF9jUXAzMUVBLUF0T24xUVEzdWFkVVAtQXBsdHgwY0htOVJFTGF0VnotbjdHXzF2VENLUTlRcEdDUUhUUGNZbDcxdXpxeTVQWEdzWVZ5WFVGTHJnS2k2cnhnSVEwQmtaZ3RjWHJldFh2dWFCajZiRng3UkV5?oc=5\" target=\"_blank\" rel=\"nofollow noopener\">Espa\u00f1a ser\u00e1 testigo en 2026 del primer eclipse total de Sol en 114 a\u00f1os: esta ser\u00e1 la fecha en que ocurrir\u00e1<\/a>&nbsp;&nbsp;20Minutos<\/li>\n<li><a href=\"https:\/\/news.google.com\/rss\/articles\/CBMisgFBVV95cUxQVTVUTFY2enRMTFNxNFhfWEk5ZWZOZElhN2Z3TWtySmw0Q0FZRHdZMUxCVVprcUJwbjd6MjZ0d1JLWU5OVDJURmpVQV9VNGhBdmRSRVlKUnp3dmFIaUpmbzBWOVgtUzhjMi11MGJydVl5eHZGQVhOY2FIZ3M1ei1hUElsODI3S25rVnRLQXlGc1RCbUxBVmNUc2Zlb1hpeExGVDZ0UjdHRWV6WTh3cmNjYTVB?oc=5\" target=\"_blank\" rel=\"nofollow noopener\">\u00abEl eclipse de este agosto llevar\u00e1 a la Espa\u00f1a rural a millones de turistas que no la conocen\u00bb<\/a>&nbsp;&nbsp;El Correo<\/li>\n<\/ol>\n","protected":false},"excerpt":{"rendered":"El primer eclipse total de Sol visible en la pen\u00ednsula llegar\u00e1 el 12 de agosto tras 114 a\u00f1os&nbsp;&nbsp;Servimedia&hellip;\n","protected":false},"author":2,"featured_media":326662,"comment_status":"","ping_status":"","sticky":false,"template":"","format":"standard","meta":{"footnotes":""},"categories":[81],"tags":[119,123,124,32994,25,24,6688,19792,117,121,122,492,2829,23,118,120],"class_list":{"0":"post-326661","1":"post","2":"type-post","3":"status-publish","4":"format-standard","5":"has-post-thumbnail","7":"category-ciencia-y-tecnologia","8":"tag-ciencia","9":"tag-ciencia-y-tecnologia","10":"tag-cienciaytecnologia","11":"tag-eclipse","12":"tag-es","13":"tag-espana","14":"tag-medio-ambiente","15":"tag-peninsula","16":"tag-science","17":"tag-science-and-technology","18":"tag-scienceandtechnology","19":"tag-sociedad","20":"tag-sol","21":"tag-spain","22":"tag-technology","23":"tag-tecnologia"},"share_on_mastodon":{"url":"https:\/\/pubeurope.com\/@es\/115850237961415289","error":""},"_links":{"self":[{"href":"https:\/\/www.europesays.com\/es\/wp-json\/wp\/v2\/posts\/326661","targetHints":{"allow":["GET"]}}],"collection":[{"href":"https:\/\/www.europesays.com\/es\/wp-json\/wp\/v2\/posts"}],"about":[{"href":"https:\/\/www.europesays.com\/es\/wp-json\/wp\/v2\/types\/post"}],"author":[{"embeddable":true,"href":"https:\/\/www.europesays.com\/es\/wp-json\/wp\/v2\/users\/2"}],"replies":[{"embeddable":true,"href":"https:\/\/www.europesays.com\/es\/wp-json\/wp\/v2\/comments?post=326661"}],"version-history":[{"count":0,"href":"https:\/\/www.europesays.com\/es\/wp-json\/wp\/v2\/posts\/326661\/revisions"}],"wp:featuredmedia":[{"embeddable":true,"href":"https:\/\/www.europesays.com\/es\/wp-json\/wp\/v2\/media\/326662"}],"wp:attachment":[{"href":"https:\/\/www.europesays.com\/es\/wp-json\/wp\/v2\/media?parent=326661"}],"wp:term":[{"taxonomy":"category","embeddable":true,"href":"https:\/\/www.europesays.com\/es\/wp-json\/wp\/v2\/categories?post=326661"},{"taxonomy":"post_tag","embeddable":true,"href":"https:\/\/www.europesays.com\/es\/wp-json\/wp\/v2\/tags?post=326661"}],"curies":[{"name":"wp","href":"https:\/\/api.w.org\/{rel}","templated":true}]}}