{"id":326715,"date":"2026-01-06T22:05:07","date_gmt":"2026-01-06T22:05:07","guid":{"rendered":"https:\/\/www.europesays.com\/es\/326715\/"},"modified":"2026-01-06T22:05:07","modified_gmt":"2026-01-06T22:05:07","slug":"trump-senala-que-muchisimos-militares-cubanos-murieron-en-la-brillante-operacion-contra-maduro","status":"publish","type":"post","link":"https:\/\/www.europesays.com\/es\/326715\/","title":{"rendered":"Trump se\u00f1ala que \u00abmuch\u00edsimos\u00bb militares cubanos murieron en la \u00abbrillante\u00bb operaci\u00f3n contra Maduro"},"content":{"rendered":"<p>Ante sus congresistas, en un evento en el Centro Kennedy de Washington, Donald Trump ha abordado la operaci\u00f3n militar norteamericana que el pasado fin de semana acab\u00f3 con la \u00abcaptura\u00bb de Nicol\u00e1s Maduro y su mujer, Cilia Flores. En esa intervenci\u00f3n, el presidente estadounidense ha mencionado algunos detalles de esa operaci\u00f3n, un <strong>asalto \u00abmuy complejo\u00bb que cont\u00f3 con \u00abmuch\u00edsimos militares<\/strong>\u00bb en tierra venezolana, y constat\u00f3 <strong>\u00abmuchas\u00bb bajas<\/strong> en el lado venezolano durante el ataque. <\/p>\n<p>\u00abPor otro lado, muri\u00f3 mucha gente, por desgracia, militares&#8230; sobre todo cubanos\u00bb, ha indicado antes de esgrimir que \u00absab\u00edan\u00bb que los militares de EEUU estaban llegando y \u00abestaban protegidos, pero los nuestros no\u00bb.<\/p>\n<p>El Gobierno de Cuba ha afirmado este domingo que<strong> hasta 32 cubanos <\/strong>vinculados a las Fuerzas Armadas y a la propia cartera \u00abperdieron la vida en acciones combativas\u00bb durante la operaci\u00f3n militar contra Maduro, y que tambi\u00e9n incluy\u00f3 bombardeos contra Caracas y los estados de Aragua y La Guaira. \u00abLos nuestros saltaban de helic\u00f3pteros. Se cort\u00f3 la electricidad en casi todo el pa\u00eds. \u00a1Boom! Fue entonces cuando supieron que hab\u00eda un problema. No hab\u00eda electricidad. Las \u00fanicas luces que hab\u00eda (en Caracas) eran las luces de las velas\u00bb, ha indicado. Trump ha afirmado que, pese a todo, fue una operaci\u00f3n \u00abbrillante\u00bb.<\/p>\n<p>Trump acusa a Maduro de haber matado a \u00abmillones\u00bb<\/p>\n<p>Adem\u00e1s, Donald Trump ha acusado a Nicol\u00e1s Maduro de haber matado \u00aba millones de personas\u00bb y de <strong>tener escondida una \u00abc\u00e1mara de tortura\u00bb <\/strong>en medio de Caracas.<\/p>\n<p>\u00abLlevaban a\u00f1os y a\u00f1os y a\u00f1os detr\u00e1s de este tipo. Y es un tipo violento\u00bb, ha asegurado sobre el mandatario venezolano. \u00abSe sube ah\u00ed arriba e intenta imitar como bailo\u00bb, ha a\u00f1adido el presidente estadounidense. Cabe recordar que fuentes pr\u00f3ximas a la Casa Blanca han declarado al diario estadounidense New York Times que Trump reaccion\u00f3 enfurecido cuando Maduro respondi\u00f3 con bailes a su oferta de negociaci\u00f3n antes de la operaci\u00f3n militar.<\/p>\n<p>\u00abEn cualquier caso es un tipo violento y ha matado a millones de personas. Ha torturado a gente. Tiene una c\u00e1mara de tortura en medio de Caracas\u00bb, ha a\u00f1adido.<\/p>\n<p>Trump dice que en Venezuela hay mucho petr\u00f3leo que perforar<\/p>\n<p>Tras declarar en las semanas previas a la operaci\u00f3n que el Gobierno venezolano estaba \u00abrobando\u00bb el petr\u00f3leo a Estados Unidos, ordenar la incautaci\u00f3n de petroleros, y dejar claro tras el asalto que las petroleras estadounidenses se har\u00e1n cargo de la \u00abreconstrucci\u00f3n\u00bb del pa\u00eds latinoamericano, Trump ha anunciado que en breve se reunir\u00e1 con estas compa\u00f1\u00edas para seguir la evoluci\u00f3n de los acontecimientos.<\/p>\n<p>\u00abMe voy a reunir con las compa\u00f1\u00edas petroleras. Vamos all\u00e1. Ya sab\u00e9is de qu\u00e9 va la cuesti\u00f3n. <strong>Tenemos mucho petr\u00f3leo que perforar y eso nos va a ayudar a bajar los precios\u00bb<\/strong>, ha manifestado.<\/p>\n<p>Trump, adem\u00e1s, se ha declarado convencido de que la operaci\u00f3n militar contra Maduro ha gozado del pleno respaldo de los venezolanos dentro del pa\u00eds, no as\u00ed en la di\u00e1spora de los n\u00facleos urbanos estadounidenses de mayor\u00eda dem\u00f3crata, como Nueva York. \u00abPor cierto, en Venezuela, todos marchan por las calles, les encanta, excepto en Nueva York. \u00bfD\u00f3nde encuentran a esta gente? Son un desastre. Son la gente m\u00e1s guarra que he visto\u00bb, ha dicho.<\/p>\n<p>EE.UU. elimina menci\u00f3n a Maduro como l\u00edder del Cartel de los Soles de su acusaci\u00f3n<\/p>\n<p>El Departamento de Justicia de EE.UU. ha eliminado gran parte de las alusiones al Cartel de los Soles en la nueva imputaci\u00f3n contra Nicol\u00e1s Maduro, al que ya no se\u00f1ala como l\u00edder de la organizaci\u00f3n de narcotr\u00e1fico, caracterizada ahora en el documento como un \u00absistema de clientelismo\u00bb.<\/p>\n<p>Una acusaci\u00f3n de un gran jurado estadounidense en 2020 apuntaba que Maduro \u00abayud\u00f3 a gestionar y en \u00faltima instancia, a liderar el Cartel de los Soles a medida que ascend\u00eda al poder en Venezuela\u00bb, argumentos repetidos por el presidente, Donald Trump, como justificaci\u00f3n para la campa\u00f1a antidrogas que lleva a cabo en el Caribe. Washington tambi\u00e9n ha acusado a la c\u00fapula del Cartel de los Soles de apoyar a organizaciones como el Tren de Aragua y el C\u00e1rtel de Sinaloa como parte de una conspiraci\u00f3n para enviar drogas al territorio norteamericano. <\/p>\n<p>Sin embargo, en la nueva imputaci\u00f3n modificada por la Fiscal\u00eda horas despu\u00e9s de la espectacular captura de Maduro y su esposa, Cilia Flores, en Caracas por fuerzas de Washington, <strong>se rebaja el lenguaje del texto<\/strong> anterior y <strong>se eliminan las alusiones al supuesto cartel<\/strong> como una organizaci\u00f3n real, aunque mantienen los se\u00f1alamientos al venezolano por tr\u00e1fico de drogas. <\/p>\n<p>El documento revisado refleja que Maduro \u00abparticipa, perpet\u00faa y protege una cultura de corrupci\u00f3n en la que poderosas \u00e9lites venezolanas se enriquecen mediante el narcotr\u00e1fico y la protecci\u00f3n de sus socios narcotraficantes\u00bb. Tambi\u00e9n menciona que estas ganancias fluyen hacia funcionarios corruptos que \u00aboperan en un sistema de clientelismo dirigido por quienes est\u00e1n en la cima, conocido como el Cartel de los Soles\u00bb.<\/p>\n<p>Esta es una de las apenas dos menciones en el texto actualizado al supuesto grupo, cuyo nombre proviene de las insignias en forma de sol que portan los generales venezolanos. Como contraste, en la acusaci\u00f3n de 2020 el t\u00e9rmino parece decenas de veces. Esto contrasta con las declaraciones p\u00fablicas de Trump, quien apunt\u00f3 este s\u00e1bado que la operaci\u00f3n militar de captura a Maduro se inscribe en una ofensiva m\u00e1s amplia que incluye, entre otros objetivos, el de descabezar el llamado Cartel de los Soles.<\/p>\n","protected":false},"excerpt":{"rendered":"Ante sus congresistas, en un evento en el Centro Kennedy de Washington, Donald Trump ha abordado la operaci\u00f3n&hellip;\n","protected":false},"author":2,"featured_media":326716,"comment_status":"","ping_status":"","sticky":false,"template":"","format":"standard","meta":{"footnotes":""},"categories":[42],"tags":[17,18,13,14,11,61,62,63,64,19,20,9,10,15,16,12,21,22,65,66,67],"class_list":{"0":"post-326715","1":"post","2":"type-post","3":"status-publish","4":"format-standard","5":"has-post-thumbnail","7":"category-internacional","8":"tag-breaking-news","9":"tag-breakingnews","10":"tag-featured-news","11":"tag-featurednews","12":"tag-headlines","13":"tag-internacional","14":"tag-international","15":"tag-international-news","16":"tag-internationalnews","17":"tag-latest-news","18":"tag-latestnews","19":"tag-news","20":"tag-noticias","21":"tag-noticias-destacadas","22":"tag-noticiasdestacadas","23":"tag-titulares","24":"tag-ultimas-noticias","25":"tag-ultimasnoticias","26":"tag-world","27":"tag-world-news","28":"tag-worldnews"},"share_on_mastodon":{"url":"https:\/\/pubeurope.com\/@es\/115850426704183575","error":""},"_links":{"self":[{"href":"https:\/\/www.europesays.com\/es\/wp-json\/wp\/v2\/posts\/326715","targetHints":{"allow":["GET"]}}],"collection":[{"href":"https:\/\/www.europesays.com\/es\/wp-json\/wp\/v2\/posts"}],"about":[{"href":"https:\/\/www.europesays.com\/es\/wp-json\/wp\/v2\/types\/post"}],"author":[{"embeddable":true,"href":"https:\/\/www.europesays.com\/es\/wp-json\/wp\/v2\/users\/2"}],"replies":[{"embeddable":true,"href":"https:\/\/www.europesays.com\/es\/wp-json\/wp\/v2\/comments?post=326715"}],"version-history":[{"count":0,"href":"https:\/\/www.europesays.com\/es\/wp-json\/wp\/v2\/posts\/326715\/revisions"}],"wp:featuredmedia":[{"embeddable":true,"href":"https:\/\/www.europesays.com\/es\/wp-json\/wp\/v2\/media\/326716"}],"wp:attachment":[{"href":"https:\/\/www.europesays.com\/es\/wp-json\/wp\/v2\/media?parent=326715"}],"wp:term":[{"taxonomy":"category","embeddable":true,"href":"https:\/\/www.europesays.com\/es\/wp-json\/wp\/v2\/categories?post=326715"},{"taxonomy":"post_tag","embeddable":true,"href":"https:\/\/www.europesays.com\/es\/wp-json\/wp\/v2\/tags?post=326715"}],"curies":[{"name":"wp","href":"https:\/\/api.w.org\/{rel}","templated":true}]}}