{"id":326729,"date":"2026-01-06T22:18:17","date_gmt":"2026-01-06T22:18:17","guid":{"rendered":"https:\/\/www.europesays.com\/es\/326729\/"},"modified":"2026-01-06T22:18:17","modified_gmt":"2026-01-06T22:18:17","slug":"pabellon-scenius-26003-daryan-knoblauch","status":"publish","type":"post","link":"https:\/\/www.europesays.com\/es\/326729\/","title":{"rendered":"Pabell\u00f3n Scenius 26003 \/ Daryan Knoblauch"},"content":{"rendered":"<p><a class=\"js-image-size__link \" href=\"https:\/\/www.archdaily.cl\/cl\/1034343\/pabellon-scenius-26003-daryan-knoblauch\/68d14f093cf96c017d001c45-scenius-26003-pavilion-daryan-knoblauch-photo\" rel=\"attachment nofollow noopener\" style=\"width: 100%; height: 100%;\" target=\"_blank\"><img decoding=\"async\" alt=\"Pabell\u00f3n Scenius 26003 \/ Daryan Knoblauch - Imagen 1 de 17\" data-nr-picture-id=\"68d14f093cf96c017d001c45\" fetchpriority=\"high\" height=\"426\" itemprop=\"image\" loading=\"eager\" longdesc=\"https:\/\/www.archdaily.cl\/cl\/1034343\/pabellon-scenius-26003-daryan-knoblauch\/68d14f093cf96c017d001c45-scenius-26003-pavilion-daryan-knoblauch-photo\" src=\"https:\/\/www.europesays.com\/es\/wp-content\/uploads\/2026\/01\/scenius-26003-pavilion-daryan-knoblauch_5.jpg\" style=\"min-height: var(--featured-height, auto); aspect-ratio: auto 640 \/ 426\" width=\"640\"\/><\/a>\u00a9 Laurian Ghini\u021boiu<\/p>\n<p class=\"thumbs afd-desktop-e clearfix\"><a class=\"thumbs__link\" data-nr-picture-id=\"68d14f0a21de2d76094001dd\" href=\"https:\/\/www.archdaily.cl\/cl\/1034343\/pabellon-scenius-26003-daryan-knoblauch\/68d14f0a21de2d76094001dd-scenius-26003-pavilion-daryan-knoblauch-photo\" rel=\"attachment nofollow noopener\" target=\"_blank\"><img loading=\"lazy\" decoding=\"async\" alt=\"Pabell\u00f3n Scenius 26003 \/ Daryan Knoblauch - Fotograf\u00eda exterior, Bosque\" class=\"thumbs__img b-lazy\" data-nr-picture-id=\"68d14f0a21de2d76094001dd\" data-pin-nopin=\"true\" src=\"https:\/\/www.europesays.com\/es\/wp-content\/uploads\/2026\/01\/scenius-26003-pavilion-daryan-knoblauch_13.jpg\" height=\"125\" longdesc=\"https:\/\/www.archdaily.cl\/cl\/1034343\/pabellon-scenius-26003-daryan-knoblauch\/68d14f0a21de2d76094001dd-scenius-26003-pavilion-daryan-knoblauch-photo\" title=\"\u00a9 Laurian Ghini\u021boiu\" width=\"125\"\/><\/a><a class=\"thumbs__link\" data-nr-picture-id=\"68d14f0967a7a410dde6cf1d\" href=\"https:\/\/www.archdaily.cl\/cl\/1034343\/pabellon-scenius-26003-daryan-knoblauch\/68d14f0967a7a410dde6cf1d-scenius-26003-pavilion-daryan-knoblauch-photo\" rel=\"attachment nofollow noopener\" target=\"_blank\"><img loading=\"lazy\" decoding=\"async\" alt=\"Pabell\u00f3n Scenius 26003 \/ Daryan Knoblauch - Fotograf\u00eda exterior\" class=\"thumbs__img b-lazy\" data-nr-picture-id=\"68d14f0967a7a410dde6cf1d\" data-pin-nopin=\"true\" src=\"https:\/\/www.europesays.com\/es\/wp-content\/uploads\/2026\/01\/scenius-26003-pavilion-daryan-knoblauch_6.jpg\" height=\"125\" longdesc=\"https:\/\/www.archdaily.cl\/cl\/1034343\/pabellon-scenius-26003-daryan-knoblauch\/68d14f0967a7a410dde6cf1d-scenius-26003-pavilion-daryan-knoblauch-photo\" title=\"\u00a9 Laurian Ghini\u021boiu\" width=\"125\"\/><\/a><a class=\"thumbs__link\" data-nr-picture-id=\"68d14f0921de2d76094001da\" href=\"https:\/\/www.archdaily.cl\/cl\/1034343\/pabellon-scenius-26003-daryan-knoblauch\/68d14f0921de2d76094001da-scenius-26003-pavilion-daryan-knoblauch-photo\" rel=\"attachment nofollow noopener\" target=\"_blank\"><img loading=\"lazy\" decoding=\"async\" alt=\"Pabell\u00f3n Scenius 26003 \/ Daryan Knoblauch - Imagen 4 de 17\" class=\"thumbs__img b-lazy\" data-nr-picture-id=\"68d14f0921de2d76094001da\" data-pin-nopin=\"true\" src=\"https:\/\/www.europesays.com\/es\/wp-content\/uploads\/2026\/01\/scenius-26003-pavilion-daryan-knoblauch_11.jpg\" height=\"125\" longdesc=\"https:\/\/www.archdaily.cl\/cl\/1034343\/pabellon-scenius-26003-daryan-knoblauch\/68d14f0921de2d76094001da-scenius-26003-pavilion-daryan-knoblauch-photo\" title=\"\u00a9 Laurian Ghini\u021boiu\" width=\"125\"\/><\/a><a class=\"thumbs__link\" data-nr-picture-id=\"68d14f0867a7a410dde6cf1c\" href=\"https:\/\/www.archdaily.cl\/cl\/1034343\/pabellon-scenius-26003-daryan-knoblauch\/68d14f0867a7a410dde6cf1c-scenius-26003-pavilion-daryan-knoblauch-photo\" rel=\"attachment nofollow noopener\" target=\"_blank\"><img loading=\"lazy\" decoding=\"async\" alt=\"Pabell\u00f3n Scenius 26003 \/ Daryan Knoblauch - Fotograf\u00eda exterior, Bosque\" class=\"thumbs__img b-lazy\" data-nr-picture-id=\"68d14f0867a7a410dde6cf1c\" data-pin-nopin=\"true\" src=\"https:\/\/www.europesays.com\/es\/wp-content\/uploads\/2026\/01\/scenius-26003-pavilion-daryan-knoblauch_8.jpg\" height=\"125\" longdesc=\"https:\/\/www.archdaily.cl\/cl\/1034343\/pabellon-scenius-26003-daryan-knoblauch\/68d14f0867a7a410dde6cf1c-scenius-26003-pavilion-daryan-knoblauch-photo\" title=\"\u00a9 Laurian Ghini\u021boiu\" width=\"125\"\/><\/a><a class=\"gallery-link afd-desktop-e\" href=\"https:\/\/www.archdaily.cl\/cl\/1034343\/pabellon-scenius-26003-daryan-knoblauch\/68d14f093cf96c017d001c45-scenius-26003-pavilion-daryan-knoblauch-photo\" rel=\"nofollow noopener\" target=\"_blank\"><img decoding=\"async\" alt=\"Pabell\u00f3n Scenius 26003 \/ Daryan Knoblauch - M\u00e1s Im\u00e1genes\" class=\"thumbs__img b-lazy\" src=\"https:\/\/www.europesays.com\/es\/wp-content\/uploads\/2026\/01\/scenius-26003-pavilion-daryan-knoblauch_5.jpg\" itemprop=\"image\" bad-src=\"data:image\/gif;base64,R0lGODlhAQABAIAAAAUEBAAAACwAAAAAAQABAAACAkQBADs=\"\/>+ 12<\/a><\/p>\n<p>    Compartir<\/p>\n<p>Compartir<\/p>\n<ul class=\"afd-share__networks clearfix\">\n<li class=\"afd-share__social\"><a aria-label=\"Facebook\" class=\"afd-share__button\" data-insights-category=\"share\" data-insights-label=\"facebook_sharing_options\" data-insights-value=\"1034343\" data-social=\"facebook\" href=\"https:\/\/www.facebook.com\/sharer\/sharer.php?u=https:\/\/www.archdaily.cl\/cl\/1034343\/pabellon-scenius-26003-daryan-knoblauch\" rel=\"nofollow noopener\" target=\"_blank\"><\/a>\n<p>Facebook<\/p>\n<\/li>\n<li class=\"afd-share__social\"><a aria-label=\"Twitter\" class=\"afd-share__button\" data-insights-category=\"share\" data-insights-label=\"twitter_sharing_options\" data-insights-value=\"1034343\" data-social=\"twitter\" href=\"https:\/\/twitter.com\/intent\/tweet?text=Pabell%C3%B3n%20Scenius%2026003%20%2F%20Daryan%20Knoblauch&amp;url=https:\/\/www.archdaily.cl\/cl\/1034343\/pabellon-scenius-26003-daryan-knoblauch&amp;via=parq\" rel=\"nofollow noopener\" target=\"_blank\"><\/a>\n<p>Twitter<\/p>\n<\/li>\n<li class=\"afd-share__social\"><a class=\"afd-share__button\" data-insights-category=\"share\" data-insights-label=\"email_sharing_options\" data-insights-value=\"1034343\" data-social=\"email\" href=\"mailto:?subject=Pabell\u00f3n Scenius 26003 \/ Daryan Knoblauch&amp;body=https:\/\/www.archdaily.cl\/cl\/1034343\/pabellon-scenius-26003-daryan-knoblauch\"><\/a>\n<p>Mail<\/p>\n<\/li>\n<li class=\"afd-share__social\"><a aria-label=\"Pinterest\" class=\"afd-share__button\" data-insights-category=\"share\" data-insights-label=\"pinterest_sharing_options\" data-insights-value=\"1034343\" data-social=\"pinterest\" href=\"https:\/\/pinterest.com\/pin\/create\/button\/?url=https%3A%2F%2Fwww.archdaily.cl%2Fcl%2F1034343%2Fpabellon-scenius-26003-daryan-knoblauch&amp;media=https%3A%2F%2Fimages.adsttc.com%2Fmedia%2Fimages%2F68d1%2F4f09%2F3cf9%2F6c01%2F7d00%2F1c45%2Flarge_jpg%2Fscenius-26003-pavilion-daryan-knoblauch_5.jpg%3F1758547753&amp;description=Pabell%C3%B3n%20Scenius%2026003%20%2F%20Daryan%20Knoblauch\" rel=\"nofollow noopener\" target=\"_blank\"><\/a>\n<p>Pinterest<\/p>\n<\/li>\n<li class=\"afd-share__social\"><a aria-label=\"Whatsapp\" class=\"afd-share__button\" data-action=\"share\/whatsapp\/share\" data-insights-category=\"share\" data-insights-label=\"whatsapp_sharing_options\" data-insights-value=\"1034343\" data-social=\"whatsapp\" href=\"whatsapp:\/\/send?text=Pabell%C3%B3n+Scenius+26003+%2F+Daryan+Knoblauch+%7C+https%3A%2F%2Fwww.archdaily.cl%2Fcl%2F1034343%2Fpabellon-scenius-26003-daryan-knoblauch%3Futm_source%3DWhatsapp%26utm_medium%3DIM%26utm_campaign%3Dshare-button\" rel=\"nofollow\"><\/a>\n<p>Whatsapp<\/p>\n<\/li>\n<\/ul>\n<p>O<\/p>\n<p>https:\/\/www.archdaily.cl\/cl\/1034343\/pabellon-scenius-26003-daryan-knoblauch<\/p>\n<p>  Portapapeles<\/p>\n<p>              \u00abCOPY\u00bb<\/p>\n<p>Copiar<\/p>\n<ul class=\"afd-char-list afd-specs__item-container js-char-list\" wp_automatic_readability=\"-1.7267759562842\">\n<li class=\"afd-specs__item\" wp_automatic_readability=\"-1\">\n<p>Arquitectos:<br \/>\n        Daryan Knoblauch <\/p>\n<\/li>\n<li class=\"afd-specs__item\">\n  \u00c1rea<br \/>\n  \u00c1rea del proyecto de arquitectura <\/p>\n<p>\u00c1rea:\u00a0<br \/>\n        <a href=\"https:\/\/www.archdaily.cl\/search\/cl\/projects\/min_area\/200\/max_area\/300?ad_name=project-specs&amp;ad_medium=single\" rel=\"nofollow noopener\" target=\"_blank\">250<\/a> m\u00b2<\/li>\n<li class=\"afd-specs__item\">\n<p>  A\u00f1o<br \/>\n  A\u00f1o del Proyecto de arquitectura<\/p>\n<p>            A\u00f1o:\u00a0<\/p>\n<p>                    <a href=\"https:\/\/www.archdaily.cl\/search\/cl\/projects\/year\/2024?ad_name=project-specs&amp;ad_medium=single\" rel=\"nofollow noopener\" target=\"_blank\"><br \/>\n          2024<br \/>\n        <\/a><\/p>\n<\/li>\n<li class=\"afd-specs__item\">\n<p>  Fot\u00f3grafos<\/p>\n<\/li>\n<\/ul>\n<p><a class=\"js-image-size__link lazy-anchor\" href=\"https:\/\/www.archdaily.cl\/cl\/1034343\/pabellon-scenius-26003-daryan-knoblauch\/68d14f0867a7a410dde6cf1c-scenius-26003-pavilion-daryan-knoblauch-photo\" rel=\"nofollow noopener\" target=\"_blank\"><img decoding=\"async\" alt=\"Pabell\u00f3n Scenius 26003 \/ Daryan Knoblauch - Fotograf\u00eda exterior, Bosque\" data-nr-picture-id=\"68d14f0867a7a410dde6cf1c\" height=\"427\" itemprop=\"image\" loading=\"lazy\" longdesc=\"https:\/\/www.archdaily.cl\/cl\/1034343\/pabellon-scenius-26003-daryan-knoblauch\/68d14f0867a7a410dde6cf1c-scenius-26003-pavilion-daryan-knoblauch-photo\" src=\"https:\/\/www.europesays.com\/es\/wp-content\/uploads\/2026\/01\/1767737893_447_scenius-26003-pavilion-daryan-knoblauch_8.jpg\" width=\"640\"\/>\u00a9 Laurian Ghini\u021boiu<\/a><\/p>\n<p>Descripci\u00f3n enviada por el equipo del proyecto. SCENIUS 26003 es la propuesta ganadora desarrollada por Daryan Knoblauch para un <strong>plan de adaptaci\u00f3n infraestructural a diez a\u00f1os para la ciudad de Logro\u00f1o.<\/strong> La propuesta obtuvo el primer premio tras una convocatoria abierta lanzada por Conc\u00e9ntrico y Porto Academy. El estudio con sede en Berl\u00edn prev\u00e9 utilizar pabellones temporales con un ritmo bianual a lo largo de la pr\u00f3xima d\u00e9cada.<\/p>\n<p><a class=\"js-image-size__link lazy-anchor\" href=\"https:\/\/www.archdaily.cl\/cl\/1034343\/pabellon-scenius-26003-daryan-knoblauch\/68d14f0a21de2d76094001dd-scenius-26003-pavilion-daryan-knoblauch-photo\" rel=\"nofollow noopener\" target=\"_blank\"><img decoding=\"async\" alt=\"Pabell\u00f3n Scenius 26003 \/ Daryan Knoblauch - Fotograf\u00eda exterior, Bosque\" data-nr-picture-id=\"68d14f0a21de2d76094001dd\" height=\"427\" itemprop=\"image\" loading=\"lazy\" longdesc=\"https:\/\/www.archdaily.cl\/cl\/1034343\/pabellon-scenius-26003-daryan-knoblauch\/68d14f0a21de2d76094001dd-scenius-26003-pavilion-daryan-knoblauch-photo\" src=\"https:\/\/www.europesays.com\/es\/wp-content\/uploads\/2026\/01\/1767737894_729_scenius-26003-pavilion-daryan-knoblauch_13.jpg\" width=\"640\"\/>\u00a9 Laurian Ghini\u021boiu<\/a><a class=\"js-image-size__link lazy-anchor\" href=\"https:\/\/www.archdaily.cl\/cl\/1034343\/pabellon-scenius-26003-daryan-knoblauch\/68d14f0967a7a410dde6cf1e-scenius-26003-pavilion-daryan-knoblauch-photo\" rel=\"nofollow noopener\" target=\"_blank\"><img decoding=\"async\" alt=\"Pabell\u00f3n Scenius 26003 \/ Daryan Knoblauch - Fotograf\u00eda exterior\" data-nr-picture-id=\"68d14f0967a7a410dde6cf1e\" height=\"427\" itemprop=\"image\" loading=\"lazy\" longdesc=\"https:\/\/www.archdaily.cl\/cl\/1034343\/pabellon-scenius-26003-daryan-knoblauch\/68d14f0967a7a410dde6cf1e-scenius-26003-pavilion-daryan-knoblauch-photo\" src=\"https:\/\/www.europesays.com\/es\/wp-content\/uploads\/2026\/01\/scenius-26003-pavilion-daryan-knoblauch_9.jpg\" width=\"640\"\/>\u00a9 Laurian Ghini\u021boiu<\/a><\/p>\n<p>El Pabell\u00f3n Meg\u00e1fono es un acto protot\u00edpico de SCENIUS 26003, una arquitectura del movimiento. El pabell\u00f3n est\u00e1 construido a partir de una <strong>estructura tensada de punto personalizada de quince metros de altura, fijada a un \u00fanico punto de montaje de una gr\u00faa alquilada<\/strong>, cuyo brazo se eleva por encima de los \u00e1rboles circundantes, mientras <strong>siete piedras de origen local definen el per\u00edmetro de un vac\u00edo existente al que se conecta la tela.<\/strong><\/p>\n<p><a class=\"js-image-size__link lazy-anchor\" href=\"https:\/\/www.archdaily.cl\/cl\/1034343\/pabellon-scenius-26003-daryan-knoblauch\/68d14f023cf96c017d001c43-scenius-26003-pavilion-daryan-knoblauch-plan\" rel=\"nofollow noopener\" target=\"_blank\"><img decoding=\"async\" alt=\"Pabell\u00f3n Scenius 26003 \/ Daryan Knoblauch - Imagen 16 de 17\" data-nr-picture-id=\"68d14f023cf96c017d001c43\" height=\"427\" itemprop=\"image\" loading=\"lazy\" longdesc=\"https:\/\/www.archdaily.cl\/cl\/1034343\/pabellon-scenius-26003-daryan-knoblauch\/68d14f023cf96c017d001c43-scenius-26003-pavilion-daryan-knoblauch-plan\" src=\"https:\/\/www.europesays.com\/es\/wp-content\/uploads\/2026\/01\/daryan-knoblauch-scenius-26003-plan-2.jpg\" width=\"640\"\/>Planta<\/a><\/p>\n<p>Puede reaccionar a diversas morfolog\u00edas de la ciudad gracias a su estructura tensada flexible. Su textil plateado continuo delimita un refugio temporal de <strong>250 metros cuadrados con una altura de 15 metros<\/strong>, produciendo un <strong>punto de encuentro<\/strong> bajo el cual se escuchan, amplifican y conectan voces locales y externas.<\/p>\n<p><a class=\"js-image-size__link lazy-anchor\" href=\"https:\/\/www.archdaily.cl\/cl\/1034343\/pabellon-scenius-26003-daryan-knoblauch\/68d14f0967a7a410dde6cf1d-scenius-26003-pavilion-daryan-knoblauch-photo\" rel=\"nofollow noopener\" target=\"_blank\"><img decoding=\"async\" alt=\"Pabell\u00f3n Scenius 26003 \/ Daryan Knoblauch - Fotograf\u00eda exterior\" data-nr-picture-id=\"68d14f0967a7a410dde6cf1d\" height=\"427\" itemprop=\"image\" loading=\"lazy\" longdesc=\"https:\/\/www.archdaily.cl\/cl\/1034343\/pabellon-scenius-26003-daryan-knoblauch\/68d14f0967a7a410dde6cf1d-scenius-26003-pavilion-daryan-knoblauch-photo\" src=\"https:\/\/www.europesays.com\/es\/wp-content\/uploads\/2026\/01\/1767737895_624_scenius-26003-pavilion-daryan-knoblauch_6.jpg\" width=\"640\"\/>\u00a9 Laurian Ghini\u021boiu<\/a><a class=\"js-image-size__link lazy-anchor\" href=\"https:\/\/www.archdaily.cl\/cl\/1034343\/pabellon-scenius-26003-daryan-knoblauch\/68d14f0921de2d76094001da-scenius-26003-pavilion-daryan-knoblauch-photo\" rel=\"nofollow noopener\" target=\"_blank\"><img decoding=\"async\" alt=\"Pabell\u00f3n Scenius 26003 \/ Daryan Knoblauch - Imagen 4 de 17\" data-nr-picture-id=\"68d14f0921de2d76094001da\" height=\"427\" itemprop=\"image\" loading=\"lazy\" longdesc=\"https:\/\/www.archdaily.cl\/cl\/1034343\/pabellon-scenius-26003-daryan-knoblauch\/68d14f0921de2d76094001da-scenius-26003-pavilion-daryan-knoblauch-photo\" src=\"https:\/\/www.europesays.com\/es\/wp-content\/uploads\/2026\/01\/1767737895_410_scenius-26003-pavilion-daryan-knoblauch_11.jpg\" width=\"640\"\/>\u00a9 Laurian Ghini\u021boiu<\/a><\/p>\n<p>En lugar de tratar el pabell\u00f3n como un objeto fijo, los dise\u00f1adores lo concibieron como una <strong>membrana receptiva: un dispositivo atmosf\u00e9rico que negocia entre arquitectura, clima y ocupaci\u00f3n colectiva.<\/strong> La estructura tensada a gran escala est\u00e1 suspendida por una gr\u00faa alquilada y anclada por ocho rocas locales, dispuestas dentro del bosque urbano de Logro\u00f1o. La <strong>materialidad de la tela<\/strong> \u2014su capacidad de inflarse, respirar y reflejar la luz\u2014<strong> crea una relaci\u00f3n din\u00e1mica con el viento, la luz solar y los cuerpos que se re\u00fanen bajo ella.<\/strong><\/p>\n<p><a class=\"js-image-size__link lazy-anchor\" href=\"https:\/\/www.archdaily.cl\/cl\/1034343\/pabellon-scenius-26003-daryan-knoblauch\/68d14f0021de2d76094001d9-scenius-26003-pavilion-daryan-knoblauch-elevation\" rel=\"nofollow noopener\" target=\"_blank\"><img decoding=\"async\" alt=\"Pabell\u00f3n Scenius 26003 \/ Daryan Knoblauch - Imagen 17 de 17\" data-nr-picture-id=\"68d14f0021de2d76094001d9\" height=\"427\" itemprop=\"image\" loading=\"lazy\" longdesc=\"https:\/\/www.archdaily.cl\/cl\/1034343\/pabellon-scenius-26003-daryan-knoblauch\/68d14f0021de2d76094001d9-scenius-26003-pavilion-daryan-knoblauch-elevation\" src=\"https:\/\/www.europesays.com\/es\/wp-content\/uploads\/2026\/01\/daryan-knoblauch-scenius-26003-elevation-1.jpg\" width=\"640\"\/>Elevaci\u00f3n<\/a><\/p>\n<p>La estructura tensada m\u00f3vil se define por su ligereza en contraste con la grandeza estoica del entorno. Est\u00e1 <strong>construida completamente a partir de dispositivos que podemos encontrar en la calle<\/strong> con materiales de construcci\u00f3n alternativos.<\/p>\n<p><a class=\"js-image-size__link lazy-anchor\" href=\"https:\/\/www.archdaily.cl\/cl\/1034343\/pabellon-scenius-26003-daryan-knoblauch\/68d14f0a67a7a410dde6cf1f-scenius-26003-pavilion-daryan-knoblauch-photo\" rel=\"nofollow noopener\" target=\"_blank\"><img decoding=\"async\" alt=\"Pabell\u00f3n Scenius 26003 \/ Daryan Knoblauch - Imagen 8 de 17\" data-nr-picture-id=\"68d14f0a67a7a410dde6cf1f\" height=\"427\" itemprop=\"image\" loading=\"lazy\" longdesc=\"https:\/\/www.archdaily.cl\/cl\/1034343\/pabellon-scenius-26003-daryan-knoblauch\/68d14f0a67a7a410dde6cf1f-scenius-26003-pavilion-daryan-knoblauch-photo\" src=\"https:\/\/www.europesays.com\/es\/wp-content\/uploads\/2026\/01\/scenius-26003-pavilion-daryan-knoblauch_7.jpg\" width=\"640\"\/>\u00a9 Laurian Ghini\u021boiu<\/a><a class=\"js-image-size__link lazy-anchor\" href=\"https:\/\/www.archdaily.cl\/cl\/1034343\/pabellon-scenius-26003-daryan-knoblauch\/68d14f0a67a7a410dde6cf20-scenius-26003-pavilion-daryan-knoblauch-photo\" rel=\"nofollow noopener\" target=\"_blank\"><img decoding=\"async\" alt=\"Pabell\u00f3n Scenius 26003 \/ Daryan Knoblauch - Imagen 9 de 17\" data-nr-picture-id=\"68d14f0a67a7a410dde6cf20\" height=\"427\" itemprop=\"image\" loading=\"lazy\" longdesc=\"https:\/\/www.archdaily.cl\/cl\/1034343\/pabellon-scenius-26003-daryan-knoblauch\/68d14f0a67a7a410dde6cf20-scenius-26003-pavilion-daryan-knoblauch-photo\" src=\"https:\/\/www.europesays.com\/es\/wp-content\/uploads\/2026\/01\/scenius-26003-pavilion-daryan-knoblauch_16.jpg\" width=\"640\"\/>\u00a9 Laurian Ghini\u021boiu<\/a><a class=\"js-image-size__link lazy-anchor\" href=\"https:\/\/www.archdaily.cl\/cl\/1034343\/pabellon-scenius-26003-daryan-knoblauch\/68d14f0a3cf96c017d001c49-scenius-26003-pavilion-daryan-knoblauch-photo\" rel=\"nofollow noopener\" target=\"_blank\"><img decoding=\"async\" alt=\"Pabell\u00f3n Scenius 26003 \/ Daryan Knoblauch - Fotograf\u00eda exterior\" data-nr-picture-id=\"68d14f0a3cf96c017d001c49\" height=\"427\" itemprop=\"image\" loading=\"lazy\" longdesc=\"https:\/\/www.archdaily.cl\/cl\/1034343\/pabellon-scenius-26003-daryan-knoblauch\/68d14f0a3cf96c017d001c49-scenius-26003-pavilion-daryan-knoblauch-photo\" src=\"https:\/\/www.europesays.com\/es\/wp-content\/uploads\/2026\/01\/scenius-26003-pavilion-daryan-knoblauch_10.jpg\" width=\"640\"\/>\u00a9 Laurian Ghini\u021boiu<\/a><script async src=\"https:\/\/platform.twitter.com\/widgets.js\" charset=\"utf-8\"><\/script><\/p>\n","protected":false},"excerpt":{"rendered":"\u00a9 Laurian Ghini\u021boiu + 12 Compartir Compartir Facebook Twitter Mail Pinterest Whatsapp O https:\/\/www.archdaily.cl\/cl\/1034343\/pabellon-scenius-26003-daryan-knoblauch Portapapeles \u00abCOPY\u00bb Copiar Arquitectos:&hellip;\n","protected":false},"author":2,"featured_media":326730,"comment_status":"","ping_status":"","sticky":false,"template":"","format":"standard","meta":{"footnotes":""},"categories":[173],"tags":[801,2968,229,233,231,230,232,234,146,147,25,24,75555,9655,6173,9656,23],"class_list":{"0":"post-326729","1":"post","2":"type-post","3":"status-publish","4":"format-standard","5":"has-post-thumbnail","7":"category-arte-y-diseno","8":"tag-arquitectura","9":"tag-arquitectura-cultural","10":"tag-arte","11":"tag-arte-y-diseno","12":"tag-arts","13":"tag-arts-and-design","14":"tag-design","15":"tag-diseno","16":"tag-entertainment","17":"tag-entretenimiento","18":"tag-es","19":"tag-espana","20":"tag-instalaciones-temporales","21":"tag-instalaciones-y-estructuras","22":"tag-logrono","23":"tag-paisaje-y-arquitectura","24":"tag-spain"},"share_on_mastodon":{"url":"https:\/\/pubeurope.com\/@es\/115850478205020907","error":""},"_links":{"self":[{"href":"https:\/\/www.europesays.com\/es\/wp-json\/wp\/v2\/posts\/326729","targetHints":{"allow":["GET"]}}],"collection":[{"href":"https:\/\/www.europesays.com\/es\/wp-json\/wp\/v2\/posts"}],"about":[{"href":"https:\/\/www.europesays.com\/es\/wp-json\/wp\/v2\/types\/post"}],"author":[{"embeddable":true,"href":"https:\/\/www.europesays.com\/es\/wp-json\/wp\/v2\/users\/2"}],"replies":[{"embeddable":true,"href":"https:\/\/www.europesays.com\/es\/wp-json\/wp\/v2\/comments?post=326729"}],"version-history":[{"count":0,"href":"https:\/\/www.europesays.com\/es\/wp-json\/wp\/v2\/posts\/326729\/revisions"}],"wp:featuredmedia":[{"embeddable":true,"href":"https:\/\/www.europesays.com\/es\/wp-json\/wp\/v2\/media\/326730"}],"wp:attachment":[{"href":"https:\/\/www.europesays.com\/es\/wp-json\/wp\/v2\/media?parent=326729"}],"wp:term":[{"taxonomy":"category","embeddable":true,"href":"https:\/\/www.europesays.com\/es\/wp-json\/wp\/v2\/categories?post=326729"},{"taxonomy":"post_tag","embeddable":true,"href":"https:\/\/www.europesays.com\/es\/wp-json\/wp\/v2\/tags?post=326729"}],"curies":[{"name":"wp","href":"https:\/\/api.w.org\/{rel}","templated":true}]}}