{"id":326746,"date":"2026-01-06T22:29:59","date_gmt":"2026-01-06T22:29:59","guid":{"rendered":"https:\/\/www.europesays.com\/es\/326746\/"},"modified":"2026-01-06T22:29:59","modified_gmt":"2026-01-06T22:29:59","slug":"sanchez-abre-la-puerta-a-enviar-tropas-a-ucrania-expansion","status":"publish","type":"post","link":"https:\/\/www.europesays.com\/es\/326746\/","title":{"rendered":"S\u00e1nchez abre la puerta a enviar tropas a Ucrania &#8211; Expansi\u00f3n"},"content":{"rendered":"<ol>\n<li><a href=\"https:\/\/news.google.com\/rss\/articles\/CBMijAFBVV95cUxQMF9yVy1oU2c3cVZZNlBsV1JaTVVwMlc4NV9PZlVpZnRXeE96TFlRbjhHeThqWU8xMzFEVWZlVFVMbW9OOGduTTdQc09GcnowbHZpU3Y0OWdJdGFJSWp0eWxmWnlZLTZXVjBXYnRzVHZialItRzh2RExfamdQM1BtU1BYeVhETjBZQW8tctIBjAFBVV95cUxNNk01UWFzZXVYTGtFZkctS0RIRWpISHg5TDM2V09RN0pVbE9aU3JlOEhIbmxyZVhETHdWbW9hQ3k1Wjc2bzZQU0xMLUxQNy12OE9oYm1Ea1diNmxFdDJUcXVaS1VTeWZjN0pQd05vT0JwQ1RJcGZKTmJXTjZQRjRZWlB3RGVGVUxOZUJPMA?oc=5\" target=\"_blank\" rel=\"nofollow noopener\">S\u00e1nchez abre la puerta a enviar tropas a Ucrania<\/a>&nbsp;&nbsp;Expansi\u00f3n<\/li>\n<li><a href=\"https:\/\/news.google.com\/rss\/articles\/CBMiekFVX3lxTE9tU2lVa0pVQ1l1SUo3WHdfVzdfQTRMMkU2VEdrRmVMc1oyaUdieFl6TFQ2UTlUOXQ1NG1FQ1pua1EwU2h2eGVjV3QyNEd2TjhQaExaUGRYU3ZBcVk4cG9fUXVVUnNRR2JQR2FYZDBmX0R6NTBFanV0Nnhn0gF6QVVfeXFMTXRFSUowcldJQWpSbi1LY2tTd0sydnBlQndaNHV4SUdkQ3YzZnRXX2RfRzhlbDlmTFhKSWpkVGdwOFpWX2FUVXljajk2eE00S0E2WUlJTUZPcDNzQ01pQ1N0dFZmemNiZnI2ZkdHSmdrZUZvZzRScW1Bd3c?oc=5\" target=\"_blank\" rel=\"nofollow noopener\">S\u00e1nchez se arriesga al comprometerse a enviar tropas a Ucrania sin poder usar ya ning\u00fan atajo en el Congreso<\/a>&nbsp;&nbsp;El Mundo<\/li>\n<li><a href=\"https:\/\/news.google.com\/rss\/articles\/CBMi_wFBVV95cUxNUUdheUhGM2U0SW1TVDBMRVB2LWV4N0RrbEJsSGRVRncwM3VGRWtpZzVfdVZCVjlPbllLSDEwSUdab1I2VnBwM1Y1cnFnWmpqbGRYMVVickFkaldMWTgxQ25TRnpHMUFhcWZMZFA5T3hzbm9OU242VGdLMFdlOUxyMktNd3JHcHM2dmF1SkFGRjdIeFBDaDNtalEwc2N6eXZsQ1loNFJPeGlUNHhtZnpXZmJmQll4MC1FZDllZU1TNDAzVUEtSzl5UGRXZUFpR2JTU0ZubEFLN1VGM0d0NmVLcGJXTHN1UzNRVmZNQmxIMFNmTXFZeWlSQTlKYVcxQjg?oc=5\" target=\"_blank\" rel=\"nofollow noopener\">S\u00e1nchez convoca una ronda con la mayor\u00eda de grupos pol\u00edticos para abordar el env\u00edo de tropas de paz a Ucrania cuando acabe la guerra<\/a>&nbsp;&nbsp;EL PA\u00cdS<\/li>\n<li><a href=\"https:\/\/news.google.com\/rss\/articles\/CBMitAFBVV95cUxOS2VITFczbG5STUZiS3R3RjF3S3pfVHJoUXBDN2FUenZia2JTenpUeXgxampGMDIwMUk0SVk2aXF0R1RpRVJiVkV0eV9qbmMxWktBbmJBbDNTei01ZXZVOTVNNEN0VUlJVWVWLVAybjBpNkdXaTZSVTVBY3hLeE91a2E0QmRnbklnMDNiRHhuazFnTGdERUpIYXVfU1AyTC1lVElFWjFYRVBzU3dMcVpYRy1VTVU?oc=5\" target=\"_blank\" rel=\"nofollow noopener\">En directo: Comparecencia de Pedro S\u00e1nchez tras la reuni\u00f3n de la Coalici\u00f3n de Voluntarios por Ucrania<\/a>&nbsp;&nbsp;La Moncloa<\/li>\n<li><a href=\"https:\/\/news.google.com\/rss\/articles\/CBMi4wFBVV95cUxQMWczbnFkVVp2WXJjWHozV3lrdEVQdWlJNmtVUThxX2QzWUhsQ1o1Z2x3aEp5OE1xcGpIcE9QMGdvczNFcXQ1Zno0cDJNVUtoNXA4UDhZc3J5TEhmZDQxMjdtSEtydnZqZ243dzhFUEZGekZaeDhEbjVIZFRaVVRsVC12LXI0TGVBdGZXR3dYemFPdHZSNUtXdFNhWF93b2pLNks5SU5lNGg0eG81Z2l2Tlg3U2p2WFRHMmtMOFJ0ZF9KRE9PdDUyV1RqWDh4ZWNGZmVxeU1aMHhxSmdmR0s0eHZIb9IB6AFBVV95cUxPa0xMYy1qWVZwbVVscFRBSmUzOG4tYjRCLWVhbzA1OHlmUV9NWjdvNnVyZTV4UVp3OVVzUFl5RHNPdGJ3VURjMHN4dnY1S1FBTjBINU9LM3J0NGFFMDFjLVlTQkdhOWg0NGZiWWM5Yzd5SGZWRUx6cTNxSGJXOHRtMmVLaHp5eXU4eE16R1pTTVRWS0RUei1tRTY5andqV1M5S3ZnRTNSWHNlTHQwOEc4OTh2cm9uczNEV3FCT3dfRlQ2dW92ZDM0Zk1yX3c0UE1COWtvR0NOZjVzc3c4bF94NlAwMjFRMFQw?oc=5\" target=\"_blank\" rel=\"nofollow noopener\">Feij\u00f3o recrimina que S\u00e1nchez no acudiera al desfile de la Pascua Militar&#8230; por estar en una cumbre internacional: \u00abLa derecha m\u00e1s provinciana de Europa\u00bb<\/a>&nbsp;&nbsp;Diario P\u00fablico<\/li>\n<\/ol>\n","protected":false},"excerpt":{"rendered":"S\u00e1nchez abre la puerta a enviar tropas a Ucrania&nbsp;&nbsp;Expansi\u00f3n S\u00e1nchez se arriesga al comprometerse a enviar tropas a&hellip;\n","protected":false},"author":2,"featured_media":297172,"comment_status":"","ping_status":"","sticky":false,"template":"","format":"standard","meta":{"footnotes":""},"categories":[8],"tags":[17,18,25,24,13,14,11,19,20,9,10,15,16,23,12,21,22],"class_list":{"0":"post-326746","1":"post","2":"type-post","3":"status-publish","4":"format-standard","5":"has-post-thumbnail","7":"category-espana","8":"tag-breaking-news","9":"tag-breakingnews","10":"tag-es","11":"tag-espana","12":"tag-featured-news","13":"tag-featurednews","14":"tag-headlines","15":"tag-latest-news","16":"tag-latestnews","17":"tag-news","18":"tag-noticias","19":"tag-noticias-destacadas","20":"tag-noticiasdestacadas","21":"tag-spain","22":"tag-titulares","23":"tag-ultimas-noticias","24":"tag-ultimasnoticias"},"share_on_mastodon":{"url":"https:\/\/pubeurope.com\/@es\/115850524999796656","error":""},"_links":{"self":[{"href":"https:\/\/www.europesays.com\/es\/wp-json\/wp\/v2\/posts\/326746","targetHints":{"allow":["GET"]}}],"collection":[{"href":"https:\/\/www.europesays.com\/es\/wp-json\/wp\/v2\/posts"}],"about":[{"href":"https:\/\/www.europesays.com\/es\/wp-json\/wp\/v2\/types\/post"}],"author":[{"embeddable":true,"href":"https:\/\/www.europesays.com\/es\/wp-json\/wp\/v2\/users\/2"}],"replies":[{"embeddable":true,"href":"https:\/\/www.europesays.com\/es\/wp-json\/wp\/v2\/comments?post=326746"}],"version-history":[{"count":0,"href":"https:\/\/www.europesays.com\/es\/wp-json\/wp\/v2\/posts\/326746\/revisions"}],"wp:featuredmedia":[{"embeddable":true,"href":"https:\/\/www.europesays.com\/es\/wp-json\/wp\/v2\/media\/297172"}],"wp:attachment":[{"href":"https:\/\/www.europesays.com\/es\/wp-json\/wp\/v2\/media?parent=326746"}],"wp:term":[{"taxonomy":"category","embeddable":true,"href":"https:\/\/www.europesays.com\/es\/wp-json\/wp\/v2\/categories?post=326746"},{"taxonomy":"post_tag","embeddable":true,"href":"https:\/\/www.europesays.com\/es\/wp-json\/wp\/v2\/tags?post=326746"}],"curies":[{"name":"wp","href":"https:\/\/api.w.org\/{rel}","templated":true}]}}