{"id":326803,"date":"2026-01-06T23:18:22","date_gmt":"2026-01-06T23:18:22","guid":{"rendered":"https:\/\/www.europesays.com\/es\/326803\/"},"modified":"2026-01-06T23:18:22","modified_gmt":"2026-01-06T23:18:22","slug":"nuevo-ano-nuevas-opciones-para-formarse-en-cornella-encuentra-la-tuya","status":"publish","type":"post","link":"https:\/\/www.europesays.com\/es\/326803\/","title":{"rendered":"Nuevo a\u00f1o, nuevas opciones para formarse en Cornell\u00e0: encuentra la tuya"},"content":{"rendered":"<p>Si entre vuestros prop\u00f3sitos de cara al nuevo a\u00f1o hay formarse, aprender o cuidarse, da igual vuestra edad, en los equipamientos municipales ten\u00e9is muchas opciones y seguro que alguna de ellas os encaja con vuestros gustos y vuestra disponibilidad.<\/p>\n<p>Tres centros c\u00edvicos llenos de opciones<\/p>\n<p>A\u00fan est\u00e1s a tiempo para iniciar una nueva actividad l\u00fadica y formativa, o para mejorar tu bienestar. La Red de Centros C\u00edvicos de la ciudad han terminado un programa diverso y amplio para este invierno, m\u00e1s de sesenta propuestas de cocina, educaci\u00f3n art\u00edstica, idiomas, m\u00fasica o cuidado de tu cuerpo y tu mente.Inscripciones hasta el 9 de enero (m\u00e1s informaci\u00f3n y detalles de contacto en el pdf adjunto).<\/p>\n<ul>\n<li>\n<img decoding=\"async\" alt=\"20250225-taller benestar PELL-4870.jpg\" src=\"https:\/\/www.europesays.com\/es\/wp-content\/uploads\/2026\/01\/4f99cfd1-4c24-4109-88be-3fe9a48022b1.jpeg\" class=\"image-right\" title=\"20250225-taller benestar PELL-4870.jpg\"\/><br \/>\n<strong>Centre C\u00edvic de Sant Ildefons (c. Gerdera, s\/n\u00fam.).<\/strong> Muchas propuestas de arte y formaci\u00f3n en colaboraci\u00f3n con las entidades del barrio. Tambi\u00e9n gestiona las actividades del Casal del barrio\u00a0(av. Sant Ildefons, 1).<\/li>\n<li><strong>Centre C\u00edvic Joan N. Garc\u00eda-Nieto (c. Moss\u00e8n Andreu 13-19, 4a planta)<\/strong>. No faltan el taller de arte, arteterapia, confecci\u00f3n o risoterapia.<\/li>\n<li><strong>Centre C\u00edvic del PELL (Av. del Baix Llobregat, s\/n\u00fam).<\/strong> Muchas actividades est\u00e1n vinculadas a la educaci\u00f3n art\u00edstica, como distintos cursos de fotograf\u00eda, y al bienestar, tanto del cuerpo como de la mente.<\/li>\n<\/ul>\n<p><a href=\"https:\/\/www.cornella.cat\/ca\/media\/cornella-humana\/accio-comunitaria\/xccc_hivern_26_web.pdf\" target=\"_blank\" rel=\"noopener nofollow\" class=\"btn btn-danger\">Xarxa Centres C\u00edvics &#8211; programaci\u00f3n invierno 2026<\/a><\/p>\n<p>\u00a0<\/p>\n<p><img decoding=\"async\" alt=\"Logo EHC.jpeg\" src=\"https:\/\/www.europesays.com\/es\/wp-content\/uploads\/2026\/01\/4d495b36-c741-403e-b5bf-f80caf4364cb.jpeg\" class=\"image-right\" title=\"Logo EHC.jpeg\"\/>Formaci\u00f3n en humanidades<\/p>\n<p>La Escuela de Humanidades de Cornell\u00e0 comienza este a\u00f1o con una gran renovaci\u00f3n de sus propuestas. Hay dos cursos programados que comienzan en las pr\u00f3ximas semanas, adem\u00e1s de otras actividades enriquecedoras como una conferencia, sobre la empat\u00eda, u obras de teatro. M\u00e1s informaci\u00f3n en el Departamento de Progreso Moral (93 474 33 99) o en el correo\u00a0<a href=\"https:\/\/www.cornella.cat\/es\/actualidad\/noticias\/mailto:escolahumanitats@aj-cornella.cat\" target=\"_blank\" rel=\"noopener nofollow\">escolahumanitats@aj-cornella.cat<\/a><\/p>\n<ul>\n<li>Curso\u00a0<strong>Tejer comunidad:\u00a0formaci\u00f3n para una\u00a0ciudad emp\u00e1tica<\/strong>.Del 14 de enero al 18 de marzo<\/li>\n<li>Curso\u00a0<strong>Mujeres artistas en\u00a0Catalunya en el siglo XX. Una historia de arte y reivindicaci\u00f3n<\/strong>.Del 5 de febrero al 12 de marzo<\/li>\n<\/ul>\n<p><a href=\"https:\/\/www.cornella.cat\/ca\/media\/cornella-humana\/educacio\/ehc_a3_0126_web.pdf\" target=\"_blank\" rel=\"noopener nofollow\" class=\"btn btn-warning\">Escola d&#8217;Humanitats de Cornell\u00e0 &#8211; inivierno 2026<\/a><\/p>\n<p>\u00a0<\/p>\n<p><img decoding=\"async\" alt=\"20250203-curs empoderament CIRD-6284.jpg\" src=\"https:\/\/www.europesays.com\/es\/wp-content\/uploads\/2026\/01\/59c7394f-bd32-4459-8304-f136fdb35fac.jpeg\" class=\"image-right\" title=\"20250203-curs empoderament CIRD-6284.jpg\"\/>Con \u00f3ptica de mujer<\/p>\n<p>El <strong>Centro de Informaci\u00f3n y Recursos para las Mujeres (CIRD)<\/strong> abre el plazo de inscripciones en sus cursos y talleres del primer semestre este mi\u00e9rcoles 7 de enero. Como siempre, formaci\u00f3n especialmente dirigida a mujeres que aborda temas como la autoestima y la salud, la historia, las artes&#8230; Y tambi\u00e9n las charlas Las Tardes de las Mujeres, los mi\u00e9rcoles. Todas las actividades se realizan en la sede el CIRD y son gratuitas.<\/p>\n<p>Os pod\u00e9is inscribir enviando un correo electr\u00f3nico a <a href=\"https:\/\/www.cornella.cat\/es\/actualidad\/noticias\/mailto:igualtat@aj-cornella.cat\" target=\"_blank\" rel=\"noopener nofollow\">igualtat@aj-cornella.cat<\/a> o por mensaje privado a trav\u00e9s del perfil de Instagram @igualdadcornella. Tambi\u00e9n se puede contactar de lunes a viernes, de 9 a 14 h, llamando al 93 474 28 41 o directamente en persona, en la calle Moss\u00e8n Jacint Verdaguer, 16-18.<\/p>\n<p><a href=\"https:\/\/www.cornella.cat\/ca\/media\/igualtat-inclusio-i-diversitat\/politiques-digualtat\/documents\/cursos-cird-0126-web.pdf\" target=\"_blank\" rel=\"noopener nofollow\" class=\"btn btn-info\">Cursos CIRD enero-junio 2026<\/a><\/p>\n<p>\u00a0<\/p>\n","protected":false},"excerpt":{"rendered":"Si entre vuestros prop\u00f3sitos de cara al nuevo a\u00f1o hay formarse, aprender o cuidarse, da igual vuestra edad,&hellip;\n","protected":false},"author":2,"featured_media":326804,"comment_status":"","ping_status":"","sticky":false,"template":"","format":"standard","meta":{"footnotes":""},"categories":[8],"tags":[17,18,25,24,13,14,11,19,20,9,10,15,16,23,12,21,22],"class_list":{"0":"post-326803","1":"post","2":"type-post","3":"status-publish","4":"format-standard","5":"has-post-thumbnail","7":"category-espana","8":"tag-breaking-news","9":"tag-breakingnews","10":"tag-es","11":"tag-espana","12":"tag-featured-news","13":"tag-featurednews","14":"tag-headlines","15":"tag-latest-news","16":"tag-latestnews","17":"tag-news","18":"tag-noticias","19":"tag-noticias-destacadas","20":"tag-noticiasdestacadas","21":"tag-spain","22":"tag-titulares","23":"tag-ultimas-noticias","24":"tag-ultimasnoticias"},"share_on_mastodon":{"url":"https:\/\/pubeurope.com\/@es\/115850713767072554","error":""},"_links":{"self":[{"href":"https:\/\/www.europesays.com\/es\/wp-json\/wp\/v2\/posts\/326803","targetHints":{"allow":["GET"]}}],"collection":[{"href":"https:\/\/www.europesays.com\/es\/wp-json\/wp\/v2\/posts"}],"about":[{"href":"https:\/\/www.europesays.com\/es\/wp-json\/wp\/v2\/types\/post"}],"author":[{"embeddable":true,"href":"https:\/\/www.europesays.com\/es\/wp-json\/wp\/v2\/users\/2"}],"replies":[{"embeddable":true,"href":"https:\/\/www.europesays.com\/es\/wp-json\/wp\/v2\/comments?post=326803"}],"version-history":[{"count":0,"href":"https:\/\/www.europesays.com\/es\/wp-json\/wp\/v2\/posts\/326803\/revisions"}],"wp:featuredmedia":[{"embeddable":true,"href":"https:\/\/www.europesays.com\/es\/wp-json\/wp\/v2\/media\/326804"}],"wp:attachment":[{"href":"https:\/\/www.europesays.com\/es\/wp-json\/wp\/v2\/media?parent=326803"}],"wp:term":[{"taxonomy":"category","embeddable":true,"href":"https:\/\/www.europesays.com\/es\/wp-json\/wp\/v2\/categories?post=326803"},{"taxonomy":"post_tag","embeddable":true,"href":"https:\/\/www.europesays.com\/es\/wp-json\/wp\/v2\/tags?post=326803"}],"curies":[{"name":"wp","href":"https:\/\/api.w.org\/{rel}","templated":true}]}}