{"id":326811,"date":"2026-01-06T23:29:08","date_gmt":"2026-01-06T23:29:08","guid":{"rendered":"https:\/\/www.europesays.com\/es\/326811\/"},"modified":"2026-01-06T23:29:08","modified_gmt":"2026-01-06T23:29:08","slug":"asi-es-maria-bernabe-la-sobrina-de-isabel-preysler-que-triunfa-en-el-mundo-del-futbol","status":"publish","type":"post","link":"https:\/\/www.europesays.com\/es\/326811\/","title":{"rendered":"As\u00ed es Mar\u00eda Bernab\u00e9 la sobrina de Isabel Preysler que triunfa en el mundo del f\u00fatbol"},"content":{"rendered":"<p style=\"\">Mar\u00eda Bernab\u00e9 Rubio es una abogada madrile\u00f1a que, hasta hace apenas unos meses, era pr\u00e1cticamente desconocida fuera de ciertos c\u00edrculos profesionales. Sin embargo, su nombre ha comenzado a ocupar titulares debido a su parentesco con <a href=\"https:\/\/www.abc.es\/gente\/fascinantes-memorias-isabel-preysler-cartas-amor-nobel-20251022173407-nt.html\" target=\"_self\" data-voc-vtm-id=\"in-text-traffic\" title=\"Isabel Preysler\" data-mrf-link=\"www.abc.es\" rel=\"nofollow noopener\">Isabel Preysler<\/a>, a su trayectoria en el mundo del  &#8230; deporte y a sus recientes declaraciones sobre &#8216;Mi verdadera historia&#8217;, <a href=\"https:\/\/www.abc.es\/play\/television\/noticias\/maximo-huerta-despacha-gusto-memorias-isabel-preysler-20251022124334-nt.html\" target=\"_self\" data-voc-vtm-id=\"in-text-traffic\" title=\"el libro de memorias que ha publicado la socialit\u00e9\" data-mrf-link=\"www.abc.es\" rel=\"nofollow noopener\">el libro de memorias que ha publicado la socialit\u00e9<\/a>. Su aparici\u00f3n p\u00fablica ha generado curiosidad no solo por su v\u00ednculo familiar, sino tambi\u00e9n por su perfil profesional, que combina derecho, gesti\u00f3n empresarial y un paso destacado por el f\u00fatbol espa\u00f1ol.<\/p>\n<p class=\"voc-p\" style=\"\">El parentesco que une a Mar\u00eda con Isabel Preysler procede de la rama materna de su familia. Ella misma explic\u00f3 que \u00abmi abuela materna es hermana de la madre de Isabel, de &#8216;tita&#8217; Betty\u00bb, lo que convierte a su madre e Isabel en primas y a ella en sobrina segunda de la socialit\u00e9. Esto la sit\u00faa tambi\u00e9n en <strong>un parentesco lejano con figuras conocidas como Tamara Falc\u00f3 o Ana Boyer<\/strong>. Seg\u00fan ha contado, creci\u00f3 viendo a algunos de estos familiares en encuentros puntuales, especialmente durante su infancia, pero nunca form\u00f3 parte del n\u00facleo medi\u00e1tico que rodea a Preysler. De hecho, asegur\u00f3: \u00abA la que m\u00e1s he visto ha sido a Ana Boyer cuando \u00e9ramos peque\u00f1as. A d\u00eda de hoy no tengo una relaci\u00f3n estrecha con ellas\u00bb, dejando claro que su vida ha seguido un rumbo propio y discreto.<\/p>\n<p class=\"voc-p\" style=\"\">En el \u00e1mbito profesional, Mar\u00eda Bernab\u00e9 se licenci\u00f3 en Derecho tras haber cursado previamente estudios en Educaci\u00f3n Infantil. Con el paso del tiempo se especializ\u00f3 en \u00e1reas jur\u00eddicas relacionadas con la empresa y la gesti\u00f3n, trabajando como abogada en distintos proyectos antes de dar un paso significativo en su carrera: su entrada en el mundo del f\u00fatbol. A finales de 2024, <strong>Bernab\u00e9 fue nombrada presidenta del Club Deportivo Badajoz, convirti\u00e9ndose en la primera mujer en 120 a\u00f1os de historia del club en ocupar ese cargo<\/strong>. Su llegada fue destacada tanto por el hecho hist\u00f3rico como por el perfil at\u00edpico de una mujer joven al frente de una entidad deportiva tradicional.<\/p>\n<p class=\"voc-p\" style=\"\">Sobre esta etapa, Bernab\u00e9 ha expresado que <strong>\u00abha sido un proyecto apasionante, al que le he dedicado casi un a\u00f1o y medio\u00bb<\/strong>, en referencia al tiempo en que estuvo involucrada con el equipo. Antes de asumir la presidencia ya trabajaba con el club como abogada de la propiedad, y ese papel la llev\u00f3 a conocer de primera mano la estructura interna y los retos de la entidad. Su experiencia previa en el deporte viene de lejos: durante su adolescencia fue gimnasta a nivel competitivo. \u00abHasta los 18 a\u00f1os me dediqu\u00e9 en cuerpo y alma a la gimnasia r\u00edtmica\u00bb, ha relatado, una disciplina que considera muy \u00fatil en su vida actual. <strong>\u00abEsa implicaci\u00f3n y esa disciplina la tienen todos los deportes. Me ha servido siempre\u00bb<\/strong>, afirm\u00f3 al hablar de su formaci\u00f3n deportiva.<\/p>\n<p class=\"voc-title\">Bernab\u00e9 fue nombrada presidenta del Club Deportivo Badajoz, convirti\u00e9ndose en la primera mujer en 120 a\u00f1os de historia del club en ocupar ese cargo<\/p>\n<p class=\"voc-p\" style=\"\">Su nombre ha aparecido con fuerza en los medios cuando comenz\u00f3 la promoci\u00f3n de las memorias de Isabel Preysler. La socialit\u00e9 public\u00f3 un libro en el que repasa su infancia, sus matrimonios, su vida p\u00fablica y privada, y los episodios m\u00e1s decisivos de su trayectoria. A ra\u00edz de esta publicaci\u00f3n, Mar\u00eda Bernab\u00e9 fue consultada por diversos medios, ofreciendo su punto de vista familiar sobre el contenido del libro. Sus declaraciones llamaron la atenci\u00f3n, especialmente cuando se\u00f1al\u00f3 que<strong> \u00abaunque pueda parecer una vida id\u00edlica, ha sufrido mucho\u00bb<\/strong>, apuntando a los cap\u00edtulos en los que Preysler relata momentos dif\u00edciles. Tambi\u00e9n coment\u00f3 que se encontraba leyendo la obra y que le estaba permitiendo descubrir aspectos que desconoc\u00eda: \u00abEstoy pendiente de terminarlo, pero me est\u00e1 gustando mucho. Con \u00e9l puedes viajar un poco e imaginar c\u00f3mo era aquella \u00e9poca\u00bb.<\/p>\n<p><img decoding=\"async\" loading=\"lazy\" src=\"https:\/\/www.europesays.com\/es\/wp-content\/uploads\/2026\/01\/maria-bernabe_20260105095032-U60772424451yLc-760x427@diario_abc.jpg\" class=\"voc-img\" width=\"760\" height=\"427\" alt=\"As\u00ed es Mar\u00eda Bernab\u00e9 la sobrina de Isabel Preysler que triunfa en el mundo del f\u00fatbol\" data-voc-vtm-id=\"in-text-traffic\"\/><\/p>\n<p>redes<\/p>\n<p class=\"voc-p\" style=\"\">Adem\u00e1s de sus declaraciones sobre el libro, Mar\u00eda aport\u00f3 otras informaciones sobre su familia directa, lo que ha permitido perfilar mejor qui\u00e9n es. Coment\u00f3 que tiene dos hermanos: una hermana dedicada al \u00e1mbito de la nutrici\u00f3n y un hermano que trabaja en investigaci\u00f3n biotecnol\u00f3gica en Londres. Respecto a su propia vida personal, ha dicho en varias ocasiones que <strong>actualmente vive en Madrid, que no tiene hijos y que contin\u00faa desarrollando proyectos profesionales vinculados tanto al derecho como a la gesti\u00f3n empresarial<\/strong>. Cuando era presidenta del Badajoz, viajaba con frecuencia entre Madrid y Extremadura para compaginar su trabajo en el club con otras responsabilidades laborales.<\/p>\n<p class=\"voc-p\" style=\"\">Su irrupci\u00f3n en la esfera medi\u00e1tica ha llevado a que muchos lectores quieran saber m\u00e1s sobre ella, no solo por su apellido ni por su conexi\u00f3n con una de las familias m\u00e1s fotografiadas del pa\u00eds, sino por su trayectoria profesional, y su acceso a un sector como el f\u00fatbol, que hist\u00f3ricamente era dominado por hombres y su papel reciente como voz familiar en un libro que ha tenido una gran repercusi\u00f3n. En sus entrevistas, Mar\u00eda tambi\u00e9n ha explicado que su inter\u00e9s actual est\u00e1 en el desarrollo de una family office y en ampliar su presencia en el \u00e1mbito empresarial. Aunque no ha detallado en qu\u00e9 consisten exactamente estos proyectos, s\u00ed ha dicho que requieren una dedicaci\u00f3n que no pod\u00eda compaginar con la presidencia del club.<\/p>\n","protected":false},"excerpt":{"rendered":"Mar\u00eda Bernab\u00e9 Rubio es una abogada madrile\u00f1a que, hasta hace apenas unos meses, era pr\u00e1cticamente desconocida fuera de&hellip;\n","protected":false},"author":2,"featured_media":326812,"comment_status":"","ping_status":"","sticky":false,"template":"","format":"standard","meta":{"footnotes":""},"categories":[174],"tags":[56868,255,146,147,25,24,256,282,1932,3013,43579,75565,23,11443],"class_list":{"0":"post-326811","1":"post","2":"type-post","3":"status-publish","4":"format-standard","5":"has-post-thumbnail","7":"category-famosos","8":"tag-bernabe","9":"tag-celebrities","10":"tag-entertainment","11":"tag-entretenimiento","12":"tag-es","13":"tag-espana","14":"tag-famosos","15":"tag-futbol","16":"tag-maria","17":"tag-mundo","18":"tag-preysler","19":"tag-sobrina","20":"tag-spain","21":"tag-triunfa"},"share_on_mastodon":{"url":"https:\/\/pubeurope.com\/@es\/115850756947978228","error":""},"_links":{"self":[{"href":"https:\/\/www.europesays.com\/es\/wp-json\/wp\/v2\/posts\/326811","targetHints":{"allow":["GET"]}}],"collection":[{"href":"https:\/\/www.europesays.com\/es\/wp-json\/wp\/v2\/posts"}],"about":[{"href":"https:\/\/www.europesays.com\/es\/wp-json\/wp\/v2\/types\/post"}],"author":[{"embeddable":true,"href":"https:\/\/www.europesays.com\/es\/wp-json\/wp\/v2\/users\/2"}],"replies":[{"embeddable":true,"href":"https:\/\/www.europesays.com\/es\/wp-json\/wp\/v2\/comments?post=326811"}],"version-history":[{"count":0,"href":"https:\/\/www.europesays.com\/es\/wp-json\/wp\/v2\/posts\/326811\/revisions"}],"wp:featuredmedia":[{"embeddable":true,"href":"https:\/\/www.europesays.com\/es\/wp-json\/wp\/v2\/media\/326812"}],"wp:attachment":[{"href":"https:\/\/www.europesays.com\/es\/wp-json\/wp\/v2\/media?parent=326811"}],"wp:term":[{"taxonomy":"category","embeddable":true,"href":"https:\/\/www.europesays.com\/es\/wp-json\/wp\/v2\/categories?post=326811"},{"taxonomy":"post_tag","embeddable":true,"href":"https:\/\/www.europesays.com\/es\/wp-json\/wp\/v2\/tags?post=326811"}],"curies":[{"name":"wp","href":"https:\/\/api.w.org\/{rel}","templated":true}]}}