{"id":326839,"date":"2026-01-06T23:52:09","date_gmt":"2026-01-06T23:52:09","guid":{"rendered":"https:\/\/www.europesays.com\/es\/326839\/"},"modified":"2026-01-06T23:52:09","modified_gmt":"2026-01-06T23:52:09","slug":"ramon-martinez-firma-hasta-2029-con-el-real-valladolid","status":"publish","type":"post","link":"https:\/\/www.europesays.com\/es\/326839\/","title":{"rendered":"Ram\u00f3n Mart\u00ednez firma hasta 2029 con el Real Valladolid"},"content":{"rendered":"<p>Ram\u00f3n Mart\u00ednez Gil (Mula, Murcia, 2002) ser\u00e1 oficialmente este mi\u00e9rcoles jugador del Real Valladolid. El central murciano se incorpora a la disciplina blanquivioleta como agente  &#8230; libre tras rescindir con el Sevilla FC, club en el que ha militado las \u00faltimas cuatro temporadas, aunque solo esta \u00faltima en el primer equipo. Mart\u00ednez firmar\u00e1 hasta 2029, aunque su contrato establecer\u00e1 distintas cla\u00fasulas que pueden hacer variar la duraci\u00f3n del mismo.<\/p>\n<p class=\"v-p\">El zaguero de Mula -como Pedro Le\u00f3n-, sustituye a Javi S\u00e1nchez, tras la salida del ya excapitan blanquivioleta <a href=\"https:\/\/www.elnortedecastilla.es\/realvalladolid\/javi-sanchez-luce-camiseta-arouca-portugues-20260105181042-nt.html\" target=\"_blank\" data-voc-vtm-id=\"in-text-traffic\" title=\"al FC Arouca\" data-mrf-link=\"www.elnortedecastilla.es\" rel=\"nofollow noopener\">al FC Arouca<\/a>, y lo hace despu\u00e9s de apenas haber tenido minutos en el equipo de Mat\u00edas Almeyda, pese a que ha ido convocado en la mayor\u00eda de los encuentros de la entidad hispalense en Primera Divisi\u00f3n.<\/p>\n<p><a href=\"http:\/\/www.elnortedecastilla.es\/realvalladolid\/ramon-martinez-elegido-sustituir-javi-sanchez-centro-20260104230135-nt.html#vtm_modulosEngag=mod-rel:realvalladolid:noticia:1:cmp:1-not\" class=\"v-a-link\" aria-label=\"Imagen\" rel=\"nofollow noopener\" target=\"_blank\"><\/p>\n<p><img decoding=\"async\" loading=\"lazy\" src=\"https:\/\/www.europesays.com\/es\/wp-content\/uploads\/2026\/01\/1504295819-kfIB--366x256@El Norte.jpg\" class=\"v-a-img\" width=\"258\" height=\"180\" alt=\"\" data-voc-vtm-id=\"in-text-traffic\"\/><\/p>\n<p><\/a><\/p>\n<p class=\"v-p\">En total, Mart\u00ednez ha disputado esta temporada 100 minutos con el Sevilla en la Liga y 81 en la Copa del Rey, y en Zorrilla entienden que se trata de una operaci\u00f3n beneficiosa, ya que el futbolista llega en propiedad, pese a que en Nervi\u00f3n se reservan un 40% de un futuro traspaso, en el caso de que el Real Valladolid le venda.<\/p>\n<p class=\"v-p\">El futbolista ya ha pasado reconocimiento m\u00e9dico con el Pucela y se encuentra en la ciudad a la espera del anuncio de su fichaje, para incorporarse a los entrenamientos y poder entrar en los planes de Luis Garc\u00eda Tevenet.<\/p>\n<p class=\"v-p\">El murciano ser\u00e1 la segunda incoporaci\u00f3n del Real Valladolid en un mercado de invierno que se presupone muy intenso ante la necesidad de reforzar la plantilla, dado el rendimiento exhibido en la primera vuelta, y tambi\u00e9n debido a las lesiones de larga duraci\u00f3n que asolan al equipo, como son las de Amath N&#8217;Diaye y la \u00faltima de Guille Bueno, que se perder\u00e1 lo que resta de temporada.<\/p>\n<p class=\"v-p\">Como Vegard Erlien, que ya debut\u00f3 el pasado s\u00e1bado ante el Racing de Santander, dado \u00absu buen estado f\u00edsico\u00bb, en palabras del propio Tevenet, Ram\u00f3n Mart\u00ednez llega como incoporaci\u00f3n de acople inmediato. De ah\u00ed que el central apunte a estar dentro de los elegidos para la convocatoria del encuentro ante el Legan\u00e9s en Butarque del domingo (14:00 horas).<\/p>\n<p><img decoding=\"async\" loading=\"lazy\" src=\"https:\/\/www.europesays.com\/es\/wp-content\/uploads\/2026\/01\/ramonmartinez2-keND-U240761076059FFI-624x385@El Norte.jpg\" class=\"v-a-img\" width=\"624\" height=\"385\" alt=\"Ram\u00f3n Mart\u00ednez, el d\u00eda de su debut en Primera, en el Estadio Jos\u00e9 Zorrilla la pasada temporada.\" data-voc-vtm-id=\"in-text-traffic\"\/><\/p>\n<p>Ram\u00f3n Mart\u00ednez, el d\u00eda de su debut en Primera, en el Estadio Jos\u00e9 Zorrilla la pasada temporada.<\/p>\n<p><img loading=\"lazy\" decoding=\"async\" src=\"https:\/\/www.europesays.com\/es\/wp-content\/uploads\/2026\/01\/ramonmartinez2-keND-U240761076059FFI-624x385@El Norte.jpg\" class=\"v-mdl__img-z\" width=\"624\" height=\"385\" alt=\"\"\/><\/p>\n<p>Debut en Primera en Zorrilla<\/p>\n<p class=\"v-p\">La relaci\u00f3n de Ram\u00f3n Mart\u00ednez con el Real Valladolid tiene un cap\u00edtulo especial para el mule\u00f1o, m\u00e1s all\u00e1 del propio fichaje actual. El joven central debut\u00f3 en Primera Divisi\u00f3n en el Estadio Jos\u00e9 Zorrilla la pasada temporada, en el mes de febrero, en la visita del Sevilla al coso blanquivioleta.<\/p>\n<p class=\"v-p\">Garc\u00eda Pimienta le dio la alternativa en el minuto 85 para sustituir a Gudelj, en un choque de infausto recuerdo para el Real Valladolid, con un sonrojante 0-4, que se zanj\u00f3 con la destituci\u00f3n de Diego Cocca en el banquillo local.<\/p>\n<p class=\"v-p\">El salto al primer equipo se materializ\u00f3 esta campa\u00f1a, ya con dorsal de la primera plantilla despu\u00e9s de tres temporadas en el Sevilla Atl\u00e9tico, al que lleg\u00f3 procedente del UCAM Murcia CF en el verano de 2022.<\/p>\n","protected":false},"excerpt":{"rendered":"Ram\u00f3n Mart\u00ednez Gil (Mula, Murcia, 2002) ser\u00e1 oficialmente este mi\u00e9rcoles jugador del Real Valladolid. El central murciano se&hellip;\n","protected":false},"author":2,"featured_media":326840,"comment_status":"","ping_status":"","sticky":false,"template":"","format":"standard","meta":{"footnotes":""},"categories":[268],"tags":[384,168,25,24,280,282,7384,825,11082,281,23,167],"class_list":{"0":"post-326839","1":"post","2":"type-post","3":"status-publish","4":"format-standard","5":"has-post-thumbnail","7":"category-futbol","8":"tag-apunta","9":"tag-deportes","10":"tag-es","11":"tag-espana","12":"tag-football","13":"tag-futbol","14":"tag-leganes","15":"tag-martinez","16":"tag-ramon","17":"tag-soccer","18":"tag-spain","19":"tag-sports"},"share_on_mastodon":{"url":"https:\/\/pubeurope.com\/@es\/115850847904034818","error":""},"_links":{"self":[{"href":"https:\/\/www.europesays.com\/es\/wp-json\/wp\/v2\/posts\/326839","targetHints":{"allow":["GET"]}}],"collection":[{"href":"https:\/\/www.europesays.com\/es\/wp-json\/wp\/v2\/posts"}],"about":[{"href":"https:\/\/www.europesays.com\/es\/wp-json\/wp\/v2\/types\/post"}],"author":[{"embeddable":true,"href":"https:\/\/www.europesays.com\/es\/wp-json\/wp\/v2\/users\/2"}],"replies":[{"embeddable":true,"href":"https:\/\/www.europesays.com\/es\/wp-json\/wp\/v2\/comments?post=326839"}],"version-history":[{"count":0,"href":"https:\/\/www.europesays.com\/es\/wp-json\/wp\/v2\/posts\/326839\/revisions"}],"wp:featuredmedia":[{"embeddable":true,"href":"https:\/\/www.europesays.com\/es\/wp-json\/wp\/v2\/media\/326840"}],"wp:attachment":[{"href":"https:\/\/www.europesays.com\/es\/wp-json\/wp\/v2\/media?parent=326839"}],"wp:term":[{"taxonomy":"category","embeddable":true,"href":"https:\/\/www.europesays.com\/es\/wp-json\/wp\/v2\/categories?post=326839"},{"taxonomy":"post_tag","embeddable":true,"href":"https:\/\/www.europesays.com\/es\/wp-json\/wp\/v2\/tags?post=326839"}],"curies":[{"name":"wp","href":"https:\/\/api.w.org\/{rel}","templated":true}]}}