{"id":326843,"date":"2026-01-06T23:56:16","date_gmt":"2026-01-06T23:56:16","guid":{"rendered":"https:\/\/www.europesays.com\/es\/326843\/"},"modified":"2026-01-06T23:56:16","modified_gmt":"2026-01-06T23:56:16","slug":"2026-reabre-el-pulso-entre-el-hormiguero-y-la-revuelta","status":"publish","type":"post","link":"https:\/\/www.europesays.com\/es\/326843\/","title":{"rendered":"2026 reabre el pulso entre El Hormiguero y La Revuelta"},"content":{"rendered":"<p class=\"paragraph\">El arranque de 2026 vuelve a poner sobre la mesa una de las <b>rivalidades televisivas<\/b> m\u00e1s comentadas de los \u00faltimos a\u00f1os. <b>Pablo Motos y El Hormiguero<\/b> regresan a Antena 3 con la seguridad de quien <b>domina la franja desde hace m\u00e1s de una d\u00e9cada<\/b>, mientras <b>David Broncano y La Revuelta<\/b> intentan consolidar su espacio en La 1 como <b>alternativa \u201cgeneracional\u201d<\/b> y supuestamente rompedora frente al formato cl\u00e1sico.<\/p>\n<p class=\"paragraph\">Ambos programas juegan con armas muy distintas. El espacio de Motos se apoya en una <b>f\u00f3rmula perfectamente engrasada<\/b>: grandes invitados, ritmo televisivo, espect\u00e1culo y una capacidad probada para conectar con p\u00fablicos muy amplios. Frente a ello, Broncano mantiene su apuesta por un <b>humor m\u00e1s informal<\/b>, con gui\u00f1os constantes a la actualidad pol\u00edtica y social, y una narrativa que ha encontrado <b>acomodo entre el espectador m\u00e1s ideologizado<\/b> y cercano al discurso dominante en RTVE.<\/p>\n<p>            <a href=\"#\" title=\"\"><\/p>\n<p>                    <img loading=\"lazy\" decoding=\"async\" data-index=\"\" width=\"140\" height=\"140\" alt=\"Pablo Motos, en el arranque de la temporada de El Hormiguero.\" data-full=\"[object Object]\" data-original=\"[object Object]\" src=\"https:\/\/imagenes.esdiario.com\/files\/related_image\/uploads\/2026\/01\/05\/695ba6bb60897.jpeg\" data-full-src=\"https:\/\/www.europesays.com\/es\/wp-content\/uploads\/2026\/01\/695ba6bb60897.jpeg\"\/><\/p>\n<p>            <\/a><\/p>\n<p class=\"paragraph\">Pese a los intentos de presentar el duelo como un empate t\u00e9cnico, los datos acumulados invitan a la prudencia con ciertos relatos. <b>El Hormiguero no solo ha resistido el desembarco de Broncano<\/b> en el access, sino que ha <b>reforzado su posici\u00f3n como l\u00edder estructural<\/b> de la franja del access prime time, demostrando que la veteran\u00eda, cuando va acompa\u00f1ada de oficio y constancia, sigue siendo un <b>valor diferencial en televisi\u00f3n.<\/b><\/p>\n<p class=\"paragraph\">La Revuelta, por su parte, ha logrado picos puntuales de audiencia y una <b>notable presencia en redes sociales<\/b>, pero sin conseguir desbancar de forma sostenida al programa de Antena 3. Su fortaleza reside m\u00e1s en el <b>ruido medi\u00e1tico y en el respaldo institucional<\/b> que en una superioridad clara en cifras.<\/p>\n<p>El Hormiguero mand\u00f3 en 2025<\/p>\n<p class=\"paragraph\">No es un detalle menor que durante todo 2025 El Hormiguero se impusiera de forma clara a Broncano en las audiencias, cerrando el a\u00f1o con una <b>ventaja s\u00f3lida tanto en cuota de pantalla como en n\u00famero de espectadores<\/b>. Una superioridad que, seg\u00fan varios an\u00e1lisis del sector, habr\u00eda pesado incluso en las <b>dudas sobre la renovaci\u00f3n del contrato de Broncano en RTVE.<\/b><\/p>\n<p>            <a href=\"#\" title=\"\"><\/p>\n<p>                    <img loading=\"lazy\" decoding=\"async\" data-index=\"\" width=\"140\" height=\"140\" alt=\"Imagen de David Broncano, en la primera 'La revuelta' en La 1.\" data-full=\"[object Object]\" data-original=\"[object Object]\" src=\"https:\/\/imagenes.esdiario.com\/files\/related_image\/uploads\/2025\/12\/26\/694e4d5111326.jpeg\" data-full-src=\"https:\/\/www.europesays.com\/es\/wp-content\/uploads\/2026\/01\/694e4d5111326.jpeg\"\/><\/p>\n<p>            <\/a><\/p>\n<p class=\"paragraph\">As\u00ed, 2026 arranca con el mismo escenario de fondo: dos estilos, dos p\u00fablicos y dos modelos de televisi\u00f3n. Pero tambi\u00e9n con una constante que se mantiene firme: <b>Pablo Motos sigue marcando el paso<\/b> en el access prime time, mientras Broncano contin\u00faa disputando el relato m\u00e1s que el liderazgo real.<\/p>\n","protected":false},"excerpt":{"rendered":"El arranque de 2026 vuelve a poner sobre la mesa una de las rivalidades televisivas m\u00e1s comentadas de&hellip;\n","protected":false},"author":2,"featured_media":326844,"comment_status":"","ping_status":"","sticky":false,"template":"","format":"standard","meta":{"footnotes":""},"categories":[171],"tags":[9029,5813,146,147,25,24,29956,5812,518,23,214],"class_list":{"0":"post-326843","1":"post","2":"type-post","3":"status-publish","4":"format-standard","5":"has-post-thumbnail","7":"category-tv","8":"tag-david-broncano","9":"tag-el-hormiguero","10":"tag-entertainment","11":"tag-entretenimiento","12":"tag-es","13":"tag-espana","14":"tag-la-revuelta","15":"tag-pablo-motos","16":"tag-rtve","17":"tag-spain","18":"tag-tv"},"share_on_mastodon":{"url":"https:\/\/pubeurope.com\/@es\/115850863171604240","error":""},"_links":{"self":[{"href":"https:\/\/www.europesays.com\/es\/wp-json\/wp\/v2\/posts\/326843","targetHints":{"allow":["GET"]}}],"collection":[{"href":"https:\/\/www.europesays.com\/es\/wp-json\/wp\/v2\/posts"}],"about":[{"href":"https:\/\/www.europesays.com\/es\/wp-json\/wp\/v2\/types\/post"}],"author":[{"embeddable":true,"href":"https:\/\/www.europesays.com\/es\/wp-json\/wp\/v2\/users\/2"}],"replies":[{"embeddable":true,"href":"https:\/\/www.europesays.com\/es\/wp-json\/wp\/v2\/comments?post=326843"}],"version-history":[{"count":0,"href":"https:\/\/www.europesays.com\/es\/wp-json\/wp\/v2\/posts\/326843\/revisions"}],"wp:featuredmedia":[{"embeddable":true,"href":"https:\/\/www.europesays.com\/es\/wp-json\/wp\/v2\/media\/326844"}],"wp:attachment":[{"href":"https:\/\/www.europesays.com\/es\/wp-json\/wp\/v2\/media?parent=326843"}],"wp:term":[{"taxonomy":"category","embeddable":true,"href":"https:\/\/www.europesays.com\/es\/wp-json\/wp\/v2\/categories?post=326843"},{"taxonomy":"post_tag","embeddable":true,"href":"https:\/\/www.europesays.com\/es\/wp-json\/wp\/v2\/tags?post=326843"}],"curies":[{"name":"wp","href":"https:\/\/api.w.org\/{rel}","templated":true}]}}