{"id":326857,"date":"2026-01-07T00:04:16","date_gmt":"2026-01-07T00:04:16","guid":{"rendered":"https:\/\/www.europesays.com\/es\/326857\/"},"modified":"2026-01-07T00:04:16","modified_gmt":"2026-01-07T00:04:16","slug":"ministra-de-las-culturas-encabezo-lanzamiento-del-dia-de-los-patrimonios-en-verano-invitando-a-celebrar-la-cultura-durante-la-temporada-estival","status":"publish","type":"post","link":"https:\/\/www.europesays.com\/es\/326857\/","title":{"rendered":"Ministra de las Culturas encabez\u00f3 lanzamiento del D\u00eda de los Patrimonios en verano invitando a celebrar la cultura durante la temporada estival"},"content":{"rendered":"\n<ul>\n<li>En su primera edici\u00f3n de verano, la fiesta cultural de Chile busca refrescar las vacaciones con una cartelera gratuita que podr\u00e1 ser disfrutada en todo el pa\u00eds el s\u00e1bado 31 de enero.<\/li>\n<\/ul>\n<ul>\n<li>Organizaciones p\u00fablicas y privadas podr\u00e1n inscribir sus actividades en el sitio web <strong><a href=\"https:\/\/www.diadelospatrimonios.cl\/\" target=\"_blank\" rel=\"noopener nofollow\">www.diadelospatrimonios.cl<\/a><\/strong> hasta el mi\u00e9rcoles 28 de enero.<\/li>\n<\/ul>\n<p>El Cerro Santa Luc\u00eda, fue el escenario donde este martes 6 de enero la ministra de las Culturas, las Artes y el Patrimonio, Carolina Arredondo, junto a la subsecretaria del Patrimonio Cultural, Carolina P\u00e9rez, y la directora del Servicio Nacional del Patrimonio Cultural, N\u00e9lida Pozo, encabezaron el hito de lanzamiento del <strong><a href=\"https:\/\/www.diadelospatrimonios.cl\/\" target=\"_blank\" rel=\"noopener nofollow\">D\u00eda de los Patrimonios en verano<\/a><\/strong> que se realizar\u00e1 el s\u00e1bado 31 de enero en todo el pa\u00eds.<\/p>\n<p>\u201cEl Presidente Gabriel Boric instruy\u00f3 la realizaci\u00f3n de esta nueva versi\u00f3n del D\u00eda de los Patrimonios, esta vez en verano, siendo su primera edici\u00f3n este 31 de enero. La invitaci\u00f3n es a que este verano podamos vivir una vez m\u00e1s este encuentro, que por m\u00e1s de 25 a\u00f1os se ha consolidado en nuestro pa\u00eds como una fiesta c\u00edvica ciudadana muy esperada a lo largo de todo Chile, donde la ciudadan\u00eda repleta sus calles, sus barrios patrimoniales, sus edificios, se conecta con su historia y con nuestra memoria compartida\u201d, dijo la ministra de las Culturas, las Artes y el Patrimonio, Carolina Arredondo Marz\u00e1n.<\/p>\n<p>Esta nueva celebraci\u00f3n busca ampliar la manera en que se entiende y se vive el patrimonio, poniendo en valor aquellas tradiciones, recuerdos y experiencias que forman parte de la vida cotidiana, especialmente durante la temporada estival.<\/p>\n<p>La iniciativa invita a organizaciones p\u00fablico-privadas a ser parte de la primera edici\u00f3n del D\u00eda de los Patrimonios en verano, quienes podr\u00e1n inscribir sus actividades hasta el 28 de enero en el sitio web <strong><a href=\"http:\/\/www.diadelospatrimonios.cl\" rel=\"nofollow noopener\" target=\"_blank\">www.diadelospatrimonios.cl<\/a><\/strong><\/p>\n<p>\u201cEstamos cerrando el gobierno con esta \u00faltima actividad cultural abierta a toda la ciudadan\u00eda. La programaci\u00f3n patrimonial ha estado \u00edntimamente vinculada al desarrollo de pol\u00edticas p\u00fablicas para el sector, ya que a trav\u00e9s de ella se ha puesto foco en el inter\u00e9s de la ciudadan\u00eda por la agenda cultural. Como consecuencia, hemos incrementado el presupuesto, creado y fortalecido herramientas y lineamientos asociados al patrimonio\u201d, dijo la subsecretaria del Patrimonio Cultural, Carolina P\u00e9rez.<\/p>\n<p><img loading=\"lazy\" decoding=\"async\" class=\"aligncenter size-full wp-image-206628\" src=\"https:\/\/www.europesays.com\/es\/wp-content\/uploads\/2026\/01\/lanzamiento-dia-de-los-patrimonios-en-verano-3.jpg\" alt=\"lanzamiento del D\u00eda de los Patrimonios en verano\" width=\"1500\" height=\"1000\"  \/><\/p>\n<p>Sobre el D\u00eda de los Patrimonios<\/p>\n<p>El D\u00eda de los Patrimonios en verano propone reconocer que el patrimonio no solo se encuentra en edificios, museos o monumentos, sino tambi\u00e9n en costumbres profundamente arraigadas, como los juegos que atraviesan generaciones, la m\u00fasica que acompa\u00f1a cada verano, los sabores propios de la temporada y los encuentros que se dan en barrios, plazas y espacios familiares.<\/p>\n<p>Asimismo, la iniciativa releva la dimensi\u00f3n natural del patrimonio, presente en la playa y el litoral, el campo, los parques, las plazas y la monta\u00f1a, espacios que durante el verano se transforman en lugares de descanso, encuentro y memoria compartida.<\/p>\n<p>\u201cEsperamos que esta celebraci\u00f3n se viva a lo largo y ancho de todo el pa\u00eds, y que ponga en valor una vez m\u00e1s la importancia de los territorios, las comunidades y las pr\u00e1cticas cotidianas que dan sentido a nuestro patrimonio, entendiendo que el verano tambi\u00e9n es un tiempo para encontrarnos, compartir y cuidar lo que somos\u201d, se\u00f1al\u00f3 la directora del Servicio Nacional del Patrimonio Cultura, N\u00e9lida Pozo.<\/p>\n<p>Esta fiesta cultural invita a iniciar el a\u00f1o conectando con la cultura desde una experiencia cercana y afectiva, entendiendo el descanso, el tiempo libre y el compartir en comunidad como formas esenciales de vivir y cuidar el patrimonio de Chile.<\/p>\n<p><img loading=\"lazy\" decoding=\"async\" class=\"aligncenter size-full wp-image-206627\" src=\"https:\/\/www.europesays.com\/es\/wp-content\/uploads\/2026\/01\/lanzamiento-dia-de-los-patrimonios-en-verano-2.jpg\" alt=\"lanzamiento del D\u00eda de los Patrimonios en verano\" width=\"1500\" height=\"1000\"  \/><\/p>\n<p>\u00a0<\/p>\n","protected":false},"excerpt":{"rendered":"En su primera edici\u00f3n de verano, la fiesta cultural de Chile busca refrescar las vacaciones con una cartelera&hellip;\n","protected":false},"author":2,"featured_media":326858,"comment_status":"","ping_status":"","sticky":false,"template":"","format":"standard","meta":{"footnotes":""},"categories":[42],"tags":[1666,1968,17,18,2047,8404,1576,209,8332,12943,2026,13,14,5064,582,11,6949,61,62,63,64,19,20,583,9,10,15,16,2599,1397,10209,12,21,22,65,66,67],"class_list":{"0":"post-326857","1":"post","2":"type-post","3":"status-publish","4":"format-standard","5":"has-post-thumbnail","7":"category-internacional","8":"tag-acceso","9":"tag-artes","10":"tag-breaking-news","11":"tag-breakingnews","12":"tag-chile","13":"tag-ciudadania","14":"tag-consejo","15":"tag-cultura","16":"tag-cultural","17":"tag-donaciones","18":"tag-educacion","19":"tag-featured-news","20":"tag-featurednews","21":"tag-gestion","22":"tag-gobierno","23":"tag-headlines","24":"tag-identidad","25":"tag-internacional","26":"tag-international","27":"tag-international-news","28":"tag-internationalnews","29":"tag-latest-news","30":"tag-latestnews","31":"tag-ministerio","32":"tag-news","33":"tag-noticias","34":"tag-noticias-destacadas","35":"tag-noticiasdestacadas","36":"tag-participacion","37":"tag-patrimonio","38":"tag-reconstruccion","39":"tag-titulares","40":"tag-ultimas-noticias","41":"tag-ultimasnoticias","42":"tag-world","43":"tag-world-news","44":"tag-worldnews"},"share_on_mastodon":{"url":"","error":"Validation failed: Text character limit of 500 exceeded"},"_links":{"self":[{"href":"https:\/\/www.europesays.com\/es\/wp-json\/wp\/v2\/posts\/326857","targetHints":{"allow":["GET"]}}],"collection":[{"href":"https:\/\/www.europesays.com\/es\/wp-json\/wp\/v2\/posts"}],"about":[{"href":"https:\/\/www.europesays.com\/es\/wp-json\/wp\/v2\/types\/post"}],"author":[{"embeddable":true,"href":"https:\/\/www.europesays.com\/es\/wp-json\/wp\/v2\/users\/2"}],"replies":[{"embeddable":true,"href":"https:\/\/www.europesays.com\/es\/wp-json\/wp\/v2\/comments?post=326857"}],"version-history":[{"count":0,"href":"https:\/\/www.europesays.com\/es\/wp-json\/wp\/v2\/posts\/326857\/revisions"}],"wp:featuredmedia":[{"embeddable":true,"href":"https:\/\/www.europesays.com\/es\/wp-json\/wp\/v2\/media\/326858"}],"wp:attachment":[{"href":"https:\/\/www.europesays.com\/es\/wp-json\/wp\/v2\/media?parent=326857"}],"wp:term":[{"taxonomy":"category","embeddable":true,"href":"https:\/\/www.europesays.com\/es\/wp-json\/wp\/v2\/categories?post=326857"},{"taxonomy":"post_tag","embeddable":true,"href":"https:\/\/www.europesays.com\/es\/wp-json\/wp\/v2\/tags?post=326857"}],"curies":[{"name":"wp","href":"https:\/\/api.w.org\/{rel}","templated":true}]}}