{"id":326881,"date":"2026-01-07T00:27:10","date_gmt":"2026-01-07T00:27:10","guid":{"rendered":"https:\/\/www.europesays.com\/es\/326881\/"},"modified":"2026-01-07T00:27:10","modified_gmt":"2026-01-07T00:27:10","slug":"ee-uu-esta-considerando-diferentes-opciones-para-adquirir-groenlandia-incluido-el-uso-del-ejercito-segun-la-casa-blanca","status":"publish","type":"post","link":"https:\/\/www.europesays.com\/es\/326881\/","title":{"rendered":"EE.UU. est\u00e1 considerando diferentes opciones para adquirir Groenlandia, incluido el uso del ej\u00e9rcito, seg\u00fan la Casa Blanca"},"content":{"rendered":"<p><img fetchpriority=\"high\" decoding=\"async\" src=\"https:\/\/www.europesays.com\/es\/wp-content\/uploads\/2026\/01\/a3184aa0-eb4e-11f0-a422-4ba8a094a8fa.jpg.webp.webp\"   alt=\"Groenlandia\" loading=\"eager\" width=\"1024\" height=\"658\" style=\"aspect-ratio:1024 \/ 658\" class=\"css-1seqhu9\"\/><\/p>\n<p class=\"css-by8ykd\" role=\"text\">Fuente de la imagen, Getty Images<\/p>\n<p><strong id=\"article-byline\" aria-hidden=\"true\" class=\"css-2ozlq5\">Informaci\u00f3n del art\u00edculo<\/strong><\/p>\n<ul class=\"css-1dlgp3z\">\n<li class=\"css-1s1df59\">\n<ul role=\"list\" class=\"css-z50d25\">\n<li class=\"css-0\">Autor, Paulin Kola<\/li>\n<li class=\"css-k1irjw\">T\u00edtulo del autor,  BBC<\/li>\n<\/ul>\n<\/li>\n<li>6 enero 2026\n<p>Actualizado 1 hora<\/p>\n<\/li>\n<li>\n<p>Tiempo de lectura: 5 min<\/p>\n<\/li>\n<\/ul>\n<p dir=\"ltr\" class=\"css-s4cjt0 e1yuyadm0\"><b>El presidente estadounidense, Donald Trump, ha estado considerando \u00abdiversas opciones\u00bb para adquirir Groenlandia, incluido el uso de las fuerzas armadas, seg\u00fan inform\u00f3 la Casa Blanca.<\/b><\/p>\n<p dir=\"ltr\" class=\"css-s4cjt0 e1yuyadm0\">En un comunicado, la Casa Blanca declar\u00f3 a la BBC que la adquisici\u00f3n de Groenlandia era una \u00abprioridad de seguridad nacional\u00bb.<\/p>\n<p dir=\"ltr\" class=\"css-s4cjt0 e1yuyadm0\">Esto ocurre despu\u00e9s de que Trump reiterara durante el fin de semana que Estados Unidos \u00abnecesitaba\u00bb Groenlandia, una regi\u00f3n semiaut\u00f3noma de Dinamarca, pa\u00eds miembro de la OTAN, por motivos de seguridad.<\/p>\n<p dir=\"ltr\" class=\"css-s4cjt0 e1yuyadm0\">El comunicado de la Casa Blanca se emiti\u00f3 horas despu\u00e9s de que los l\u00edderes europeos mostraran su apoyo a Dinamarca, cuya primera ministra, Mette Frederiksen, advirti\u00f3 el lunes que cualquier ataque por parte de Estados Unidos supondr\u00eda el fin de la OTAN.<\/p>\n<p dir=\"ltr\" class=\"css-s4cjt0 e1yuyadm0\">La Casa Blanca declar\u00f3 el martes: \u00abEl presidente y su equipo est\u00e1n analizando diversas opciones para alcanzar este importante objetivo de pol\u00edtica exterior y, por supuesto, el uso de las fuerzas armadas estadounidenses siempre es una opci\u00f3n a disposici\u00f3n del Comandante en Jefe\u00bb.<\/p>\n<p dir=\"ltr\" class=\"css-s4cjt0 e1yuyadm0\">Horas antes, seis aliados europeos se hab\u00edan unido para apoyar a Dinamarca.<\/p>\n<p dir=\"ltr\" class=\"css-s4cjt0 e1yuyadm0\">\u00abGroenlandia pertenece a su pueblo, y solo Dinamarca y Groenlandia pueden decidir sobre los asuntos que conciernen a sus relaciones\u00bb, afirmaron los l\u00edderes de Reino Unido, Francia, Alemania, Italia, Polonia, Espa\u00f1a y Dinamarca en un comunicado conjunto.<\/p>\n<p><img decoding=\"async\" src=\"https:\/\/www.europesays.com\/es\/wp-content\/uploads\/2026\/01\/56a53c80-eb3c-11f0-b17a-592c1458f962.jpg.webp.webp\"   alt=\"Donald Trump extiende los brazos y sonr\u00ede ligeramente durante una intervenci\u00f3n ante republicanos el martes 6 de enero de 2026\" loading=\"lazy\" width=\"4295\" height=\"2416\" style=\"aspect-ratio:4295 \/ 2416\" class=\"css-1seqhu9\"\/><\/p>\n<p class=\"css-by8ykd\" role=\"text\">Fuente de la imagen, Reuters<\/p>\n<p>Pie de foto, Trump calific\u00f3 la operaci\u00f3n del 3 de enero en Caracas como \u00abbrillante\u00bb.<\/p>\n<p dir=\"ltr\" class=\"css-s4cjt0 e1yuyadm0\">La cuesti\u00f3n del futuro de Groenlandia resurgi\u00f3 a ra\u00edz de la intervenci\u00f3n militar de Estados Unidos en Venezuela, en la que tropas estadounidenses capturaron al presidente del pa\u00eds, Nicol\u00e1s Maduro, y lo llevaron a Nueva York para enfrentar cargos por drogas y armas.<\/p>\n<p dir=\"ltr\" class=\"css-s4cjt0 e1yuyadm0\">Tras la incursi\u00f3n del pasado 3 de enero, Trump dijo que Estados Unidos \u00abgobernar\u00e1\u00bb Venezuela por un periodo de tiempo que no especific\u00f3.<\/p>\n<p dir=\"ltr\" class=\"css-s4cjt0 e1yuyadm0\">Tambi\u00e9n afirm\u00f3 que Estados Unidos regresar\u00eda a una pol\u00edtica de 1823 de supremac\u00eda estadounidense en su esfera de influencia en el hemisferio occidental, y advirti\u00f3 a varios pa\u00edses que Washington podr\u00eda centrar su atenci\u00f3n en ellos.<\/p>\n<p><img decoding=\"async\" src=\"https:\/\/www.europesays.com\/es\/wp-content\/uploads\/2026\/01\/365ad2f0-eb23-11f0-b5f7-49f0357294ff.png.webp.webp\"   alt=\"Una estatua sobre un monumento cubierto por el hielo en Nuuk, Groenlandia. Sobre ella ondea la bandera de Dinamarca. \" loading=\"lazy\" width=\"976\" height=\"511\" style=\"aspect-ratio:976 \/ 511\" class=\"css-1seqhu9\"\/><\/p>\n<p class=\"css-by8ykd\" role=\"text\">Fuente de la imagen, Marko Djurica \/ Reuters<\/p>\n<p>Pie de foto, Groenlandia es un territorio semiaut\u00f3nomo de Dinamarca. <\/p>\n<p>\u00abPRONTO\u00bb<\/p>\n<p dir=\"ltr\" class=\"css-s4cjt0 e1yuyadm0\">La incursi\u00f3n militar de EE.UU. en Venezuela ha reavivado los temores de que Washington pueda considerar el uso de la fuerza para asegurar el control de Groenlandia.<\/p>\n<p dir=\"ltr\" class=\"css-s4cjt0 e1yuyadm0\">Un d\u00eda despu\u00e9s del operativo, Katie Miller, esposa de uno de los asesores principales de Trump, public\u00f3 en redes sociales un mapa de Groenlandia con los colores de la bandera estadounidense, junto a la palabra \u00abPRONTO\u00bb.<\/p>\n<p dir=\"ltr\" class=\"css-s4cjt0 e1yuyadm0\">El lunes, su esposo, Stephen Miller, afirm\u00f3 que es \u00abla posici\u00f3n formal del gobierno de EE.UU. que Groenlandia deber\u00eda ser parte de Estados Unidos\u00bb.<\/p>\n<p dir=\"ltr\" class=\"css-s4cjt0 e1yuyadm0\">En una entrevista con CNN, Miller se\u00f1al\u00f3 que Estados Unidos \u00abes la potencia de la OTAN\u00bb.<\/p>\n<p dir=\"ltr\" class=\"css-s4cjt0 e1yuyadm0\">\u00abPara que EE.UU. asegure la regi\u00f3n del \u00c1rtico, para proteger y defender a la OTAN y los intereses de la OTAN, obviamente Groenlandia deber\u00eda ser parte de EE.UU.\u00bb, dijo.<\/p>\n<p dir=\"ltr\" class=\"css-s4cjt0 e1yuyadm0\">Al ser consultado repetidamente sobre si Estados Unidos descartar\u00eda el uso de la fuerza para anexarla, Miller respondi\u00f3: \u00abNadie va a pelear contra Estados Unidos por el futuro de Groenlandia\u00bb.<\/p>\n<p dir=\"ltr\" class=\"css-s4cjt0 e1yuyadm0\">Subrayando que est\u00e1n tan interesados como EE.UU. en la seguridad del \u00c1rtico, los siete firmantes europeos de la declaraci\u00f3n conjunta del martes dijeron que esto debe lograrse por los aliados de la OTAN, incluyendo a EE.UU., de manera \u00abcolectiva\u00bb, mientras se \u00abmantienen los principios de la Carta de la ONU, incluyendo la soberan\u00eda, la integridad territorial y la inviolabilidad de las fronteras\u00bb.<\/p>\n<p dir=\"ltr\" class=\"css-s4cjt0 e1yuyadm0\">El primer ministro de Groenlandia, Jens-Frederik Nielsen, celebr\u00f3 la declaraci\u00f3n europea y pidi\u00f3 un \u00abdi\u00e1logo respetuoso\u00bb.<\/p>\n<p dir=\"ltr\" class=\"css-s4cjt0 e1yuyadm0\">\u00abEl di\u00e1logo debe llevarse a cabo respetando el hecho de que el estatus de Groenlandia est\u00e1 arraigado en el derecho internacional y en el principio de integridad territorial\u00bb, afirm\u00f3 Nielsen.<\/p>\n<p>Oposici\u00f3n en Groenlandia<\/p>\n<p><img decoding=\"async\" src=\"https:\/\/www.europesays.com\/es\/wp-content\/uploads\/2026\/01\/ee624f70-eb1b-11f0-a935-e16fc33d91b4.jpg.webp.webp\"   alt=\"Un hombre sentado sobre un trineo en una superficie helada come con una cuchara. \" loading=\"lazy\" width=\"864\" height=\"486\" style=\"aspect-ratio:864 \/ 486\" class=\"css-1seqhu9\"\/>Pie de foto, Morgan Angaju es uno de los groenlandeses que no quiere que la isla pase a pertenecer a Estados Unidos.<\/p>\n<p dir=\"ltr\" class=\"css-s4cjt0 e1yuyadm0\">Trump ha afirmado que integrar a Groenlandia en Estados Unidos servir\u00eda a los intereses de seguridad estadounidense debido a su ubicaci\u00f3n estrat\u00e9gica y a su abundancia de minerales fundamentales para los sectores de alta tecnolog\u00eda.<\/p>\n<p dir=\"ltr\" class=\"css-s4cjt0 e1yuyadm0\">La reciente decisi\u00f3n del gobierno de Trump de nombrar un enviado especial para Groenlandia provoc\u00f3 indignaci\u00f3n en Dinamarca.<\/p>\n<p dir=\"ltr\" class=\"css-s4cjt0 e1yuyadm0\">Con una poblaci\u00f3n de 57.000 personas, Groenlandia cuenta con un amplio autogobierno desde 1979, aunque la defensa y la pol\u00edtica exterior permanecen en manos danesas.<\/p>\n<p dir=\"ltr\" class=\"css-s4cjt0 e1yuyadm0\">Si bien las encuestas muestran que una mayor\u00eda de los groenlandeses abogan por una eventual independencia de Dinamarca, tambi\u00e9n reflejan una oposici\u00f3n abrumadora a convertirse en parte de Estados Unidos.<\/p>\n<p dir=\"ltr\" class=\"css-s4cjt0 e1yuyadm0\">Morgan Angaju, un inuit de 27 a\u00f1os que vive en Ilulissat, en el oeste del territorio, le dijo a BBC Newsbeat que fue \u00abaterrador escuchar al l\u00edder del mundo libre ri\u00e9ndose de Dinamarca y Groenlandia, y simplemente hablando de nosotros como si fu\u00e9ramos algo que reclamar\u00bb.<\/p>\n<p dir=\"ltr\" class=\"css-s4cjt0 e1yuyadm0\">\u00abYa somos reclamados por el pueblo groenland\u00e9s. Kalaallit Nunaat significa la tierra del pueblo groenland\u00e9s\u00bb, dijo Morgan.<\/p>\n<p dir=\"ltr\" class=\"css-s4cjt0 e1yuyadm0\">A\u00f1adi\u00f3 que est\u00e1 preocupado por lo que pueda suceder despu\u00e9s, pregunt\u00e1ndose si el primer ministro de Groenlandia podr\u00eda correr la misma suerte que Maduro, o incluso plante\u00e1ndose la posibilidad de que EE.UU. \u00abinvada nuestro pa\u00eds\u00bb.<\/p>\n<p><img decoding=\"async\" src=\"https:\/\/www.europesays.com\/es\/wp-content\/uploads\/2026\/01\/4ebb1c70-e956-11f0-aae2-2191c0e48a3b.png.webp.webp\"   alt=\"&quot;&quot;\" loading=\"lazy\" width=\"800\" height=\"100\" style=\"aspect-ratio:800 \/ 100\" class=\"css-1seqhu9\"\/><\/p>\n<p dir=\"ltr\" class=\"css-s4cjt0 e1yuyadm0\"><a href=\"https:\/\/www.bbc.com\/mundo\/send\/u184973209\" class=\"focusIndicatorReducedWidth css-n8oauk e1h2ur550\" rel=\"nofollow noopener\" target=\"_blank\">Suscr\u00edbete aqu\u00ed<\/a> a nuestro nuevo newsletter para recibir cada viernes una selecci\u00f3n de nuestro mejor contenido de la semana.<\/p>\n<p dir=\"ltr\" class=\"css-s4cjt0 e1yuyadm0\">Y recuerda que puedes recibir notificaciones en nuestra app. Descarga la \u00faltima versi\u00f3n y act\u00edvalas.<\/p>\n","protected":false},"excerpt":{"rendered":"Fuente de la imagen, Getty Images Informaci\u00f3n del art\u00edculo Autor, Paulin Kola T\u00edtulo del autor, BBC 6 enero&hellip;\n","protected":false},"author":2,"featured_media":326882,"comment_status":"","ping_status":"","sticky":false,"template":"","format":"standard","meta":{"footnotes":""},"categories":[42],"tags":[17,18,13,14,11,61,62,63,64,19,20,9,10,15,16,12,21,22,65,66,67],"class_list":{"0":"post-326881","1":"post","2":"type-post","3":"status-publish","4":"format-standard","5":"has-post-thumbnail","7":"category-internacional","8":"tag-breaking-news","9":"tag-breakingnews","10":"tag-featured-news","11":"tag-featurednews","12":"tag-headlines","13":"tag-internacional","14":"tag-international","15":"tag-international-news","16":"tag-internationalnews","17":"tag-latest-news","18":"tag-latestnews","19":"tag-news","20":"tag-noticias","21":"tag-noticias-destacadas","22":"tag-noticiasdestacadas","23":"tag-titulares","24":"tag-ultimas-noticias","25":"tag-ultimasnoticias","26":"tag-world","27":"tag-world-news","28":"tag-worldnews"},"share_on_mastodon":{"url":"https:\/\/pubeurope.com\/@es\/115850985089507190","error":""},"_links":{"self":[{"href":"https:\/\/www.europesays.com\/es\/wp-json\/wp\/v2\/posts\/326881","targetHints":{"allow":["GET"]}}],"collection":[{"href":"https:\/\/www.europesays.com\/es\/wp-json\/wp\/v2\/posts"}],"about":[{"href":"https:\/\/www.europesays.com\/es\/wp-json\/wp\/v2\/types\/post"}],"author":[{"embeddable":true,"href":"https:\/\/www.europesays.com\/es\/wp-json\/wp\/v2\/users\/2"}],"replies":[{"embeddable":true,"href":"https:\/\/www.europesays.com\/es\/wp-json\/wp\/v2\/comments?post=326881"}],"version-history":[{"count":0,"href":"https:\/\/www.europesays.com\/es\/wp-json\/wp\/v2\/posts\/326881\/revisions"}],"wp:featuredmedia":[{"embeddable":true,"href":"https:\/\/www.europesays.com\/es\/wp-json\/wp\/v2\/media\/326882"}],"wp:attachment":[{"href":"https:\/\/www.europesays.com\/es\/wp-json\/wp\/v2\/media?parent=326881"}],"wp:term":[{"taxonomy":"category","embeddable":true,"href":"https:\/\/www.europesays.com\/es\/wp-json\/wp\/v2\/categories?post=326881"},{"taxonomy":"post_tag","embeddable":true,"href":"https:\/\/www.europesays.com\/es\/wp-json\/wp\/v2\/tags?post=326881"}],"curies":[{"name":"wp","href":"https:\/\/api.w.org\/{rel}","templated":true}]}}