{"id":326905,"date":"2026-01-07T00:50:10","date_gmt":"2026-01-07T00:50:10","guid":{"rendered":"https:\/\/www.europesays.com\/es\/326905\/"},"modified":"2026-01-07T00:50:10","modified_gmt":"2026-01-07T00:50:10","slug":"quien-es-barry-pollack-el-abogado-que-representa-a-maduro-en-ee-uu-y-defendio-a-julian-assange-en-el-caso-wikileaks","status":"publish","type":"post","link":"https:\/\/www.europesays.com\/es\/326905\/","title":{"rendered":"Qui\u00e9n es Barry Pollack, el abogado que representa a Maduro en EE.UU. y defendi\u00f3 a Julian Assange en el caso WikiLeaks"},"content":{"rendered":"<p><img fetchpriority=\"high\" decoding=\"async\" src=\"https:\/\/www.europesays.com\/es\/wp-content\/uploads\/2026\/01\/d7cf8c30-eb36-11f0-a422-4ba8a094a8fa.jpg.webp.webp\"   alt=\"Barry Pollack\" loading=\"eager\" width=\"976\" height=\"549\" style=\"aspect-ratio:976 \/ 549\" class=\"css-1seqhu9\"\/><\/p>\n<p class=\"css-by8ykd\" role=\"text\">Fuente de la imagen, Getty Images<\/p>\n<p>Pie de foto, Barry Pollack es considerado uno de los abogados litigantes m\u00e1s destacados de EE.UU. y gan\u00f3 casos prominentes como el de Julian Assange, el fundador de WikiLeaks.<strong id=\"article-byline\" aria-hidden=\"true\" class=\"css-2ozlq5\">Informaci\u00f3n del art\u00edculo<\/strong><\/p>\n<ul class=\"css-1dlgp3z\">\n<li class=\"css-1s1df59\"\/>\n<li>\n<p>1 hora<\/p>\n<\/li>\n<li>\n<p>Tiempo de lectura: 9 min<\/p>\n<\/li>\n<\/ul>\n<p dir=\"ltr\" class=\"css-s4cjt0 e1yuyadm0\"><b>Cuando Nicol\u00e1s Maduro compareci\u00f3 este lunes ante la justicia en Nueva York, no fue la \u00fanica figura que gener\u00f3 gran inter\u00e9s medi\u00e1tico.<\/b><\/p>\n<p dir=\"ltr\" class=\"css-s4cjt0 e1yuyadm0\">Junto a \u00e9l estaba quien liderar\u00e1 su defensa, un abogado estadounidense conocido por ganar litigios tan notables como complejos.<\/p>\n<p dir=\"ltr\" class=\"css-s4cjt0 e1yuyadm0\">Barry Pollack es el abogado privado de Maduro, quien enfrenta acusaciones de conspiraci\u00f3n para el narcotr\u00e1fico, conspiraci\u00f3n para la importaci\u00f3n de coca\u00edna y posesi\u00f3n de ametralladoras y dispositivos destructivos.<\/p>\n<p dir=\"ltr\" class=\"css-s4cjt0 e1yuyadm0\">En su comparecencia, Maduro se declar\u00f3 inocente de todos los cargos, denunci\u00f3 haber sido secuestrado y asegur\u00f3 que sigue siendo presidente de Venezuela.<\/p>\n<p dir=\"ltr\" class=\"css-s4cjt0 e1yuyadm0\">Pollack, de 61 a\u00f1os, es socio del bufete de abogados Harris St. Laurent &amp; Wechsler, con sede en Wall Street, a unos minutos a pie del tribunal donde compareci\u00f3 Maduro. Tambi\u00e9n es profesor del Centro de Derecho de la Universidad de Georgetown.<\/p>\n<p dir=\"ltr\" class=\"css-s4cjt0 e1yuyadm0\">\u00abDesconocemos las pruebas que tiene la fiscal\u00eda pero un abogado de primera l\u00ednea como Pollack consigue la absoluci\u00f3n de personas\u00bb, dijo a BBC Mundo William Shabas, profesor de derecho internacional de la Middlesex University de Londres.<\/p>\n<p><img decoding=\"async\" src=\"https:\/\/www.europesays.com\/es\/wp-content\/uploads\/2026\/01\/28e07980-eb56-11f0-b5f7-49f0357294ff.png.webp.webp\"   alt=\"Pollack en el tribunal de Nueva York junto a Maduro.\" loading=\"lazy\" width=\"719\" height=\"757\" style=\"aspect-ratio:719 \/ 757\" class=\"css-1seqhu9\"\/><\/p>\n<p class=\"css-by8ykd\" role=\"text\">Fuente de la imagen, Reuters<\/p>\n<p>Pie de foto, Pollack en el tribunal de Nueva York junto a Maduro.<\/p>\n<p>\u00abMinucioso y reflexivo\u00bb<\/p>\n<p dir=\"ltr\" class=\"css-s4cjt0 e1yuyadm0\">De acuerdo a la pa\u00e1gina web del bufete Harris St. Laurent &amp; Wechsler, Pollack \u00abes ampliamente reconocido como uno de los abogados litigantes m\u00e1s destacados del pa\u00eds\u00bb y es expresidente de la Asociaci\u00f3n Nacional de Abogados de Defensa Penal de Estados Unidos.<\/p>\n<p dir=\"ltr\" class=\"css-s4cjt0 e1yuyadm0\">Con m\u00e1s de tres d\u00e9cadas de experiencia, es conocido por trabajar en \u00abjuicios e investigaciones delicados y, a menudo, de alto perfil\u00bb.<\/p>\n<p dir=\"ltr\" class=\"css-s4cjt0 e1yuyadm0\">Entre otros casos prominentes, Pollack logr\u00f3 en 2024 la liberaci\u00f3n de Julian Assange, el periodista y activista australiano fundador de WikiLeaks.<\/p>\n<p dir=\"ltr\" class=\"css-s4cjt0 e1yuyadm0\">El sitio <a href=\"https:\/\/chambers.com\/lawyer\/barry-j-pollack-usa-5:498918\" class=\"focusIndicatorReducedWidth css-n8oauk e1h2ur550\" aria-label=\"Chambers USA, externo\" rel=\"nofollow noopener\" target=\"_blank\">Chambers USA<\/a>, que produce un ranking de los principales bufetes y abogados en Estados Unidos,  describe a Pollack como un \u00ababogado minucioso y reflexivo\u00bb que \u00abvive y respira sus juicios\u00bb y \u00abtiene una forma natural de actuar ante los jurados\u00bb.<\/p>\n<p dir=\"ltr\" class=\"css-s4cjt0 e1yuyadm0\">En una entrevista de abril con el sitio <a href=\"https:\/\/www.lawdragon.com\/lawyer-limelights\/2025-04-03-defending-julian-assange-barry-pollack-on-the-historic-plea-deal-and-the-future-of-white-collar-defense\" class=\"focusIndicatorReducedWidth css-n8oauk e1h2ur550\" aria-label=\"Law Dragon, externo\" rel=\"nofollow noopener\" target=\"_blank\">Law Dragon<\/a>, un medio informativo dedicado a profesionales legales, y citada por el peri\u00f3dico brit\u00e1nico The Guardian, Pollack ofreci\u00f3 algunas reflexiones sobre su trabajo.<\/p>\n<p dir=\"ltr\" class=\"css-s4cjt0 e1yuyadm0\">\u00abNormalmente, cuando me re\u00fano con un cliente, se enfrenta a lo que podr\u00eda ser la peor crisis de su vida\u00bb, dijo.<\/p>\n<p dir=\"ltr\" class=\"css-s4cjt0 e1yuyadm0\">\u00abGuiarlos a trav\u00e9s de ese proceso es enormemente gratificante. Es dif\u00edcil imaginar hacer algo que tenga un mayor impacto en la vida de la persona con la que se est\u00e1 tratando\u00bb.<\/p>\n<p dir=\"ltr\" class=\"css-s4cjt0 e1yuyadm0\">Pollack tambi\u00e9n se refiri\u00f3 a sus fortalezas.<\/p>\n<p dir=\"ltr\" class=\"css-s4cjt0 e1yuyadm0\">\u00abTengo la capacidad de comunicarme bien con el jurado\u00bb, afirm\u00f3.<\/p>\n<p dir=\"ltr\" class=\"css-s4cjt0 e1yuyadm0\">\u00abEn cierto modo, soy un traductor. Tomo mucha informaci\u00f3n muy t\u00e9cnica de una industria con la que el jurado puede no estar familiarizado y la comunico de forma comprensible\u00bb.<\/p>\n<p><img decoding=\"async\" src=\"https:\/\/www.europesays.com\/es\/wp-content\/uploads\/2026\/01\/cbe29c40-eb37-11f0-b5f7-49f0357294ff.jpg.webp.webp\"   alt=\"Pollack junto a Julian Assange tras la liberaci\u00f3n del periodista\" loading=\"lazy\" width=\"976\" height=\"549\" style=\"aspect-ratio:976 \/ 549\" class=\"css-1seqhu9\"\/><\/p>\n<p class=\"css-by8ykd\" role=\"text\">Fuente de la imagen, Getty Images<\/p>\n<p>Pie de foto, Pollack junto a Julian Assange en el territorio estadounidense de las Islas Marianas  del Norte el d\u00eda de la liberaci\u00f3n del periodista australiano en 2024.<\/p>\n<p>Casos notables<\/p>\n<p dir=\"ltr\" class=\"css-s4cjt0 e1yuyadm0\">Pollack negoci\u00f3 en el caso de Assange un acuerdo de culpabilidad que permiti\u00f3 al periodista quedar en libertad.<\/p>\n<p dir=\"ltr\" class=\"css-s4cjt0 e1yuyadm0\">Assange enfrent\u00f3 cargos bajo la Ley de Espionaje de Estados Unidos por la divulgaci\u00f3n masiva de documentos secretos estadounidenses por parte de WikiLeaks, incluyendo cables diplom\u00e1ticos e informes de acciones militares en Irak y Afganist\u00e1n.<\/p>\n<p dir=\"ltr\" class=\"css-s4cjt0 e1yuyadm0\">Tras meses de negociaciones, se declar\u00f3 culpable de un solo cargo de conspiraci\u00f3n para obtener y divulgar informaci\u00f3n clasificada de defensa.<\/p>\n<p dir=\"ltr\" class=\"css-s4cjt0 e1yuyadm0\">A cambio, Assange, quien pas\u00f3 cinco a\u00f1os en la prisi\u00f3n de m\u00e1xima seguridad de Belmarsh en Londres y siete a\u00f1os refugi\u00e1ndose de las fuerzas del orden brit\u00e1nicas y estadounidenses en la embajada de Ecuador en Reino Unido, fue condenado a una pena de prisi\u00f3n cumplida durante los a\u00f1os en los que Estados Unidos intent\u00f3 extraditarlo.<\/p>\n<p dir=\"ltr\" class=\"css-s4cjt0 e1yuyadm0\">El inusual acuerdo alcanzado por Pollack en 2024 le permiti\u00f3 a Assange salir de la prisi\u00f3n brit\u00e1nica y prestar su declaraci\u00f3n en el territorio estadounidense de las Islas Marianas del Norte antes de regresar a su pa\u00eds natal, Australia.<\/p>\n<p dir=\"ltr\" class=\"css-s4cjt0 e1yuyadm0\">Entre otros casos prominentes, Pollack logr\u00f3 la absoluci\u00f3n total de un exejecutivo de Enron Corp., Michael Krautz, por cargos de fraude criminal, uno de los dos \u00fanicos casos que resultaron en absoluciones en los numerosos procesos judiciales derivados del colapso de Enron.<\/p>\n<p dir=\"ltr\" class=\"css-s4cjt0 e1yuyadm0\">Tambi\u00e9n logr\u00f3 la libertad de personas que hab\u00edan sido encarceladas indebidamente como Martin Tankleff, quien pas\u00f3 17 a\u00f1os en prisi\u00f3n tras ser acusado injustamente de asesinar a sus padres cuando era adolescente.<\/p>\n<p><img decoding=\"async\" src=\"https:\/\/www.europesays.com\/es\/wp-content\/uploads\/2026\/01\/4e769bd0-eb37-11f0-b385-5f48925de19a.jpg.webp.webp\"   alt=\"Pollack hablando con la prensa en Londres\" loading=\"lazy\" width=\"976\" height=\"549\" style=\"aspect-ratio:976 \/ 549\" class=\"css-1seqhu9\"\/><\/p>\n<p class=\"css-by8ykd\" role=\"text\">Fuente de la imagen, Getty Images<\/p>\n<p>Pie de foto, Pollack en Londres durante las audiencias en el caso de Assange.<\/p>\n<p>\u00abLa captura de Maduro fue claramente ilegal\u00bb<\/p>\n<p dir=\"ltr\" class=\"css-s4cjt0 e1yuyadm0\">Durante la comparecencia de Maduro en el tribunal federal de Manhattan, Pollack afirm\u00f3 que anticipaba una extensa disputa legal sobre lo que denomin\u00f3 el \u00absecuestro militar\u00bb de Maduro, lo que indica que la defensa argumentar\u00e1 que la operaci\u00f3n realizada por Estados Unidos en Venezuela fue ilegal, seg\u00fan inform\u00f3 la agencia Reuters.<\/p>\n<p dir=\"ltr\" class=\"css-s4cjt0 e1yuyadm0\">Alonso Gurmendi, experto en derecho internacional y profesor de la London School of Economics en Londres, dijo a BBC Mundo que, bajo el derecho internacional, la operaci\u00f3n de captura de Maduro fue \u00abclaramente, absolutamente, incontrovertidamente ilegal\u00bb.<\/p>\n<p dir=\"ltr\" class=\"css-s4cjt0 e1yuyadm0\">El derecho internacional proh\u00edbe el uso de la fuerza transfronteriza entre los Estados salvo en tres situaciones, explic\u00f3.<\/p>\n<p dir=\"ltr\" class=\"css-s4cjt0 e1yuyadm0\">\u00abLa  situaci\u00f3n n\u00famero uno: el Consejo de Seguridad te dio permiso, pero eso no ha sucedido. Situaci\u00f3n n\u00famero dos: el Estado te ha atacado primero y t\u00fa te est\u00e1s defendiendo. Tampoco sucedi\u00f3 porque Venezuela no ha atacado a Estados Unidos en ninguna de las interpretaciones m\u00e1s extensivas que quieras de leg\u00edtima defensa. No ha habido un ataque armado de Venezuela a los Estados Unidos. Y tercero: consentimiento del Estado. O sea, Venezuela le tendr\u00eda que haber dicho a Estados Unidos: &#8216;puedes entrar y llevarte a Maduro&#8217;, algo que tampoco ha ocurrido\u00bb.<\/p>\n<p dir=\"ltr\" class=\"css-s4cjt0 e1yuyadm0\">\u00abNinguno de los tres permisos se cumple, por lo que la operaci\u00f3n es un acto ilegal bajo el Derecho internacional, constituye un acto de agresi\u00f3n y al ser un acto de agresi\u00f3n, vulnera los derechos fundamentales de las personas involucradas. En este caso, Maduro\u00bb, agreg\u00f3 Gurmendi.<\/p>\n<p><img decoding=\"async\" src=\"https:\/\/www.europesays.com\/es\/wp-content\/uploads\/2026\/01\/288ef9c0-eb38-11f0-a422-4ba8a094a8fa.jpg.webp.webp\"   alt=\"Maduro y su esposa Cilia Flore son escoltados por agentes federales de Estados Unidos el 5 de enero en Nueva York\" loading=\"lazy\" width=\"976\" height=\"549\" style=\"aspect-ratio:976 \/ 549\" class=\"css-1seqhu9\"\/><\/p>\n<p class=\"css-by8ykd\" role=\"text\">Fuente de la imagen, Getty Images<\/p>\n<p>Pie de foto, El operativo de captura de Maduro fue \u00abclaramente, absolutamente, incontrovertidamente ilegal\u00bb, se\u00f1ala Alonso Gurmendi.<\/p>\n<p dir=\"ltr\" class=\"css-s4cjt0 e1yuyadm0\">William Shabas se\u00f1al\u00f3 a BBC Mundo que \u00abla cuesti\u00f3n de la ilegalidad del secuestro de Maduro es un argumento muy leg\u00edtimo\u00bb.<\/p>\n<p dir=\"ltr\" class=\"css-s4cjt0 e1yuyadm0\">\u00abHay algunos ejemplos en otros pa\u00edses; uno de los m\u00e1s famosos fue el de Adolf Eichmann en 1960, cuando fue secuestrado en Argentina y llevado a Israel. El tribunal all\u00ed desestim\u00f3 el argumento. Pero hay ejemplos donde se ha aceptado, por ejemplo, en Reino Unido\u00bb.<\/p>\n<p dir=\"ltr\" class=\"css-s4cjt0 e1yuyadm0\">Shabas se\u00f1ala que \u00aben esencia, el argumento es que secuestrar a personas de esta manera y llevarlas a los tribunales es un abuso del sistema judicial. Desde el punto de vista de los derechos humanos fundamentales es un argumento muy bueno, pero probablemente no va a tener mucho \u00e9xito en los tribunales estadounidenses\u00bb.<\/p>\n<p dir=\"ltr\" class=\"css-s4cjt0 e1yuyadm0\">Gurmendi explica que, a diferencia de los sistemas de derecho en Am\u00e9rica Latina, \u00abel ser capturado en forma contraria a la ley no vicia el proceso en Estados Unidos\u00bb.<\/p>\n<p dir=\"ltr\" class=\"css-s4cjt0 e1yuyadm0\">\u00abPero para nuestra mente latinoamericana eso no tiene sentido porque capturar ilegalmente quiere decir que vicias la jurisdicci\u00f3n del tribunal y yo dir\u00eda tambi\u00e9n bajo el derecho internacional. Porque hay tratados de extradici\u00f3n para eso. El derecho internacional no parte de la premisa de que t\u00fa puedes entrar a un pa\u00eds y hacer lo que te da la gana\u00bb.<\/p>\n<p dir=\"ltr\" class=\"css-s4cjt0 e1yuyadm0\">Esto apunta, seg\u00fan Gurmendi, a algo fundamental que debemos tener en cuenta.<\/p>\n<p dir=\"ltr\" class=\"css-s4cjt0 e1yuyadm0\">\u00abA pesar de que la Constituci\u00f3n de Estados Unidos dice que los tratados internacionales (y la ley federal) son la norma suprema de la naci\u00f3n, &#8216;the supreme law of the land&#8217;, en la tradici\u00f3n constitucional estadounidense el derecho dom\u00e9stico prima sobre el derecho internacional\u00bb.<\/p>\n<p dir=\"ltr\" class=\"css-s4cjt0 e1yuyadm0\">\u00abCuando hablamos de la legalidad de la operaci\u00f3n, van a preguntarse en Estados Unidos si el presidente tiene el poder bajo la Constituci\u00f3n de hacer esto y discutir, por ejemplo, si Trump necesitaba autorizaci\u00f3n del Congreso o no\u00bb.<\/p>\n<p><img decoding=\"async\" src=\"https:\/\/www.europesays.com\/es\/wp-content\/uploads\/2026\/01\/9d447290-eb38-11f0-b385-5f48925de19a.jpg.webp.webp\"   alt=\"Manifestantes en Caracas con un cuadro con la foto de Nicol\u00e1s Maduro con la banda presidencial\" loading=\"lazy\" width=\"976\" height=\"549\" style=\"aspect-ratio:976 \/ 549\" class=\"css-1seqhu9\"\/><\/p>\n<p class=\"css-by8ykd\" role=\"text\">Fuente de la imagen, Getty Images<\/p>\n<p>Pie de foto, Manifestaci\u00f3n en Caracas tras la captura de Maduro. Para William Shabas, la ilegalidad de la captura es un \u00abargumento muy leg\u00edtimo\u00bb, pero \u00abprobablemente no va a tener mucho \u00e9xito en los tribunales estadounidenses\u00bb.<\/p>\n<p>El argumento de la inmunidad de jefes de Estado<\/p>\n<p dir=\"ltr\" class=\"css-s4cjt0 e1yuyadm0\">Otra posible defensa de Maduro es que, como jefe de Estado, goza de inmunidad.<\/p>\n<p dir=\"ltr\" class=\"css-s4cjt0 e1yuyadm0\">\u00abCreo que es un argumento con mucho m\u00e1s potencial, porque esto es muy claro en el derecho internacional\u00bb, explic\u00f3 Shabas.<\/p>\n<p dir=\"ltr\" class=\"css-s4cjt0 e1yuyadm0\">\u00abHay una sentencia de la Corte Internacional de Justicia que establece que el jefe de un pa\u00eds, de un Estado o de un gobierno, goza de inmunidad ante los tribunales de otro pa\u00eds\u00bb.<\/p>\n<p dir=\"ltr\" class=\"css-s4cjt0 e1yuyadm0\">Existe un precedente en el que Estados Unidos captur\u00f3 al l\u00edder de un pa\u00eds en Latinoam\u00e9rica, el general paname\u00f1o Manuel Noriega, en enero de 1990.<\/p>\n<p dir=\"ltr\" class=\"css-s4cjt0 e1yuyadm0\">Al ordenar la destituci\u00f3n de Noriega, la Casa Blanca se bas\u00f3 en una opini\u00f3n legal de 1989 del entonces fiscal general adjunto Bill Barr, emitida seis meses antes de la invasi\u00f3n de EE.UU. a Panam\u00e1. Dicha opini\u00f3n establec\u00eda que la prohibici\u00f3n del uso de la fuerza en las relaciones internacionales, establecida en la Carta de las Naciones Unidas, no impide a Estados Unidos llevar a cabo detenciones forzosas en el extranjero para hacer cumplir las leyes nacionales.<\/p>\n<p dir=\"ltr\" class=\"css-s4cjt0 e1yuyadm0\">Noriega era l\u00edder de facto de Panam\u00e1 en ese entonces y nunca ocup\u00f3 el cargo formal de presidente. El pa\u00eds estaba entonces convulsionado por protestas y un intento de rebeli\u00f3n militar.<\/p>\n<p dir=\"ltr\" class=\"css-s4cjt0 e1yuyadm0\">El caso de Noriega \u00abes el \u00fanico precedente que creo que la fiscal\u00eda puede se\u00f1alar\u00bb, agrega Shabas.<\/p>\n<p dir=\"ltr\" class=\"css-s4cjt0 e1yuyadm0\">\u00abPero creo que hay algunas diferencias importantes entre ese caso y la situaci\u00f3n de Maduro. Y por lo tanto, creo que Maduro tiene un argumento mucho m\u00e1s s\u00f3lido en ese sentido\u00bb.<\/p>\n<p><img decoding=\"async\" src=\"https:\/\/www.europesays.com\/es\/wp-content\/uploads\/2026\/01\/ed824980-eb38-11f0-b5f7-49f0357294ff.jpg.webp.webp\"   alt=\"Manuel Noriega\" loading=\"lazy\" width=\"976\" height=\"549\" style=\"aspect-ratio:976 \/ 549\" class=\"css-1seqhu9\"\/><\/p>\n<p class=\"css-by8ykd\" role=\"text\">Fuente de la imagen, Getty Images<\/p>\n<p>Pie de foto, Estados Unidos captur\u00f3 al l\u00edder de facto de Panam\u00e1, el general Manuel Noriega, en 1990.<\/p>\n<p dir=\"ltr\" class=\"css-s4cjt0 e1yuyadm0\">Algunos analistas se\u00f1alan que es probable que Estados Unidos argumente que no reconoc\u00eda a Maduro como jefe de Estado leg\u00edtimo. Washington declar\u00f3 en 2019 al l\u00edder opositor Juan Guaid\u00f3 como presidente interino.<\/p>\n<p dir=\"ltr\" class=\"css-s4cjt0 e1yuyadm0\">Pero seg\u00fan Shabas, \u00abla cuesti\u00f3n es que Estados Unidos reconoce a Venezuela. Y la pregunta entonces es simplemente: \u00bfqui\u00e9n es el jefe de Estado en Venezuela? Y si Maduro no lo era, \u00bfpor qu\u00e9 lo secuestraron? Claramente, \u00e9l era el jefe de Estado en un sentido objetivo, incluso si lo objetaron, si no les gustaba, si afirmaron que tom\u00f3 el poder ileg\u00edtimamente. Despu\u00e9s de todo, Donald Trump dijo que Joe Biden fue un jefe de Estado ileg\u00edtimo durante cuatro a\u00f1os porque afirm\u00f3 haber ganado las elecciones. As\u00ed que esto no cambia nada desde la perspectiva del derecho internacional\u00bb.<\/p>\n<p dir=\"ltr\" class=\"css-s4cjt0 e1yuyadm0\">Para Gurmendi, que Washington no reconozca a Maduro \u00abno significa que no tenga el control efectivo del pa\u00eds y por lo tanto, bajo el derecho internacional, sea una persona que debe ser protegida por inmunidad\u00bb.<\/p>\n<p dir=\"ltr\" class=\"css-s4cjt0 e1yuyadm0\">Para el experto, que el argumento de inmunidad no haya funcionado en el caso de Noriega indica nuevamente que \u00abestamos en una realidad en donde hay dos sistemas normativos en conflicto, el derecho nacional de Estados Unidos y el derecho internacional\u00bb.<\/p>\n<p dir=\"ltr\" class=\"css-s4cjt0 e1yuyadm0\">\u00abEn Am\u00e9rica Latina, por ejemplo, hay muchos pa\u00edses que dicen cuando hay un conflicto entre el derecho internacional y el derecho dom\u00e9stico prima el internacional. Ese es el caso de Per\u00fa y de varios pa\u00edses en la regi\u00f3n, pero no es el caso de Estados Unidos\u00bb.<\/p>\n<p><img decoding=\"async\" src=\"https:\/\/www.europesays.com\/es\/wp-content\/uploads\/2026\/01\/410d4fa0-eb39-11f0-b385-5f48925de19a.png.webp.webp\"   alt=\"l\u00ednea gris\" loading=\"lazy\" width=\"800\" height=\"100\" style=\"aspect-ratio:800 \/ 100\" class=\"css-1seqhu9\"\/>Pie de foto,  <\/p>\n<p dir=\"ltr\" class=\"css-s4cjt0 e1yuyadm0\"><a href=\"https:\/\/www.bbc.com\/mundo\/send\/u184973209\" class=\"focusIndicatorReducedWidth css-n8oauk e1h2ur550\" rel=\"nofollow noopener\" target=\"_blank\">Suscr\u00edbete aqu\u00ed<\/a> a nuestro nuevo newsletter para recibir cada viernes una selecci\u00f3n de nuestro mejor contenido de la semana.<\/p>\n<p dir=\"ltr\" class=\"css-s4cjt0 e1yuyadm0\">Y recuerda que puedes recibir notificaciones en nuestra app. Descarga la \u00faltima versi\u00f3n y act\u00edvalas.<\/p>\n","protected":false},"excerpt":{"rendered":"Fuente de la imagen, Getty Images Pie de foto, Barry Pollack es considerado uno de los abogados litigantes&hellip;\n","protected":false},"author":2,"featured_media":326906,"comment_status":"","ping_status":"","sticky":false,"template":"","format":"standard","meta":{"footnotes":""},"categories":[42],"tags":[17,18,13,14,11,61,62,63,64,19,20,9,10,15,16,12,21,22,65,66,67],"class_list":{"0":"post-326905","1":"post","2":"type-post","3":"status-publish","4":"format-standard","5":"has-post-thumbnail","7":"category-internacional","8":"tag-breaking-news","9":"tag-breakingnews","10":"tag-featured-news","11":"tag-featurednews","12":"tag-headlines","13":"tag-internacional","14":"tag-international","15":"tag-international-news","16":"tag-internationalnews","17":"tag-latest-news","18":"tag-latestnews","19":"tag-news","20":"tag-noticias","21":"tag-noticias-destacadas","22":"tag-noticiasdestacadas","23":"tag-titulares","24":"tag-ultimas-noticias","25":"tag-ultimasnoticias","26":"tag-world","27":"tag-world-news","28":"tag-worldnews"},"share_on_mastodon":{"url":"https:\/\/pubeurope.com\/@es\/115851075570884376","error":""},"_links":{"self":[{"href":"https:\/\/www.europesays.com\/es\/wp-json\/wp\/v2\/posts\/326905","targetHints":{"allow":["GET"]}}],"collection":[{"href":"https:\/\/www.europesays.com\/es\/wp-json\/wp\/v2\/posts"}],"about":[{"href":"https:\/\/www.europesays.com\/es\/wp-json\/wp\/v2\/types\/post"}],"author":[{"embeddable":true,"href":"https:\/\/www.europesays.com\/es\/wp-json\/wp\/v2\/users\/2"}],"replies":[{"embeddable":true,"href":"https:\/\/www.europesays.com\/es\/wp-json\/wp\/v2\/comments?post=326905"}],"version-history":[{"count":0,"href":"https:\/\/www.europesays.com\/es\/wp-json\/wp\/v2\/posts\/326905\/revisions"}],"wp:featuredmedia":[{"embeddable":true,"href":"https:\/\/www.europesays.com\/es\/wp-json\/wp\/v2\/media\/326906"}],"wp:attachment":[{"href":"https:\/\/www.europesays.com\/es\/wp-json\/wp\/v2\/media?parent=326905"}],"wp:term":[{"taxonomy":"category","embeddable":true,"href":"https:\/\/www.europesays.com\/es\/wp-json\/wp\/v2\/categories?post=326905"},{"taxonomy":"post_tag","embeddable":true,"href":"https:\/\/www.europesays.com\/es\/wp-json\/wp\/v2\/tags?post=326905"}],"curies":[{"name":"wp","href":"https:\/\/api.w.org\/{rel}","templated":true}]}}