{"id":326915,"date":"2026-01-07T01:05:13","date_gmt":"2026-01-07T01:05:13","guid":{"rendered":"https:\/\/www.europesays.com\/es\/326915\/"},"modified":"2026-01-07T01:05:13","modified_gmt":"2026-01-07T01:05:13","slug":"de-el-hormiguero-al-semestre-clave-de-la-revuelta-y-los-cambios-de-mediaset","status":"publish","type":"post","link":"https:\/\/www.europesays.com\/es\/326915\/","title":{"rendered":"de &#8216;El Hormiguero&#8217; al semestre clave de &#8216;La Revuelta&#8217; y los cambios de Mediaset"},"content":{"rendered":"<p class=\"article-text\">\n        El final de las vacaciones navide\u00f1as marca la &#8216;vuelta al cole&#8217; de los principales presentadores y programas de la parrilla diaria. Entre ellos, los del access prime time, que regresan a la franja que m\u00e1s espectadores re\u00fane cada d\u00eda y la misma que en 2026 tambi\u00e9n estar\u00e1 marcada por el duelo entre <strong>El Hormiguero<\/strong> y <strong>La Revuelta<\/strong>. Al menos durante su primera mitad, pues cabe recordar que el contrato de <strong>David Broncano<\/strong> y su equipo con <strong>RTVE<\/strong> expira al final de la presente temporada, lo que hace de su renovaci\u00f3n uno de los <a href=\"https:\/\/www.eldiario.es\/vertele\/noticias\/10-grandes-preguntas-tv-debe-responder-2026-renovacion-broncano-caso-netflix-warner-eurovision-ot-benidorm-fest_1_12881139.html\" target=\"_blank\" data-mrf-recirculation=\"links-noticia\" class=\"link\" rel=\"nofollow noopener\">grandes asuntos a resolver<\/a> este a\u00f1o a nivel televisivo.\n    <\/p>\n<p>    <a href=\"https:\/\/www.eldiario.es\/vertele\/noticias\/mediaset-sacude-access-lleva-first-dates-vez-telecinco-premia-iker-jimenez-3-noches-cuatro_1_12881513.html\" data-mrf-recirculation=\"saber-mas\" data-dl-event=\"saber-mas\" rel=\"nofollow noopener\" target=\"_blank\"><\/p>\n<p class=\"know-more__title\">Mediaset sacude su access: lleva &#8216;First Dates&#8217; otra vez a Telecinco y premia a Iker Jim\u00e9nez con 3 noches m\u00e1s en Cuatro<\/p>\n<p>            <img decoding=\"async\" class=\"lazy\" loading=\"lazy\" data-src=\"https:\/\/static.eldiario.es\/clip\/0574f78a-c4df-4708-bb37-7ef2ab36ef07_16-9-aspect-ratio_default_0.jpg\" src=\"data:image\/svg+xml,%3Csvg xmlns=\" http:=\"\" viewbox=\"0 0 880 495\" alt=\"Mediaset sacude su access: lleva 'First Dates' otra vez a Telecinco y premia a Iker Jim\u00e9nez con 3 noches m\u00e1s en Cuatro\"\/><\/p>\n<p>                        <\/a><\/p>\n<p class=\"article-text\">\n        No ser\u00e1 el \u00fanico, ni mucho menos. Tambi\u00e9n habr\u00e1 que ver si 2026 acaba siendo el a\u00f1o de recuperaci\u00f3n de <strong>Telecinco<\/strong>. De momento, <strong>Mediaset<\/strong> ya ha realizado un importante anuncio para tratar de conseguirlo: durante un mes, <strong>First Dates<\/strong> se emitir\u00e1 de lunes a mi\u00e9rcoles en Telecinco y <strong>Horizonte<\/strong>, esos tres mismos d\u00edas por semana en <strong>Cuatro<\/strong>. Sin duda, un <a href=\"https:\/\/www.eldiario.es\/vertele\/noticias\/mediaset-sacude-access-lleva-first-dates-vez-telecinco-premia-iker-jimenez-3-noches-cuatro_1_12881513.html\" target=\"_blank\" data-mrf-recirculation=\"links-noticia\" class=\"link\" rel=\"nofollow noopener\">sorprendente movimiento<\/a> cuyo resultado habr\u00e1 que seguir muy de cerca.\n    <\/p>\n<p class=\"article-text\">\n        Menos novedades, por no decir ninguna, se esperan por parte de <strong>El Intermedio<\/strong> y <strong>Cifras y Letras<\/strong> en esta segunda mitad de la temporada. A\u00fan as\u00ed, el programa de <strong>Wyoming<\/strong> ser\u00e1 protagonista de un momento muy especial el pr\u00f3ximo 30 de marzo, cuando cumpla su 20\u00ba aniversario en <strong>laSexta<\/strong>. Antes, el pr\u00f3ximo 15 de enero, el concurso de <strong>Aitor Albizua<\/strong> celebrar\u00e1 su segundo a\u00f1o en <strong>La 2<\/strong> con el objetivo de seguir, como m\u00ednimo, igual de bien que hasta ahora en la segunda cadena de RTVE.\n    <\/p>\n<p class=\"article-text\">\n        A grandes rasgos, estos son los ingredientes con los que va a comenzar este <strong>mi\u00e9rcoles 7 de enero<\/strong> un nuevo a\u00f1o en el access prime time. Un a\u00f1o en el que <strong>El Hormiguero<\/strong> parte con ventaja pero que, al margen de su esperable liderato, promete dejarnos otros titulares igual de interesantes. Lo vemos a continuaci\u00f3n con nuestro an\u00e1lisis del presente y el futuro de la franja para las cinco grandes cadenas de la televisi\u00f3n nacional.\n    <\/p>\n<p>    &#8216;El Hormiguero&#8217;, a mantener su claro dominio<\/p>\n<p class=\"article-text\">\n        Decimos \u201cesperable liderato\u201d de El Hormiguero porque lo normal es que el programa de <strong>Antena 3<\/strong> mantenga a partir de <a href=\"https:\/\/www.eldiario.es\/vertele\/noticias\/cuando-vuelve-el-hormiguero-antena-3-fecha-horario-pablo-motos-invitados_1_12884887.html\" target=\"_blank\" data-mrf-recirculation=\"links-noticia\" class=\"link\" rel=\"nofollow noopener\">este mi\u00e9rcoles<\/a> el dominio que le ha llevado a ser el <strong>programa m\u00e1s visto en 2025<\/strong> (15.2% de cuota y 1.9 millones de televidentes), liderar este apartado por 11\u00ba a\u00f1o seguido, ganar todos los meses del a\u00f1o y m\u00e1s del 80% de sus emisiones. Y eso que comenz\u00f3 el pasado a\u00f1o en una situaci\u00f3n inesperadamente adversa, por detr\u00e1s de La Revuelta tras un primer cuatrimestre de curso, el de la temporada 2024-2025, muy favorable para el show de La 1 gracias al &#8216;factor novedad&#8217;. Sin embargo, en 2025 las aguas volvieron a su cauce y el formato de <strong>Pablo Motos<\/strong> recuper\u00f3 la primera posici\u00f3n gracias a su fiabilidad y a la p\u00e9rdida de p\u00fablico de su rival.\n    <\/p>\n<p class=\"article-text\">\n        Ahora, entre septiembre y diciembre, las cosas entre ambos se han estabilizado. La Revuelta ha completado la primera parte de la temporada con m\u00e1s fuerza de la que termin\u00f3 la anterior (<strong>12.8% de cuota y 1.539.000 espectadores<\/strong> de media en 57 entregas en el access), aun perdiendo por casi tres puntos frente a El Hormiguero (<strong>15.5% y 1.881.000<\/strong> en 64 emisiones). En total, Motos y sus compa\u00f1eros <strong>han liderado en 53 de sus 64 noches<\/strong>, siendo la mayor\u00eda de sus derrotas cuesti\u00f3n de d\u00e9cimas \u2014 e incluso <a href=\"https:\/\/www.eldiario.es\/vertele\/audiencias-tv\/jueves-11-septiembre-2025-la-revuelta-el-hormiguero-firman-duelo-igualado-broncano-gana-centesima-coincidencia_1_12597197.html\" target=\"_blank\" data-mrf-recirculation=\"links-noticia\" class=\"link\" rel=\"nofollow noopener\">cent\u00e9simas<\/a>\u2014 en estricta coincidencia contra La Revuelta o, en su defecto, por varios puntos de desventaja frente a partidos de f\u00fatbol \u2014generalmente de la selecci\u00f3n espa\u00f1ola masculina\u2014. Es decir, nada excesivamente preocupante.\n    <\/p>\n<p>            <img decoding=\"async\" class=\"lazy\" loading=\"lazy\" data-src=\"https:\/\/static.eldiario.es\/clip\/7267e075-1e11-426a-8693-8f7c06a22e4b_16-9-discover-aspect-ratio_default_0.jpg\" src=\"data:image\/svg+xml,%3Csvg xmlns=\" http:=\"\" viewbox=\"0 0 1200 675\" alt=\"Pablo Motos, Gotzon Mantuliz y Mario Vaquerizo, en 'El Hormiguero'\"\/><\/p>\n<p>    &#8216;La Revuelta&#8217; afronta un a\u00f1o clave<\/p>\n<p class=\"article-text\">\n        Por tanto, El Hormiguero arranca el 2026 \u2014a\u00f1o de su 20\u00ba aniversario, el pr\u00f3ximo 24 de septiembre\u2014 en una situaci\u00f3n aparentemente favorable y tranquila. No tanto en el caso de La Revuelta, que como dec\u00edamos al principio, tendr\u00e1 que <strong>resolver su futuro en los pr\u00f3ximos meses <\/strong>puesto que en 2024 firm\u00f3 con la p\u00fablica<a href=\"https:\/\/www.eldiario.es\/vertele\/noticias\/verdades-fichaje-david-broncano-rtve-la-1-sera-mas-barato-serie-4-estrellas-access_1_11280829.html\" target=\"_blank\" data-mrf-recirculation=\"links-noticia\" class=\"link\" rel=\"nofollow noopener\"> por dos temporadas<\/a>. Eso s\u00ed, lo normal es que Broncano y RTVE salgan de la mesa de negociaci\u00f3n con un apret\u00f3n de manos y con la continuidad del humorista y sus compa\u00f1eros garantizada. Al fin y al cabo, ha quedado sobradamente demostrado que ambas partes acertaron al unir sus caminos en septiembre de 2024. Desde entonces, La Revuelta es uno de los programas punteros de La 1, marcando con su llegada el inicio del dulce momento que atraviesa actualmente la cadena p\u00fablica.\n    <\/p>\n<p class=\"article-text\">\n        Adem\u00e1s, si bien es cierto que el programa de humor ha estado mayoritariamente por detr\u00e1s de El Hormiguero en los primeros meses de este curso, tambi\u00e9n lo es que se ha apuntado alguna que otra victoria a su costa, algo que no puede decir ninguna otra oferta diaria del access. Por si fuera poco, el pasado 10 de noviembre marc\u00f3 su r\u00e9cord hist\u00f3rico de audiencia con la visita de <strong>Rosal\u00eda (20.4% de cuota y 2.706.000 espectadores)<\/strong>, la cual acab\u00f3 siendo la emisi\u00f3n de un programa diario m\u00e1s vista de 2025 y la segunda emisi\u00f3n m\u00e1s seguida entre las ofertas no deportivas \u2014<a href=\"https:\/\/www.eldiario.es\/vertele\/audiencias-tv\/audiencias-ano-2025-antena-3-lidera-principio-fin-la-1-firma-ano-records-telecinco-cae-nuevo-minimo-cuatro-lasexta_1_12859551.html\" target=\"_blank\" data-mrf-recirculation=\"links-noticia\" class=\"link\" rel=\"nofollow noopener\">solo por detr\u00e1s de Eurovisi\u00f3n<\/a>\u2014. Es decir, que La Revuelta tambi\u00e9n tiene motivos para encarar con buenas sensaciones su trascendental 2026.\n    <\/p>\n<p>            <img decoding=\"async\" class=\"lazy\" loading=\"lazy\" data-src=\"https:\/\/static.eldiario.es\/clip\/516cf0e4-5629-4bef-8c62-0536b6ba4466_16-9-discover-aspect-ratio_default_0.jpg\" src=\"data:image\/svg+xml,%3Csvg xmlns=\" http:=\"\" viewbox=\"0 0 1200 675\" alt=\"Rosal\u00eda y David Broncano en 'La Revuelta'\"\/><\/p>\n<p>    Los cambios en el access de Mediaset<\/p>\n<p class=\"article-text\">\n        De otra manera, pero tambi\u00e9n trascendental apunta a ser el a\u00f1o para los canales de <strong>Mediaset<\/strong>. El primero, <strong>Telecinco<\/strong>, viene de firmar el <a href=\"https:\/\/www.eldiario.es\/vertele\/audiencias-tv\/audiencias-ano-2025-antena-3-lidera-principio-fin-la-1-firma-ano-records-telecinco-cae-nuevo-minimo-cuatro-lasexta_1_12859551.html\" target=\"_blank\" data-mrf-recirculation=\"links-noticia\" class=\"link\" rel=\"nofollow noopener\">peor a\u00f1o de su historia en audiencias<\/a>. Y el segundo, <strong>Cuatro<\/strong>, de cortar una racha de 53 derrotas mensuales <a href=\"https:\/\/www.eldiario.es\/vertele\/audiencias-tv\/diciembre-2025-antena-3-gana-la-1-sigue-cerca-sorpasso-cuatro-da-alegria-mediaset-mal-mes-telecinco_1_12878869.html\" target=\"_blank\" data-mrf-recirculation=\"links-noticia\" class=\"link\" rel=\"nofollow noopener\">frente a laSexta<\/a>. Uno y otro pasan por momentos opuestos, pero ambos van a comenzar el 2026 unidos por un mismo cambio: el de sus respectivos access. <strong>First Dates<\/strong> va a pasar a emitirse los lunes, los martes y los mi\u00e9rcoles en Telecinco en cuanto acabe <strong>La isla de las tentaciones 9<\/strong>, y <strong>Horizonte<\/strong> va a ocupar esos tres mismos d\u00edas en Cuatro durante al menos un mes. Los jueves, Telecinco emitir\u00e1 <a href=\"https:\/\/www.eldiario.es\/vertele\/noticias\/gh-duo-sorprende-sexta-concursante-oficial-cristina-piaget-actriz-top-model-debuta-reality_1_12885883.html\" target=\"_blank\" data-mrf-recirculation=\"links-noticia\" class=\"link\" rel=\"nofollow noopener\">GH D\u00fao<\/a>, que arranca este jueves 8, mientras que a\u00fan no est\u00e1 claro qu\u00e9 ofrecer\u00e1 Cuatro ese d\u00eda en su access.\n    <\/p>\n<p class=\"article-text\">\n        A priori, la intenci\u00f3n es compensar el presumible descenso que Telecinco sufrir\u00e1 en la franja &#8216;telonera&#8217; del prime time sin las Tentaciones, que est\u00e1n inmersas en la recta final de su 9\u00aa edici\u00f3n, la primera que ha tenido tres access por semana <strong>(10%-12% de media)<\/strong>. Su sustituto ser\u00e1 el dating de <strong>Carlos Sobera<\/strong>, al que Telecinco ya <a href=\"https:\/\/www.eldiario.es\/vertele\/audiencias-tv\/first-dates-telecinco-cuatro-audiencias-analisis-buen-parche-deja-ko-mirada-septiembre_1_12512641.html\" target=\"_blank\" data-mrf-recirculation=\"links-noticia\" class=\"link\" rel=\"nofollow noopener\">sac\u00f3 partido en verano<\/a> y que ahora recupera esperando repetir jugada. Y de paso, que la apuesta por multiplicar Horizonte en Cuatro, que tiene precisamente en el programa de <strong>Iker Jim\u00e9nez<\/strong> su oferta de prime time m\u00e1s competitiva, tambi\u00e9n salga bien. Independientemente del resultado, este movimiento nace con una te\u00f3rica fecha de caducidad, pues se espera que <strong>Supervivientes 2026<\/strong> acapare el access de Telecinco a partir de primavera.\n    <\/p>\n<p>            <img decoding=\"async\" class=\"lazy\" loading=\"lazy\" data-src=\"https:\/\/static.eldiario.es\/clip\/0574f78a-c4df-4708-bb37-7ef2ab36ef07_16-9-discover-aspect-ratio_default_0.jpg\" src=\"data:image\/svg+xml,%3Csvg xmlns=\" http:=\"\" viewbox=\"0 0 1200 675\" alt=\"Carlos Sobera en 'First Dates', e Iker Jim\u00e9nez en 'Horizonte'\"\/><\/p>\n<p>    La calma de &#8216;El Intermedio&#8217; y &#8216;Cifras y letras&#8217;<\/p>\n<p class=\"article-text\">\n        Terminamos nuestro repaso con <strong>El Intermedio<\/strong> y <strong>Cifras y letras<\/strong>, dos ofertas que, a priori, viven al margen de las exigencias del resto. El programa de <strong>Wyoming<\/strong> sigue siendo uno de los estandartes de laSexta, que al igual que el propio formato tambi\u00e9n cumplir\u00e1 20 a\u00f1os a finales de marzo. Por tanto, el espacio sat\u00edrico lleva ah\u00ed desde los inicios de la cadena &#8216;verde&#8217;, as\u00ed que poco m\u00e1s se le puede exigir a estas alturas que seguir como hasta ahora. Es decir, firmando unas correctas audiencias <strong>(6-7% de cuota)<\/strong> y analizando con iron\u00eda y humor el convulso mundo que nos rodea. De hecho, ser\u00e1 interesante ver su inminente duelo directo con Horizonte, un programa que est\u00e1 en las ant\u00edpodas a nivel ideol\u00f3gico.\n    <\/p>\n<p>    <a href=\"https:\/\/www.eldiario.es\/vertele\/analisis\/carta-telecinco-reyes-magos-10-apuestas-busca-remontar-minimo-historico-audiencias_1_12877865.html\" data-mrf-recirculation=\"saber-mas-abajo\" data-dl-event=\"saber-mas-abajo\" rel=\"nofollow noopener\" target=\"_blank\"><\/p>\n<p class=\"know-more__title\">Carta de Telecinco a los Reyes Magos: las 10 apuestas con las que busca remontar su m\u00ednimo hist\u00f3rico en audiencias\n<\/p>\n<p>            <img decoding=\"async\" class=\"lazy\" loading=\"lazy\" data-src=\"https:\/\/static.eldiario.es\/clip\/7a944df0-691b-404e-830c-4a34bf6ffb9f_16-9-aspect-ratio_default_0.jpg\" src=\"data:image\/svg+xml,%3Csvg xmlns=\" http:=\"\" viewbox=\"0 0 880 495\" alt=\"Carta de Telecinco a los Reyes Magos: las 10 apuestas con las que busca remontar su m\u00ednimo hist\u00f3rico en audiencias\"\/><\/p>\n<p>                        <\/a><\/p>\n<p class=\"article-text\">\n        En cuanto a Cifras y letras, el concurso de <strong>La 2<\/strong> llega a 2026 en plena forma, convertido en uno de los principales art\u00edfices de que la segunda cadena p\u00fablica firmara en 2025 su mejor a\u00f1o desde 2010 (un 3% de cuota media, lo mismo que en 2022). El programa de <strong>Aitor Albizua<\/strong> forma parte de <a href=\"https:\/\/www.eldiario.es\/vertele\/analisis\/la-2-rtve-revolucion-silenciosa-canal-documentales-quiere-acercar-audiencia-amplia_1_12840604.html\" target=\"_blank\" data-mrf-recirculation=\"links-noticia\" class=\"link\" rel=\"nofollow noopener\">la revoluci\u00f3n silenciosa<\/a> que ha vivido el canal en los \u00faltimos a\u00f1os, y que tiene precisamente en Cifras y Letras uno de sus grandes aciertos de este proceso. As\u00ed lo reflejan sus cifras de audiencia <strong>(6-7% de share)<\/strong>, que duplican a las del canal y certifican que no solo de Saber y ganar vive el g\u00e9nero de los concursos en La 2.\n    <\/p>\n<p>            <img decoding=\"async\" class=\"lazy\" loading=\"lazy\" data-src=\"https:\/\/static.eldiario.es\/clip\/a4b8be6e-1060-4bc4-9eab-0709fca7e67b_16-9-discover-aspect-ratio_default_0.jpg\" src=\"data:image\/svg+xml,%3Csvg xmlns=\" http:=\"\" viewbox=\"0 0 1200 675\" alt=\"El gran Wyoming ('El Intermedio') y Aitor Albizua ('Cifras y letras')\"\/><\/p>\n","protected":false},"excerpt":{"rendered":"El final de las vacaciones navide\u00f1as marca la &#8216;vuelta al cole&#8217; de los principales presentadores y programas de&hellip;\n","protected":false},"author":2,"featured_media":326916,"comment_status":"","ping_status":"","sticky":false,"template":"","format":"standard","meta":{"footnotes":""},"categories":[171],"tags":[3076,15564,5566,4095,3463,12554,954,5813,146,147,25,24,29956,955,521,518,6919,23,692,522,214],"class_list":{"0":"post-326915","1":"post","2":"type-post","3":"status-publish","4":"format-standard","5":"has-post-thumbnail","7":"category-tv","8":"tag-3076","9":"tag-access","10":"tag-antena3","11":"tag-batalla","12":"tag-cambios","13":"tag-clave","14":"tag-cuatro","15":"tag-el-hormiguero","16":"tag-entertainment","17":"tag-entretenimiento","18":"tag-es","19":"tag-espana","20":"tag-la-revuelta","21":"tag-mediaset","22":"tag-prime","23":"tag-rtve","24":"tag-semestre","25":"tag-spain","26":"tag-telecinco","27":"tag-time","28":"tag-tv"},"share_on_mastodon":{"url":"https:\/\/pubeurope.com\/@es\/115851134397600734","error":""},"_links":{"self":[{"href":"https:\/\/www.europesays.com\/es\/wp-json\/wp\/v2\/posts\/326915","targetHints":{"allow":["GET"]}}],"collection":[{"href":"https:\/\/www.europesays.com\/es\/wp-json\/wp\/v2\/posts"}],"about":[{"href":"https:\/\/www.europesays.com\/es\/wp-json\/wp\/v2\/types\/post"}],"author":[{"embeddable":true,"href":"https:\/\/www.europesays.com\/es\/wp-json\/wp\/v2\/users\/2"}],"replies":[{"embeddable":true,"href":"https:\/\/www.europesays.com\/es\/wp-json\/wp\/v2\/comments?post=326915"}],"version-history":[{"count":0,"href":"https:\/\/www.europesays.com\/es\/wp-json\/wp\/v2\/posts\/326915\/revisions"}],"wp:featuredmedia":[{"embeddable":true,"href":"https:\/\/www.europesays.com\/es\/wp-json\/wp\/v2\/media\/326916"}],"wp:attachment":[{"href":"https:\/\/www.europesays.com\/es\/wp-json\/wp\/v2\/media?parent=326915"}],"wp:term":[{"taxonomy":"category","embeddable":true,"href":"https:\/\/www.europesays.com\/es\/wp-json\/wp\/v2\/categories?post=326915"},{"taxonomy":"post_tag","embeddable":true,"href":"https:\/\/www.europesays.com\/es\/wp-json\/wp\/v2\/tags?post=326915"}],"curies":[{"name":"wp","href":"https:\/\/api.w.org\/{rel}","templated":true}]}}