{"id":326917,"date":"2026-01-07T01:07:18","date_gmt":"2026-01-07T01:07:18","guid":{"rendered":"https:\/\/www.europesays.com\/es\/326917\/"},"modified":"2026-01-07T01:07:18","modified_gmt":"2026-01-07T01:07:18","slug":"ryan-reynolds-desvela-la-historia-tras-el-cameo-de-brad-pitt-en-deadpool-2","status":"publish","type":"post","link":"https:\/\/www.europesays.com\/es\/326917\/","title":{"rendered":"Ryan Reynolds desvela la historia tras el cameo de Brad Pitt en \u2018Deadpool 2\u2019"},"content":{"rendered":"<p data-journey-content=\"true\" data-node-id=\"3\" class=\"css-6wxqfj emevuu60\">A comienzos de la d\u00e9cada de 2000, <strong data-node-id=\"3.1\">Ryan Reynolds apareci\u00f3 por primera vez asociado al personaje de Deadpool en la gran pantalla en la pel\u00edcula \u2018X-Men Or\u00edgenes: Lobezno\u2019 (2009), de Gavin Hood, donde Reynolds interpret\u00f3 a Wade Wilson, esta vez transformado en un experimento denominado Arma XI<\/strong>. Esa versi\u00f3n recog\u00eda poderes de varios mutantes y mostraba un rostro distinto al del c\u00f3mic, sin el traje rojo, ni la m\u00e1scara caracter\u00edstica, y con la boca parcialmente cosida en una de las escenas, lo que le imped\u00eda mostrar el tono irreverente que define al antih\u00e9roe en los c\u00f3mics. Esta decisi\u00f3n respondi\u00f3 a a algunas necesidades del guion, pero el resultado fue para muchos aficionados y para el propio actor una versi\u00f3n muy alejada del esp\u00edritu original.<\/p>\n<p><img draggable=\"true\" alt=\"deadpool y lobezno\" title=\"deadpool y lobezno\" loading=\"lazy\" width=\"2000\" height=\"1125\" decoding=\"async\" data-nimg=\"1\" style=\"color:transparent;width:100%;height:auto;\"   src=\"https:\/\/www.europesays.com\/es\/wp-content\/uploads\/2026\/01\/deadpool-lobezno-65cc875e4584d.jpg\" class=\"css-0 e1g79fud0\"\/><\/p>\n<p>Marvel Studios<\/p>\n<p data-journey-content=\"true\" data-node-id=\"8\" class=\"css-6wxqfj emevuu60\">La gran insatisfacci\u00f3n de Reynolds fue p\u00fablica y persistente, y el actor intent\u00f3 durante a\u00f1os convencer a los estudios para realizar una pel\u00edcula que recuperara el humor negro y la voz deslenguada de Deadpool. Sin embargo, en 2014 se filtr\u00f3 un metraje de prueba que capt\u00f3 la atenci\u00f3n de la comunidad en Internet y termin\u00f3 por acelerar la aprobaci\u00f3n del proyecto. El clip de prueba dej\u00f3 claro el tono buscado por el equipo creativo y provoc\u00f3 una reacci\u00f3n masiva en redes, lo que impuls\u00f3 a Fox a hacerse con sus derechos. Reynolds trabaj\u00f3 de forma notable en la promoci\u00f3n y en la estrategia del filme, y que adem\u00e1s de asumir las labores de productor, tambi\u00e9n particip\u00f3 en la campa\u00f1a de marketing digital y en decisiones creativas para que el resultado fuese fiel al c\u00f3mic. <strong data-node-id=\"8.1\">Con ese empuje se estren\u00f3 \u2018Deadpool\u2019 (2016), de Tim Miller, cuyo \u00e9xito en taquilla abri\u00f3 la puerta a que dos a\u00f1os m\u00e1s tarde se estrenara su continuaci\u00f3n, \u2018Deadpool 2\u2019 (2018), de David Leitch. La presencia del personaje se hizo tan fuerte y gan\u00f3 tal estatus que varios a\u00f1os despu\u00e9s se estren\u00f3 la tercera parte, \u2018Deadpool y Lobezno\u2019 (2024), de Shawn Levy, definitivamente enmarcada dentro del Universo Cinematogr\u00e1fico de Marvel<\/strong>.<\/p>\n<p data-journey-content=\"true\" data-node-id=\"10\" class=\"css-6wxqfj emevuu60\">No obstante, en \u2018Deadpool 2\u2019 hay un brev\u00edsimo cameo que se convirti\u00f3 en uno de los gui\u00f1os m\u00e1s comentados por los fans tras su estreno. Durante apenas un par de segundos, un personaje invisible conocido como El Desaparecedor queda expuesto al morir electrocutado y, en ese instante, se reconoce el rostro de Brad Pitt. La secuencia ocurre en un salto en paraca\u00eddas que termina con un accidente en unos cables telef\u00f3nicos, y el cameo se convirti\u00f3 en una enorme sorpresa para los fans tanto en las redes. El propio Ryan Reynolds cont\u00f3 en \u2018The Tonight Show starring Jimmy Fallon\u2019 en agosto de 2018 c\u00f3mo vendi\u00f3 la idea a los productores y explic\u00f3 la broma con detalle: \u201c<strong data-node-id=\"10.1\">Les dije: \u2018Para ello vamos a contar con una superestrella \u00a1Brad Pitt va a hacerlo!\u2019 Y me dijeron: \u2018\u00a1Espera un segundo! \u00bfBrad Pitt va a hacerlo?\u2019. Les dije: \u2018S\u00ed, har\u00e1 de uno de los personajes\u2019. Y me preguntaron: \u2018\u00bfPero cu\u00e1l va a hacer?\u2019 Les dije: \u2018Va a hacer de El Desaparecedor\u2019. Y me preguntaron: \u2018\u00bfCu\u00e1les son sus poderes?\u2019 Y les dije: \u2018Pues&#8230; No habla y es invisible\u2019. Y estaban como: \u2018Ok&#8230; \u00bfY entonces por qu\u00e9 Brad Pitt?\u2019 Y les digo: \u2018Porque al final le ves\u2019. Y me dijeron: \u2018\u00bfY cu\u00e1ndo lo ves?\u2019 Digo: \u2018Lo ves durante un cuarto de segundo, cuando muere electrocutado\u2019<\/strong>\u201d.<\/p>\n<p><img draggable=\"true\" alt=\"brad pitt\" title=\"Brad Pitt\" loading=\"lazy\" width=\"3000\" height=\"1961\" decoding=\"async\" data-nimg=\"1\" style=\"color:transparent;width:100%;height:auto;\"   src=\"https:\/\/www.europesays.com\/es\/wp-content\/uploads\/2026\/01\/brad-pitt-attends-the-f1-the-movie-european-premiere-at-news-photo-1758185693.pjpeg.jpeg\" class=\"css-0 e1g79fud0\"\/><\/p>\n<p>Samir Hussein\/\/Getty Images<\/p>\n<p data-journey-content=\"true\" data-node-id=\"14\" class=\"css-6wxqfj emevuu60\">Por su parte, Brad Pitt tambi\u00e9n ha explicado por qu\u00e9 acept\u00f3 el gui\u00f1o. El director, David Leitch, hab\u00eda pensado en \u00e9l para Cable, pero la agenda no se lo permiti\u00f3. Sin embargo, aun as\u00ed, dej\u00f3 la puerta abierta a realizar el cameo, ya que Leitch fue el doble de acci\u00f3n de Pitt en cinco pel\u00edculas de su carrera, y entre ambos existe una relaci\u00f3n de amistad, tal y como Pitt coment\u00f3: \u201c<strong data-node-id=\"14.1\">Fue lo m\u00e1s f\u00e1cil que he hecho en toda mi vida. Dave es un viejo amigo m\u00edo, nos conocemos porque era mi doble de acci\u00f3n desde \u2018El club de la lucha\u2019. Me llamaron y dije: \u2018\u00bfPor qu\u00e9 no?\u2019<\/strong>\u201d<\/p>\n<p>Contenidos relacionados<\/p>\n","protected":false},"excerpt":{"rendered":"A comienzos de la d\u00e9cada de 2000, Ryan Reynolds apareci\u00f3 por primera vez asociado al personaje de Deadpool&hellip;\n","protected":false},"author":2,"featured_media":326918,"comment_status":"","ping_status":"","sticky":false,"template":"","format":"standard","meta":{"footnotes":""},"categories":[169],"tags":[177,253,146,147,25,24,176,175,23],"class_list":{"0":"post-326917","1":"post","2":"type-post","3":"status-publish","4":"format-standard","5":"has-post-thumbnail","7":"category-cine","8":"tag-cine","9":"tag-discover","10":"tag-entertainment","11":"tag-entretenimiento","12":"tag-es","13":"tag-espana","14":"tag-film","15":"tag-movies","16":"tag-spain"},"share_on_mastodon":{"url":"https:\/\/pubeurope.com\/@es\/115851142597893501","error":""},"_links":{"self":[{"href":"https:\/\/www.europesays.com\/es\/wp-json\/wp\/v2\/posts\/326917","targetHints":{"allow":["GET"]}}],"collection":[{"href":"https:\/\/www.europesays.com\/es\/wp-json\/wp\/v2\/posts"}],"about":[{"href":"https:\/\/www.europesays.com\/es\/wp-json\/wp\/v2\/types\/post"}],"author":[{"embeddable":true,"href":"https:\/\/www.europesays.com\/es\/wp-json\/wp\/v2\/users\/2"}],"replies":[{"embeddable":true,"href":"https:\/\/www.europesays.com\/es\/wp-json\/wp\/v2\/comments?post=326917"}],"version-history":[{"count":0,"href":"https:\/\/www.europesays.com\/es\/wp-json\/wp\/v2\/posts\/326917\/revisions"}],"wp:featuredmedia":[{"embeddable":true,"href":"https:\/\/www.europesays.com\/es\/wp-json\/wp\/v2\/media\/326918"}],"wp:attachment":[{"href":"https:\/\/www.europesays.com\/es\/wp-json\/wp\/v2\/media?parent=326917"}],"wp:term":[{"taxonomy":"category","embeddable":true,"href":"https:\/\/www.europesays.com\/es\/wp-json\/wp\/v2\/categories?post=326917"},{"taxonomy":"post_tag","embeddable":true,"href":"https:\/\/www.europesays.com\/es\/wp-json\/wp\/v2\/tags?post=326917"}],"curies":[{"name":"wp","href":"https:\/\/api.w.org\/{rel}","templated":true}]}}