{"id":326954,"date":"2026-01-07T01:36:16","date_gmt":"2026-01-07T01:36:16","guid":{"rendered":"https:\/\/www.europesays.com\/es\/326954\/"},"modified":"2026-01-07T01:36:16","modified_gmt":"2026-01-07T01:36:16","slug":"dia-de-reyes-una-tradicion-centenaria-de-la-cultura-popular-brasilena","status":"publish","type":"post","link":"https:\/\/www.europesays.com\/es\/326954\/","title":{"rendered":"D\u00eda de Reyes: una tradici\u00f3n centenaria de la cultura popular brasile\u00f1a"},"content":{"rendered":"<p>El D\u00eda de Reyes, que se celebra este martes (6), marca una tradici\u00f3n centenaria en la cultura popular brasile\u00f1a con el desfile de folias por las calles. Estos grupos de cantores e instrumentistas entonan versos en honor a los tres reyes magos: Baltasar, Belchior y Gaspar. De origen portugu\u00e9s, la Folia de Reis o Reisado lleg\u00f3 a Brasil durante la \u00e9poca colonial.<img decoding=\"async\" src=\"https:\/\/www.europesays.com\/es\/wp-content\/uploads\/2026\/01\/1767749775_599_ebc.png\" style=\"width:1px; height:1px; display:inline;\"\/><img decoding=\"async\" src=\"https:\/\/www.europesays.com\/es\/wp-content\/uploads\/2026\/01\/1767749775_959_ebc.gif\" style=\"width:1px; height:1px; display:inline;\"\/><\/p>\n<p>            <img decoding=\"async\" src=\"https:\/\/www.europesays.com\/es\/wp-content\/uploads\/2025\/12\/loading_v2.gif\" data-echo=\"https:\/\/imagens.ebc.com.br\/aVgXg2PJjmiTCcI7fHD8Ti9otz8=\/365x0\/smart\/https:\/\/agenciabrasil.ebc.com.br\/sites\/default\/files\/thumbnails\/image\/estatua_dos_reis_magos_em_natal_rn.jpg?itok=4uLQCufA\" alt=\"Dia de Reis - Os Reis De Natal - P\u00f3rtico dos Reis Magos, \u00e0s margens da BR 101.Foto: M\u00e1rio Monte Filho\/Wikepedia\" title=\"M\u00e1rio Monte Filho\/Wikepedia\"\/><\/p>\n<p>Los tres reyes magos: Baltasar, Belchior y Gaspar &#8211; <strong>M\u00e1rio Monte Filho\/Wikepedia<\/strong><\/p>\n<p>En varias ciudades del pa\u00eds, visitan las casas vestidos con uniformes y m\u00e1scaras, interpretando bailes y canciones con diversos instrumentos de cuerda, acordeones y percusi\u00f3n. Algunos grupos a menudo incluyen personajes folcl\u00f3ricos como reyes y payasos, que incluso visitan las casas de los devotos.<\/p>\n<p>Se dice que Belchor, Gaspar y Baltasar, convertidos en santos por la Iglesia cat\u00f3lica, partieron de Oriente guiados por una estrella y llevaban tres regalos: oro, incienso y mirra, que simbolizan la realeza, la inmortalidad y la espiritualidad. Para los devotos del catolicismo, la fecha de la llegada de los Reyes Magos marca el final de las fiestas navide\u00f1as, que comienzan cuatro domingos antes del 25 de diciembre, d\u00eda atribuido al nacimiento de Jesucristo.<\/p>\n<p>El 6 de enero marca la visita de los Reyes Magos a Jes\u00fas reci\u00e9n nacido en Bel\u00e9n, una antigua ciudad ahora ubicada en Palestina. En este d\u00eda tambi\u00e9n se retiran los belenes, \u00e1rboles y otros adornos navide\u00f1os.<\/p>\n","protected":false},"excerpt":{"rendered":"El D\u00eda de Reyes, que se celebra este martes (6), marca una tradici\u00f3n centenaria en la cultura popular&hellip;\n","protected":false},"author":2,"featured_media":326955,"comment_status":"","ping_status":"","sticky":false,"template":"","format":"standard","meta":{"footnotes":""},"categories":[42],"tags":[17,18,13,14,11,61,62,63,64,19,20,9,10,15,16,12,21,22,65,66,67],"class_list":{"0":"post-326954","1":"post","2":"type-post","3":"status-publish","4":"format-standard","5":"has-post-thumbnail","7":"category-internacional","8":"tag-breaking-news","9":"tag-breakingnews","10":"tag-featured-news","11":"tag-featurednews","12":"tag-headlines","13":"tag-internacional","14":"tag-international","15":"tag-international-news","16":"tag-internationalnews","17":"tag-latest-news","18":"tag-latestnews","19":"tag-news","20":"tag-noticias","21":"tag-noticias-destacadas","22":"tag-noticiasdestacadas","23":"tag-titulares","24":"tag-ultimas-noticias","25":"tag-ultimasnoticias","26":"tag-world","27":"tag-world-news","28":"tag-worldnews"},"share_on_mastodon":{"url":"https:\/\/pubeurope.com\/@es\/115851256401980116","error":""},"_links":{"self":[{"href":"https:\/\/www.europesays.com\/es\/wp-json\/wp\/v2\/posts\/326954","targetHints":{"allow":["GET"]}}],"collection":[{"href":"https:\/\/www.europesays.com\/es\/wp-json\/wp\/v2\/posts"}],"about":[{"href":"https:\/\/www.europesays.com\/es\/wp-json\/wp\/v2\/types\/post"}],"author":[{"embeddable":true,"href":"https:\/\/www.europesays.com\/es\/wp-json\/wp\/v2\/users\/2"}],"replies":[{"embeddable":true,"href":"https:\/\/www.europesays.com\/es\/wp-json\/wp\/v2\/comments?post=326954"}],"version-history":[{"count":0,"href":"https:\/\/www.europesays.com\/es\/wp-json\/wp\/v2\/posts\/326954\/revisions"}],"wp:featuredmedia":[{"embeddable":true,"href":"https:\/\/www.europesays.com\/es\/wp-json\/wp\/v2\/media\/326955"}],"wp:attachment":[{"href":"https:\/\/www.europesays.com\/es\/wp-json\/wp\/v2\/media?parent=326954"}],"wp:term":[{"taxonomy":"category","embeddable":true,"href":"https:\/\/www.europesays.com\/es\/wp-json\/wp\/v2\/categories?post=326954"},{"taxonomy":"post_tag","embeddable":true,"href":"https:\/\/www.europesays.com\/es\/wp-json\/wp\/v2\/tags?post=326954"}],"curies":[{"name":"wp","href":"https:\/\/api.w.org\/{rel}","templated":true}]}}