{"id":326956,"date":"2026-01-07T01:43:07","date_gmt":"2026-01-07T01:43:07","guid":{"rendered":"https:\/\/www.europesays.com\/es\/326956\/"},"modified":"2026-01-07T01:43:07","modified_gmt":"2026-01-07T01:43:07","slug":"la-copa-davis-2026-toma-forma-cruces-ausencias-de-peso-y-posibles-rivales-de-espana","status":"publish","type":"post","link":"https:\/\/www.europesays.com\/es\/326956\/","title":{"rendered":"La Copa Davis 2026 toma forma: cruces, ausencias de peso y posibles rivales de Espa\u00f1a"},"content":{"rendered":"<p>El nuevo formato recupera la esencia de las eliminatorias cl\u00e1sicas, pero arranca marcado por grandes ausencias, cruces trampa y una Espa\u00f1a que espera rival con la Ensaladera en el horizonte<\/p>\n<p class=\"parrafo\">Cambiamos de a\u00f1o y de temporada, con una Copa 2026 que regresa a las ra\u00edces del torneo. Para ello, dice adi\u00f3s definitivamente a la fase de grupos de septiembre que se utilizaba anteriormente con el objetivo de recuperar el ambiente cl\u00e1sico con los equipos jugando en casa o como visitantes. Eso s\u00ed, con Italia como campe\u00f3n y anfitri\u00f3n y Espa\u00f1a como pa\u00eds finalista, se &#8216;libran&#8217; de disputar este primer cruces.<strong> Tambi\u00e9n destaca la ausencia de los Top 20 del tenis,<\/strong> debido al  apretado calendario del que Alcaraz se ha quejado en m\u00e1s de una ocasi\u00f3n, y el riesgo de lesiones.<\/p>\n<p class=\"parrafo\">La decisi\u00f3n de eliminar el formato anterior es debido a que muchas series se jugaban con gradas vac\u00edas cuando no participaba el pa\u00eds anfitri\u00f3n. Ahora que se vuelve al formato local y visitante, <strong>se garantiza que cada eliminatoria tenga el ambiente de la Copa Davis<\/strong><strong>.<\/strong><strong\/><\/p>\n<p>Espa\u00f1a se enfrentar\u00e1 a Chile o a Serbia<\/p>\n<p class=\"parrafo\">Para saber qui\u00e9n ser\u00e1 el rival de Espa\u00f1a, el tr\u00e1mite lo tendr\u00e1n en el cruce entre Chile y Serbia, de donde saldr\u00e1 el rival de Espa\u00f1a.<strong> Los serbios no tendr\u00e1n a Novak Djokovic, pero si que tendr\u00e1n a Hamad Medjedovic y Dusan Lajovic.<\/strong> Los chilenos si que tienen su triada preparada, con Cristian Gar\u00edn, Alejandro Tabilo y Nico Jarry que ir\u00e1n a por todas.<\/p>\n<p><img decoding=\"async\" src=\"https:\/\/www.europesays.com\/es\/wp-content\/uploads\/2026\/01\/69436694-c28e-497b-9fce-dd9b6a713de2_800x533.jpeg\" loading=\"lazy\"\/><\/p>\n<p class=\"parrafo\">Un campeonato en el que se nota la ausencia de nombres m\u00e1s medi\u00e1ticos como Rune, Zverev o Mi\u00f1aur, pero que dota al campeonato de un car\u00e1cter original en el que se abre la posibilidad de que pueda ocurrir cualquier cosa. <strong>Estos son los cruces:<\/strong><\/p>\n<p class=\"parrafo\">Chile vs Serbia (Viernes 6 y s\u00e1bado 7 de febrero: Santiago de Chile, tierra batida al aire libre)<\/p>\n<p class=\"parrafo\"><strong>Chile:<\/strong> Cristian Garin, Alejandro Tabilo, Tom\u00e1s Barrios Vera, Nicol\u00e1s Jarry, Mat\u00edas Soto<\/p>\n<p class=\"parrafo\"><strong>Serbia:<\/strong> Hamad Medjedovic, Dusan Lajovic, Ognjen Milic, Ivan Sabanov, Matej Sabanov<\/p>\n<p class=\"parrafo\">Alemania vs Per\u00fa (Viernes 6 y s\u00e1bado 7 de febrero; Dusseldorf, pista dura bajo techo)<\/p>\n<p class=\"parrafo\"><strong>Alemania:<\/strong> Jan-Lennard Struff, Yannick Hanfmann, Tim Puetz, Kevin Krawietz<\/p>\n<p class=\"parrafo\"><strong>Per\u00fa: <\/strong>Ignacio Buse, Gonzalo Bueno, Juan Pablo Varillas, Arklon Huertas del Pino<\/p>\n<p><strong>Croacia vs Dinamarca (Viernes 6 y s\u00e1bado 7 de febrero: Varazdin, pista dura bajo techo)<\/strong><\/p>\n<p class=\"parrafo\"><strong>Croacia:<\/strong> Marin Cilic, Dino Prizmic, Mate Pavic, Nikola Mektic<\/p>\n<p class=\"parrafo\"><strong>Dinamarca:<\/strong> Elmer Moller, August Holmgren, Carl Emil Overbeck, Johannes Ingildsen, Oskar Brostrom Poulsen<\/p>\n<p><strong>Ecuador vs Australia (S\u00e1bado 7 y domingo 8 de febrero: Quito, tierra batida al aire libre)<\/strong><\/p>\n<p class=\"parrafo\"><strong>Ecuador: <\/strong>\u00c1lvaro Guill\u00e9n Meza, Andr\u00e9s Andrade, Gonzalo Escobar, Diego Hidalgo, Emilio Camacho<\/p>\n<p class=\"parrafo\"><strong>Australia:<\/strong> James Duckworth, Aleksandar Vukic, Rinky Hijikata, Jordan Thompson, Thanasi Kokkinakis<\/p>\n<p><strong>Noruega vs Gran Breta\u00f1a (Jueves 5 y viernes 6 de febrero: Oslo, pista dura bajo techo)<\/strong><\/p>\n<p class=\"parrafo\"><strong>Noruega:<\/strong> Casper Ruud, Nikolai Budkov Kjaer, Viktor Durasovic, Andreja Petrovic, Lukas Hellum Lilleengen<\/p>\n<p class=\"parrafo\"><strong>Gran Breta\u00f1a:<\/strong> Jack Draper, Cameron Norrie, Jacob Fearnley, Lloyd Glasspool, Julian Cash<\/p>\n<p><a class=\"elementos-rel-t2\" href=\"https:\/\/www.estadiodeportivo.com\/tenis\/novak-djokovic-baja-adelaida-llegara-ciegas-open-australia-20260105-525679.html\" title=\"Novak Djokovic se baja de Adelaida y llegar\u00e1 a ciegas al Open de Australia\" rel=\"nofollow noopener\" target=\"_blank\"><\/p>\n<p class=\"titular titulo-4\">Novak Djokovic se baja de Adelaida y llegar\u00e1 a ciegas al Open de Australia<\/p>\n<p><img decoding=\"async\" src=\"https:\/\/www.europesays.com\/es\/wp-content\/uploads\/2026\/01\/b943565f-00cd-4353-be43-a7ca30240045_320x180.jpeg\" alt=\"Novak Djokovic se baja de Adelaida y llegar\u00e1 a ciegas al Open de Australia\"\/><\/a><strong>Bulgaria vs B\u00e9lgica (S\u00e1bado 7 y domingo 8 de febrero: Plovdiv, tierra batida bajo techo)<\/strong><\/p>\n<p class=\"parrafo\"><strong>Bulgaria: <\/strong>Petr Nesterov, Iliyan Radulov, Alexander Donski, Ivan Ivanov, Alexander Vasilev<\/p>\n<p class=\"parrafo\"><strong>B\u00e9lgica:<\/strong> Zizou Bergs, Raphael Collignon, Sander Gille, Joran Vliegen<\/p>\n<p><strong>Jap\u00f3n vs Austria (Viernes 6 y s\u00e1bado 7 de febrero: Tokio, pista dura bajo techo)<\/strong><\/p>\n<p class=\"parrafo\"><strong>Jap\u00f3n:<\/strong> Shintaro Mochizuki, Yoshihito Nishioka, Yosuke Watanuki, Kei Nishikori, Takeru Yuzuki<\/p>\n<p class=\"parrafo\"><strong>Austria: <\/strong>Filip Misolic, Sebastian Ofner, Jurij Rodionov, Lucas Miedler, Alexander Erler<\/p>\n<p><strong>India vs Pa\u00edses Bajos (S\u00e1bado 7 y domingo 8 de febrero: Bengaluru, pista dura al aire libre)<\/strong><\/p>\n<p class=\"parrafo\"><strong>India: <\/strong>Sumit Nagal, Karan Singh, Dhakshineswar Suresh, Yuki Bhambri, Choudary Bollipalli<\/p>\n<p class=\"parrafo\"><strong>Pa\u00edses Bajos:<\/strong> Jesper de Jong, Guy den Ouden, David Pel, Sander Arends<\/p>\n<p><strong>Corea del Sur vs Argentina (S\u00e1bado 7 y domingo 8 de febrero: Busan, pista dura bajo techo<\/strong><\/p>\n<p class=\"parrafo\"><strong>Corea del Sur: <\/strong>Shin Sanhui, Hyeon Chung, Soonwoo Kwon, Uisung Park, Ji-Sung Nam<\/p>\n<p class=\"parrafo\"><strong>Argentina: <\/strong>Thiago Tirante, Marco Trungelliti, Federico G\u00f3mez, Guido Andreozzi, Andr\u00e9s Molteni<\/p>\n<p><strong>Hund\u00eda vs Estados Unidos (S\u00e1bado 7 y domingo 8 de febrero: Tatab\u00e1nya, tierra batida bajo techo)<\/strong><\/p>\n<p class=\"parrafo\"><strong>Hungr\u00eda:<\/strong> Fabian Marozsan, Zsombor Piros, Peter Fajta, Mate Valkusz, Matyas Fuele<\/p>\n<p class=\"parrafo\"><strong>Estados Unidos:<\/strong> Ethan Quinn, Emilio Nava, Austin Krajicek, Rajeev Ram<\/p>\n<p><strong>Rep\u00fablica Checa vs Suecia (S\u00e1bado 7 domingo 8 de febrero: Jihlava, pista dura bajo techo)<\/strong><\/p>\n<p class=\"parrafo\"><strong>Rep\u00fablica Checa: <\/strong>Jakub Mensik, Jiri Lehecka, Petr Nouza, Patrik Rikl<\/p>\n<p class=\"parrafo\"><strong>Suecia: <\/strong>Olle Wallin, Leo Borg, Erik Grevelius, Andre Goransson<\/p>\n<p><strong>Francia vs Eslovaquia (S\u00e1bado 7 y domingo 8 de febrero: Le Portel, pista dura bajo techo)<\/strong><\/p>\n<p class=\"parrafo\"><strong>Francia:<\/strong> Arthur Rinderknech, Ugo Humbert, Pierre-Hugues Herbert, Benjamin Bonzi<\/p>\n<p class=\"parrafo\"><strong>Eslovaquia:<\/strong> Lukas Klein, Alex Molcan, Norbert Gombos, Milos Karol, Lukas Pokorny<\/p>\n<p><strong>Canad\u00e1 vs Brasil (Viernes 6 y s\u00e1bado 7 de febrero: Vancouver, pista dura bajo techo)<\/strong><\/p>\n<p class=\"parrafo\"><strong>Canad\u00e1:<\/strong> Gabriel Diallo, Liam Draxl, Alexis Galarneau, Nicolas Arsenault, Cleeve Harper<\/p>\n<p class=\"parrafo\"><strong>Brasil:<\/strong> Joao Lucas Reis da Silva, Gustavo Heide, Matheus Pucinelli de Almeida, Fernando Romboli, Marcelo Melo<\/p>\n","protected":false},"excerpt":{"rendered":"El nuevo formato recupera la esencia de las eliminatorias cl\u00e1sicas, pero arranca marcado por grandes ausencias, cruces trampa&hellip;\n","protected":false},"author":2,"featured_media":326957,"comment_status":"","ping_status":"","sticky":false,"template":"","format":"standard","meta":{"footnotes":""},"categories":[274],"tags":[13877,168,25,24,284,547,23,167,327,326],"class_list":{"0":"post-326956","1":"post","2":"type-post","3":"status-publish","4":"format-standard","5":"has-post-thumbnail","7":"category-tenis","8":"tag-copa-davis","9":"tag-deportes","10":"tag-es","11":"tag-espana","12":"tag-estadio-deportivo","13":"tag-novak-djokovic","14":"tag-spain","15":"tag-sports","16":"tag-tenis","17":"tag-tennis"},"share_on_mastodon":{"url":"https:\/\/pubeurope.com\/@es\/115851283864682979","error":""},"_links":{"self":[{"href":"https:\/\/www.europesays.com\/es\/wp-json\/wp\/v2\/posts\/326956","targetHints":{"allow":["GET"]}}],"collection":[{"href":"https:\/\/www.europesays.com\/es\/wp-json\/wp\/v2\/posts"}],"about":[{"href":"https:\/\/www.europesays.com\/es\/wp-json\/wp\/v2\/types\/post"}],"author":[{"embeddable":true,"href":"https:\/\/www.europesays.com\/es\/wp-json\/wp\/v2\/users\/2"}],"replies":[{"embeddable":true,"href":"https:\/\/www.europesays.com\/es\/wp-json\/wp\/v2\/comments?post=326956"}],"version-history":[{"count":0,"href":"https:\/\/www.europesays.com\/es\/wp-json\/wp\/v2\/posts\/326956\/revisions"}],"wp:featuredmedia":[{"embeddable":true,"href":"https:\/\/www.europesays.com\/es\/wp-json\/wp\/v2\/media\/326957"}],"wp:attachment":[{"href":"https:\/\/www.europesays.com\/es\/wp-json\/wp\/v2\/media?parent=326956"}],"wp:term":[{"taxonomy":"category","embeddable":true,"href":"https:\/\/www.europesays.com\/es\/wp-json\/wp\/v2\/categories?post=326956"},{"taxonomy":"post_tag","embeddable":true,"href":"https:\/\/www.europesays.com\/es\/wp-json\/wp\/v2\/tags?post=326956"}],"curies":[{"name":"wp","href":"https:\/\/api.w.org\/{rel}","templated":true}]}}