{"id":326961,"date":"2026-01-07T01:48:07","date_gmt":"2026-01-07T01:48:07","guid":{"rendered":"https:\/\/www.europesays.com\/es\/326961\/"},"modified":"2026-01-07T01:48:07","modified_gmt":"2026-01-07T01:48:07","slug":"sara-carbonero-se-recupera-tras-ser-intervenida-de-urgencia-en-lanzarote-durante-sus-vacaciones","status":"publish","type":"post","link":"https:\/\/www.europesays.com\/es\/326961\/","title":{"rendered":"Sara Carbonero se recupera tras ser intervenida de urgencia en Lanzarote durante sus vacaciones"},"content":{"rendered":"<p class=\"paragraph\">La periodista<b> <\/b><b>Sara<\/b><b> <\/b><b>Carbonero<\/b><b> se recupera \u00abfavorablemente\u00bb <\/b>tras ser<b> intervenida de urgencia<\/b> en un hospital de <b>Lanzarote <\/b>donde fue ingresada el pasado 2 de enero tras sentirse indispuesta, seg\u00fan ha avanzado &#8216;Hola&#8217;. Carbonero habr\u00eda sido intervenida \u00abde manera satisfactoria\u00bb horas despu\u00e9s de su urgente ingreso. Ahora se encontrar\u00eda recuper\u00e1ndose de la intervenci\u00f3n en la <b>Unidad de Cuidados Intensivos<\/b> del hospital canario, donde deber\u00e1 permanecer bajo supervisi\u00f3n m\u00e9dica durante unos d\u00edas hasta que sea dada de alta. <\/p>\n<p class=\"paragraph\">La periodista<b> lleva cuatro d\u00edas ingresada en el hospital de Lanzarote<\/b>, lugar donde se encontraba para comenzar 2026<b> junto a su actual pareja, el canario Jota Cabrera<\/b>, y un grupo de amigos, entre ellos su \u00edntima y socia <b>Isabel Jim\u00e9nez<\/b>, el maquillador <b>Ion Villar<\/b> y la instructora de yoga <b>Claudia Valcarcel<\/b>. La revista &#8216;Semana&#8217; ha podido hablar con el entorno m\u00e1s cercano de Sara, que traslad\u00f3 \u00abcierta preocupaci\u00f3n\u00bb por su estado de salud. Adem\u00e1s,<b> ruegan \u00abprudencia y evitar especulaciones\u00bb<\/b> y respetar \u00ablos tiempos marcados por el equipo m\u00e9dico\u00bb. <\/p>\n<p class=\"paragraph\">A estas horas del martes, lo que se sabe es lo avanzado por &#8216;Hola&#8217; en el sentido de que Sara fue intervenida con \u00e9xito el mismo d\u00eda 2 de enero y que en estos momentos se recupera favorablemente en la Unidad de Cuidados Intensivos del hospital. A\u00fan no se sabe si tendr\u00e1n que trasladar a Sara a otro hospital fuera de Lanzarote, algo que no suele ser muy habitual en las Islas Canarias debido a su localizaci\u00f3n, ya que tendr\u00edan que realizar el traslado v\u00eda a\u00e9rea, posiblemente en helic\u00f3ptero. De momento continuar\u00e1 unos d\u00edas bajo atenci\u00f3n m\u00e9dica. <\/p>\n<p class=\"paragraph\"><b>A\u00fan no han trascendido detalles del motivo concreto de la hospitalizaci\u00f3n<\/b> y se desconoce si este ingreso est\u00e1 relacionado con el c\u00e1ncer de ovarios del que fue diagnosticada en 2019, del que ha evolucionado favorablemente, seg\u00fan sus propias informaciones, si bien en el verano del 2024 tuvo que ingresar en el hospital. <\/p>\n","protected":false},"excerpt":{"rendered":"La periodista Sara Carbonero se recupera \u00abfavorablemente\u00bb tras ser intervenida de urgencia en un hospital de Lanzarote donde&hellip;\n","protected":false},"author":2,"featured_media":326962,"comment_status":"","ping_status":"","sticky":false,"template":"","format":"standard","meta":{"footnotes":""},"categories":[174],"tags":[72954,255,146,147,25,24,256,75597,6833,10406,23,9849],"class_list":{"0":"post-326961","1":"post","2":"type-post","3":"status-publish","4":"format-standard","5":"has-post-thumbnail","7":"category-famosos","8":"tag-carbonero","9":"tag-celebrities","10":"tag-entertainment","11":"tag-entretenimiento","12":"tag-es","13":"tag-espana","14":"tag-famosos","15":"tag-intervenida","16":"tag-recupera","17":"tag-sara","18":"tag-spain","19":"tag-urgencia"},"share_on_mastodon":{"url":"https:\/\/pubeurope.com\/@es\/115851303501952694","error":""},"_links":{"self":[{"href":"https:\/\/www.europesays.com\/es\/wp-json\/wp\/v2\/posts\/326961","targetHints":{"allow":["GET"]}}],"collection":[{"href":"https:\/\/www.europesays.com\/es\/wp-json\/wp\/v2\/posts"}],"about":[{"href":"https:\/\/www.europesays.com\/es\/wp-json\/wp\/v2\/types\/post"}],"author":[{"embeddable":true,"href":"https:\/\/www.europesays.com\/es\/wp-json\/wp\/v2\/users\/2"}],"replies":[{"embeddable":true,"href":"https:\/\/www.europesays.com\/es\/wp-json\/wp\/v2\/comments?post=326961"}],"version-history":[{"count":0,"href":"https:\/\/www.europesays.com\/es\/wp-json\/wp\/v2\/posts\/326961\/revisions"}],"wp:featuredmedia":[{"embeddable":true,"href":"https:\/\/www.europesays.com\/es\/wp-json\/wp\/v2\/media\/326962"}],"wp:attachment":[{"href":"https:\/\/www.europesays.com\/es\/wp-json\/wp\/v2\/media?parent=326961"}],"wp:term":[{"taxonomy":"category","embeddable":true,"href":"https:\/\/www.europesays.com\/es\/wp-json\/wp\/v2\/categories?post=326961"},{"taxonomy":"post_tag","embeddable":true,"href":"https:\/\/www.europesays.com\/es\/wp-json\/wp\/v2\/tags?post=326961"}],"curies":[{"name":"wp","href":"https:\/\/api.w.org\/{rel}","templated":true}]}}