{"id":326970,"date":"2026-01-07T01:55:09","date_gmt":"2026-01-07T01:55:09","guid":{"rendered":"https:\/\/www.europesays.com\/es\/326970\/"},"modified":"2026-01-07T01:55:09","modified_gmt":"2026-01-07T01:55:09","slug":"cientificos-usan-ia-para-predecir-enfermedades-con-datos-de-sueno","status":"publish","type":"post","link":"https:\/\/www.europesays.com\/es\/326970\/","title":{"rendered":"Cient\u00edficos usan IA para predecir enfermedades con datos de sue\u00f1o"},"content":{"rendered":"<p>Washington (EFE).- Cient\u00edficos de la Universidad de Stanford crearon el primer modelo de inteligencia artificial (IA) que podr\u00eda ayudar a predecir el riesgo de manifestaci\u00f3n de unas 130 enfermedades a partir de informaci\u00f3n recogida en una sola noche de sue\u00f1o, seg\u00fan un estudio publicado este martes en la revista Nature Medicine.<\/p>\n<p>El modelo SleepFM ha sido entrenado con casi 600.000 horas de datos de sue\u00f1o de unos 65.000 participantes, combinando se\u00f1ales cerebrales, card\u00edacas, musculares y respiratorias, recopiladas a trav\u00e9s de la polisomnograf\u00eda (PSG), el \u00abest\u00e1ndar dorado\u00bb para el an\u00e1lisis del sue\u00f1o, afirmaron los investigadores en el art\u00edculo.<\/p>\n<p>Este ser\u00eda la primera investigaci\u00f3n en utilizar la IA para analizar datos del sue\u00f1o a gran escala.<\/p>\n<p>La nueva herramienta podr\u00eda identificar riesgos de padecer enfermedades con altas tasas de mortalidad como la demencia, el infarto de miocardio, la insuficiencia card\u00edaca, la enfermedad renal cr\u00f3nica, el accidente cerebrovascular y la fibrilaci\u00f3n auricular.<br \/>\u00abSleepFM produce representaciones latentes del sue\u00f1o que capturan la estructura fisiol\u00f3gica y temporal del sue\u00f1o y permiten una predicci\u00f3n precisa del riesgo de enfermedades futuras\u00bb, explica el texto.<\/p>\n<p>El estudio insiste en que la inteligencia artificial permite salvar los desaf\u00edos de analizar la cantidad de datos obtenidos de la polisomnograf\u00eda.<\/p>\n<p>\u00abDesde una perspectiva de IA, el sue\u00f1o est\u00e1 relativamente poco estudiado\u00bb, indic\u00f3 James Zou, PhD, profesor asociado de ciencia de datos biom\u00e9dicos y coautor del estudio, en la web de la Facultad de Medicina de Stanford, uno de los centros acad\u00e9micos de \u00e9lite estadounidenses, ubicado en California.<\/p>\n","protected":false},"excerpt":{"rendered":"Washington (EFE).- Cient\u00edficos de la Universidad de Stanford crearon el primer modelo de inteligencia artificial (IA) que podr\u00eda&hellip;\n","protected":false},"author":2,"featured_media":326971,"comment_status":"","ping_status":"","sticky":false,"template":"","format":"standard","meta":{"footnotes":""},"categories":[92],"tags":[16675,1293,25,24,165,136,166,23],"class_list":{"0":"post-326970","1":"post","2":"type-post","3":"status-publish","4":"format-standard","5":"has-post-thumbnail","7":"category-salud","8":"tag-ciencias","9":"tag-enfermedades","10":"tag-es","11":"tag-espana","12":"tag-health","13":"tag-inteligencia-artificial","14":"tag-salud","15":"tag-spain"},"share_on_mastodon":{"url":"","error":""},"_links":{"self":[{"href":"https:\/\/www.europesays.com\/es\/wp-json\/wp\/v2\/posts\/326970","targetHints":{"allow":["GET"]}}],"collection":[{"href":"https:\/\/www.europesays.com\/es\/wp-json\/wp\/v2\/posts"}],"about":[{"href":"https:\/\/www.europesays.com\/es\/wp-json\/wp\/v2\/types\/post"}],"author":[{"embeddable":true,"href":"https:\/\/www.europesays.com\/es\/wp-json\/wp\/v2\/users\/2"}],"replies":[{"embeddable":true,"href":"https:\/\/www.europesays.com\/es\/wp-json\/wp\/v2\/comments?post=326970"}],"version-history":[{"count":0,"href":"https:\/\/www.europesays.com\/es\/wp-json\/wp\/v2\/posts\/326970\/revisions"}],"wp:featuredmedia":[{"embeddable":true,"href":"https:\/\/www.europesays.com\/es\/wp-json\/wp\/v2\/media\/326971"}],"wp:attachment":[{"href":"https:\/\/www.europesays.com\/es\/wp-json\/wp\/v2\/media?parent=326970"}],"wp:term":[{"taxonomy":"category","embeddable":true,"href":"https:\/\/www.europesays.com\/es\/wp-json\/wp\/v2\/categories?post=326970"},{"taxonomy":"post_tag","embeddable":true,"href":"https:\/\/www.europesays.com\/es\/wp-json\/wp\/v2\/tags?post=326970"}],"curies":[{"name":"wp","href":"https:\/\/api.w.org\/{rel}","templated":true}]}}