{"id":326978,"date":"2026-01-07T01:59:07","date_gmt":"2026-01-07T01:59:07","guid":{"rendered":"https:\/\/www.europesays.com\/es\/326978\/"},"modified":"2026-01-07T01:59:07","modified_gmt":"2026-01-07T01:59:07","slug":"rtvc-rechaza-las-amenazas-intervencionistas-de-donald-trump","status":"publish","type":"post","link":"https:\/\/www.europesays.com\/es\/326978\/","title":{"rendered":"RTVC rechaza las amenazas intervencionistas de Donald Trump"},"content":{"rendered":"<p class=\"rtejustify\"><strong>RTVC<\/strong> Sistema de Medios P\u00fablicos del Estado colombiano, integrado por Se\u00f1al Colombia, Radio Nacional de Colombia y sus plataformas, <strong><a href=\"https:\/\/x.com\/RTVCnoticias\/status\/2008696131706929623\" target=\"_blank\" rel=\"noopener noreferrer nofollow\">manifiesta su rechazo frente a las amenazas del presidente de los Estados Unidos, Donald Trump<\/a><\/strong>, <strong>contra Colombia y su presidente,<\/strong> <strong>Gustavo Petro<\/strong>, as\u00ed como ante la posibilidad de una intervenci\u00f3n militar en territorio colombiano.<\/p>\n<p class=\"rtejustify\">Al presidente Donald Trump le \u201csuena bien una aventura militar en Colombia\u201d. <strong>A RTVC y a millones de colombianos, ese tipo de planteamientos no nos resultan aceptables ni leg\u00edtimos.<\/strong><\/p>\n<p class=\"rtejustify\">El presidente <strong>Gustavo Petro fue elegido democr\u00e1ticamente por el pueblo colombiano. <\/strong>Calificarlo de delincuente y narcotraficante constituye <strong>una infamia.<\/strong> Colombia es una democracia, y su presidente, como jefe de Estado,<strong> merece respeto.<\/strong><\/p>\n<p class=\"rtejustify\">Ni Colombia ni su presidente est\u00e1n \u201cenfermos\u201d, como lo afirm\u00f3 de manera ofensiva el presidente Donald Trump.<\/p>\n<p class=\"rtejustify\">Nunca antes una capital Suramericana hab\u00eda sido bombardeada de esta manera, como ocurri\u00f3 con la agresi\u00f3n contra Venezuela, hecho que constituye un grave precedente contra la soberan\u00eda de los pueblos.<\/p>\n<p class=\"rtejustify\">RTVC <strong>no contribuir\u00e1 a normalizar este tipo de discursos ni escenarios. <\/strong>Las voces que promuevan o amplifiquen mensajes que justifiquen amenazas o intervenciones extranjeras <strong>no ser\u00e1n tenidas en cuenta en el Sistema de Medios P\u00fablicos<\/strong>, por dignidad nacional y por apartarse de los principios consagrados en la Constituci\u00f3n Pol\u00edtica de 1991. <strong>Estas posturas ser\u00e1n consideradas ap\u00e1tridas, <\/strong>al desconocer el Estado social de derecho y atentar contra la soberan\u00eda nacional.<\/p>\n<p class=\"rtejustify\">Frente a cualquier agresi\u00f3n, RTVC reafirma su compromiso con la <strong>pedagog\u00eda constitucional y el respeto por la normatividad internacional vigente<\/strong>, en defensa de la soberan\u00eda, la independencia, la autodeterminaci\u00f3n de los pueblos y la integraci\u00f3n latinoamericana.<\/p>\n<p class=\"rtejustify\">En este contexto, <strong>invitamos a la ciudadan\u00eda a participar en las concentraciones que se realizar\u00e1n ma\u00f1ana, mi\u00e9rcoles 7 de enero<\/strong>, en la Plaza de Bol\u00edvar de Bogot\u00e1 y en las diferentes plazas del pa\u00eds, <strong>a partir de las 4:00 p. m.<\/strong>, en defensa de la soberan\u00eda y la democracia.<\/p>\n<p class=\"rtejustify\"><strong>Colombia se respeta. Colombia soberana.<\/strong><\/p>\n<p class=\"rtejustify\">Como lo expres\u00f3 el Libertador Sim\u00f3n Bol\u00edvar: \u201cPrimero el suelo nativo, que es lo m\u00e1s importante; nuestra vida no es m\u00e1s que la herencia de nuestro pa\u00eds.\u201d<\/p>\n","protected":false},"excerpt":{"rendered":"RTVC Sistema de Medios P\u00fablicos del Estado colombiano, integrado por Se\u00f1al Colombia, Radio Nacional de Colombia y sus&hellip;\n","protected":false},"author":2,"featured_media":326979,"comment_status":"","ping_status":"","sticky":false,"template":"","format":"standard","meta":{"footnotes":""},"categories":[42],"tags":[17,18,13,14,11,61,62,63,64,19,20,9,10,15,16,12,21,22,65,66,67],"class_list":{"0":"post-326978","1":"post","2":"type-post","3":"status-publish","4":"format-standard","5":"has-post-thumbnail","7":"category-internacional","8":"tag-breaking-news","9":"tag-breakingnews","10":"tag-featured-news","11":"tag-featurednews","12":"tag-headlines","13":"tag-internacional","14":"tag-international","15":"tag-international-news","16":"tag-internationalnews","17":"tag-latest-news","18":"tag-latestnews","19":"tag-news","20":"tag-noticias","21":"tag-noticias-destacadas","22":"tag-noticiasdestacadas","23":"tag-titulares","24":"tag-ultimas-noticias","25":"tag-ultimasnoticias","26":"tag-world","27":"tag-world-news","28":"tag-worldnews"},"share_on_mastodon":{"url":"https:\/\/pubeurope.com\/@es\/115851346777377806","error":""},"_links":{"self":[{"href":"https:\/\/www.europesays.com\/es\/wp-json\/wp\/v2\/posts\/326978","targetHints":{"allow":["GET"]}}],"collection":[{"href":"https:\/\/www.europesays.com\/es\/wp-json\/wp\/v2\/posts"}],"about":[{"href":"https:\/\/www.europesays.com\/es\/wp-json\/wp\/v2\/types\/post"}],"author":[{"embeddable":true,"href":"https:\/\/www.europesays.com\/es\/wp-json\/wp\/v2\/users\/2"}],"replies":[{"embeddable":true,"href":"https:\/\/www.europesays.com\/es\/wp-json\/wp\/v2\/comments?post=326978"}],"version-history":[{"count":0,"href":"https:\/\/www.europesays.com\/es\/wp-json\/wp\/v2\/posts\/326978\/revisions"}],"wp:featuredmedia":[{"embeddable":true,"href":"https:\/\/www.europesays.com\/es\/wp-json\/wp\/v2\/media\/326979"}],"wp:attachment":[{"href":"https:\/\/www.europesays.com\/es\/wp-json\/wp\/v2\/media?parent=326978"}],"wp:term":[{"taxonomy":"category","embeddable":true,"href":"https:\/\/www.europesays.com\/es\/wp-json\/wp\/v2\/categories?post=326978"},{"taxonomy":"post_tag","embeddable":true,"href":"https:\/\/www.europesays.com\/es\/wp-json\/wp\/v2\/tags?post=326978"}],"curies":[{"name":"wp","href":"https:\/\/api.w.org\/{rel}","templated":true}]}}