{"id":326988,"date":"2026-01-07T02:14:23","date_gmt":"2026-01-07T02:14:23","guid":{"rendered":"https:\/\/www.europesays.com\/es\/326988\/"},"modified":"2026-01-07T02:14:23","modified_gmt":"2026-01-07T02:14:23","slug":"el-catastrofico-error-de-marta-en-el-avance-del-capitulo-471-de-miercoles-7-de-enero-de-suenos-de-libertad-la-serie-diaria-de-antena-3","status":"publish","type":"post","link":"https:\/\/www.europesays.com\/es\/326988\/","title":{"rendered":"El catastr\u00f3fico error de Marta en el avance del cap\u00edtulo 471 de mi\u00e9rcoles 7 de enero de &#8216;Sue\u00f1os de libertad&#8217;, la serie diaria de Antena 3"},"content":{"rendered":"<p data-journey-content=\"true\" data-node-id=\"3\" class=\"css-6wxqfj emevuu60\">En los \u00faltimos cap\u00edtulos de &#8216;<a href=\"https:\/\/www.diezminutos.es\/suenos-de-libertad\/\" target=\"_blank\" data-vars-ga-outbound-link=\"https:\/\/www.diezminutos.es\/suenos-de-libertad\/\" data-vars-ga-ux-element=\"Hyperlink\" data-vars-ga-call-to-action=\"Sue\u00f1os de libertad\" data-node-id=\"3.1\" class=\"body-link css-177bzfx emevuu60\" rel=\"nofollow noopener\">Sue\u00f1os de libertad<\/a>&#8216;, Dami\u00e1n no puede ocultar su inquietud ante <a href=\"https:\/\/www.diezminutos.es\/telenovela\/espanolas\/a64620981\/suenos-de-libertad-capitulos-299-a-303-avance-semanal-del-5-al-9-de-mayo-antena-3\/\" target=\"_blank\" data-vars-ga-outbound-link=\"https:\/\/www.diezminutos.es\/telenovela\/espanolas\/a64620981\/suenos-de-libertad-capitulos-299-a-303-avance-semanal-del-5-al-9-de-mayo-antena-3\/\" data-vars-ga-ux-element=\"Hyperlink\" data-vars-ga-call-to-action=\"su \u00faltima conversaci\u00f3n con Digna.\" data-node-id=\"3.3\" class=\"body-link css-177bzfx emevuu60\" rel=\"nofollow noopener\">su \u00faltima conversaci\u00f3n con Digna.<\/a> Un incidente tensa a\u00fan m\u00e1s la convivencia y empuja a Claudia a tomar medidas directas contra Maripaz, convencida de que ha llegado el momento de poner l\u00edmites. Paralelamente, <strong data-node-id=\"3.5\">Dami\u00e1n descubre que Pedro est\u00e1 implicado en la filtraci\u00f3n<\/strong> que tanto da\u00f1o ha causado, una verdad que sale a la luz justo despu\u00e9s de que Pelayo haga p\u00fablica su decisi\u00f3n. Por su parte, Cristina re\u00fane el valor para confesarle un secreto a Luis y, consciente de lo que est\u00e1 en juego, pide a Cloe su apoyo para conseguir la oportunidad que tanto desea.<\/p>\n<p><img draggable=\"true\" alt=\"sue\u00f1os de libertad\" title=\"Sue\u00f1os de libertad\" loading=\"lazy\" width=\"3500\" height=\"2333\" decoding=\"async\" data-nimg=\"1\" style=\"color:transparent;width:100%;height:auto;\"   src=\"https:\/\/www.europesays.com\/es\/wp-content\/uploads\/2025\/12\/alta-sdl-t03-e453-05-3-6-25-cmanuelfiestas-1845-69395a2953546.jpg\" class=\"css-0 e1g79fud0\"\/><\/p>\n<p>Manuel Fiestas Moreno<\/p>\n<p>Cloe quiere trabajar con Joaqu\u00edn en &#8216;Sue\u00f1os de libertad&#8217;<\/p>\n<p data-journey-content=\"true\" data-node-id=\"8\" class=\"css-6wxqfj emevuu60\">Digna finalmente se pone al d\u00eda sobre la situaci\u00f3n de Gabriel, y aunque todos intentan disimular para evitar preocupaciones, \u00e9l empieza a notar que algo no encaja. Cloe, por su parte, percibe que Marta contin\u00faa manteniendo las distancias y, en medio de esa tensi\u00f3n, responde a Cristina tras su petici\u00f3n de ayuda para encontrar trabajo. Mientras tanto, <strong data-node-id=\"8.1\">Gaspar decide escuchar los consejos de don Agust\u00edn<\/strong> y toma una determinaci\u00f3n que podr\u00eda marcar un antes y un despu\u00e9s en su vida.<\/p>\n<p data-journey-content=\"true\" data-node-id=\"10\" class=\"css-6wxqfj emevuu60\">En el cap\u00edtulo de este mi\u00e9rcoles, en TVE, la inquietud por el paradero y el estado de Julia crece sin freno, encendiendo todas las alarmas en la familia de la Reina, que empieza a temer lo peor. En medio de esta tensi\u00f3n, Cristina propone a Irene que la represente, aunque Irene, lejos de aceptar sin m\u00e1s, empieza a barajar una alternativa que podr\u00eda cambiar el rumbo de la situaci\u00f3n. Mientras tanto, <strong data-node-id=\"10.1\">Tasio se esfuerza por encontrar una salida<\/strong> justa para los trabajadores de la f\u00e1brica, consciente de que cualquier decisi\u00f3n tendr\u00e1 consecuencias profundas. <\/p>\n<p>Bego\u00f1a, agotada por la presi\u00f3n, estalla en &#8216;Sue\u00f1os de libertad&#8217;<img draggable=\"true\" alt=\"gabriel y begona en suenos de libertad\" title=\"Gabriel y Begona en Suenos de libertad\" loading=\"lazy\" width=\"3500\" height=\"2333\" decoding=\"async\" data-nimg=\"1\" style=\"color:transparent;width:100%;height:auto;\"   src=\"https:\/\/www.europesays.com\/es\/wp-content\/uploads\/2025\/12\/alta-sdl-t03-e449-10-30-6-25-cmanuelfiestas-0037-692848e76f665.jpg\" class=\"css-0 e1g79fud0\"\/><\/p>\n<p>Manuel Fiestas Moreno<\/p>\n<p data-journey-content=\"true\" data-node-id=\"16\" class=\"css-6wxqfj emevuu60\">Manuela, por su parte, queda desconcertada al reencontrarse con Gaspar: lo percibe distinto, m\u00e1s sereno, como si los consejos de don Agust\u00edn hubieran empezado a hacer efecto. En otro frente, <strong data-node-id=\"16.1\">Marta intenta seguir las recomendaciones de do\u00f1a Clara<\/strong>, pero no est\u00e1 sola, y la presencia de quienes la rodean amenaza con revelar secretos que preferir\u00eda mantener ocultos. Finalmente, Bego\u00f1a, agotada por la presi\u00f3n, estalla\u2026 y recibe a cambio una amenaza que lo cambia todo.<\/p>\n<p><img src=\"https:\/\/www.europesays.com\/es\/wp-content\/uploads\/2026\/01\/1767752063_163_43af9b8f-983e-4e74-8e74-9a7479b0966b_1681831601.file.png\" alt=\"Headshot of Pilar Mart\u00ednez\" title=\"Headshot of Pilar Mart\u00ednez\" width=\"100%\" height=\"100%\" decoding=\"async\" loading=\"lazy\" class=\"css-o0wq4v ev8dhu53\"\/><\/p>\n<p>Pilar Mart\u00ednez es periodista especializada en contenidos de televisi\u00f3n y cultura, se gradu\u00f3 en la carrera en Periodismo en la Facultad de Ciencias de la Informaci\u00f3n (Universidad Complutense de Madrid) en el a\u00f1o 2018. Desde entonces ha pasado por las redacciones de Ecoteuve (El Economista), donde realiz\u00f3 sus primeras pr\u00e1cticas durante el verano del 2016.<\/p>\n<p>Posteriormente, concretamente, en el a\u00f1o 2017 se pas\u00f3 al grupo Hearst Espa\u00f1a, donde comenz\u00f3 su andadura en las revistas de televisi\u00f3n: Supertele, Teleprograma, Telenovela. Ahora colabora con Diez Minutos, en su versi\u00f3n web, donde se encarga de realizar los avances semanales de las ficciones diarias de moda, as\u00ed como entrevistas y art\u00edculos sobre los melodramas o telenovelas que aterrizan en nuestro pa\u00eds y aquellos que est\u00e1n por venir.<\/p>\n<p>Toda una cazadora de exclusivas. A esto, se suma su puesto como redactora jefe de la secci\u00f3n de novela narrativa en la revista Culturamas, medio digital de alto impacto al que lleva unida desde el a\u00f1o 2013. \u00c1vida lectora, cin\u00e9fila y seri\u00e9fila de primer nivel, ha hecho de su vocaci\u00f3n su oficio. \u00a0<\/p>\n","protected":false},"excerpt":{"rendered":"En los \u00faltimos cap\u00edtulos de &#8216;Sue\u00f1os de libertad&#8216;, Dami\u00e1n no puede ocultar su inquietud ante su \u00faltima conversaci\u00f3n&hellip;\n","protected":false},"author":2,"featured_media":81723,"comment_status":"","ping_status":"","sticky":false,"template":"","format":"standard","meta":{"footnotes":""},"categories":[171],"tags":[253,146,147,25,24,23,214],"class_list":{"0":"post-326988","1":"post","2":"type-post","3":"status-publish","4":"format-standard","5":"has-post-thumbnail","7":"category-tv","8":"tag-discover","9":"tag-entertainment","10":"tag-entretenimiento","11":"tag-es","12":"tag-espana","13":"tag-spain","14":"tag-tv"},"share_on_mastodon":{"url":"https:\/\/pubeurope.com\/@es\/115851405981055691","error":""},"_links":{"self":[{"href":"https:\/\/www.europesays.com\/es\/wp-json\/wp\/v2\/posts\/326988","targetHints":{"allow":["GET"]}}],"collection":[{"href":"https:\/\/www.europesays.com\/es\/wp-json\/wp\/v2\/posts"}],"about":[{"href":"https:\/\/www.europesays.com\/es\/wp-json\/wp\/v2\/types\/post"}],"author":[{"embeddable":true,"href":"https:\/\/www.europesays.com\/es\/wp-json\/wp\/v2\/users\/2"}],"replies":[{"embeddable":true,"href":"https:\/\/www.europesays.com\/es\/wp-json\/wp\/v2\/comments?post=326988"}],"version-history":[{"count":0,"href":"https:\/\/www.europesays.com\/es\/wp-json\/wp\/v2\/posts\/326988\/revisions"}],"wp:featuredmedia":[{"embeddable":true,"href":"https:\/\/www.europesays.com\/es\/wp-json\/wp\/v2\/media\/81723"}],"wp:attachment":[{"href":"https:\/\/www.europesays.com\/es\/wp-json\/wp\/v2\/media?parent=326988"}],"wp:term":[{"taxonomy":"category","embeddable":true,"href":"https:\/\/www.europesays.com\/es\/wp-json\/wp\/v2\/categories?post=326988"},{"taxonomy":"post_tag","embeddable":true,"href":"https:\/\/www.europesays.com\/es\/wp-json\/wp\/v2\/tags?post=326988"}],"curies":[{"name":"wp","href":"https:\/\/api.w.org\/{rel}","templated":true}]}}