{"id":327027,"date":"2026-01-07T02:43:11","date_gmt":"2026-01-07T02:43:11","guid":{"rendered":"https:\/\/www.europesays.com\/es\/327027\/"},"modified":"2026-01-07T02:43:11","modified_gmt":"2026-01-07T02:43:11","slug":"meta-frena-el-lanzamiento-mundial-de-las-meta-ray-ban-display","status":"publish","type":"post","link":"https:\/\/www.europesays.com\/es\/327027\/","title":{"rendered":"Meta frena el lanzamiento mundial de las Meta Ray-Ban Display"},"content":{"rendered":"<p><strong>Meta<\/strong> ha confirmado que <strong>pausar\u00e1 el lanzamiento internacional de las Meta Ray-Ban Display<\/strong>. A unos meses de su presentaci\u00f3n, las gafas inteligentes con pantalla integrada en el cristal no ver\u00e1n la luz en el resto del mundo. La compa\u00f1\u00eda mencion\u00f3 que tiene un inventario limitado, por lo que retrasar\u00e1 su despliegue en otros pa\u00edses fuera de Estados Unidos.<\/p>\n<p>Durante <a href=\"https:\/\/www.meta.com\/en-gb\/blog\/ces-2026-meta-ray-ban-display-teleprompter-emg-handwriting-garmin-unified-cabin-university-of-utah-tetraski\/\" rel=\"nofollow noopener\" target=\"_blank\">una presentaci\u00f3n en CES 2026<\/a>,<strong> Meta anunci\u00f3 las novedades<\/strong> que llegar\u00e1n a las Meta Ray-Ban Display. En la lista se encuentra una funci\u00f3n de teleapuntador que mostrar\u00e1 texto cuando hagas una presentaci\u00f3n, as\u00ed como la escritura EMG basada en gestos. Si bien estas caracter\u00edsticas son importantes, el anuncio qued\u00f3 opacado por la noticia de que<strong> las gafas no se lanzar\u00e1n en el resto del mundo <\/strong>como se ten\u00eda contemplado.<\/p>\n<p>\u00abMeta Ray-Ban Display es un producto pionero en su tipo con un inventario extremadamente limitado\u00bb, dijo Meta en una publicaci\u00f3n en su blog. \u00abDesde su lanzamiento el oto\u00f1o pasado, hemos visto un inter\u00e9s abrumador y, como resultado, las listas de espera para productos se extienden hasta bien entrado 2026\u00bb.<\/p>\n<p>Debido a la \u00ab<strong>demanda sin precedentes<\/strong>\u00ab, Meta paus\u00f3 el despliegue de sus gafas en Reino Unido, Francia, Italia y Canad\u00e1. La compa\u00f1\u00eda dijo que<strong> se enfocar\u00e1 en satisfacer todos los pedidos de Estados Unidos <\/strong>antes de expandirse a otros pa\u00edses. Debido a ello, las Meta Ray-Ban Display no estar\u00e1n disponibles en estos pa\u00edses hasta nuevo aviso.<\/p>\n<p>La mala noticia para los interesados en adquirir unas gafas es que <strong>Meta no tiene una fecha definida para su lanzamiento global<\/strong>. La publicaci\u00f3n no solo avisa que no cumplir\u00e1n con la promesa de venderlas durante los primeros meses de 2026, sino que ahora la empresa reeval\u00faa el enfoque respecto a la disponibilidad internacional.<\/p>\n<p><img loading=\"lazy\" data-recalc-dims=\"1\" decoding=\"async\" width=\"1500\" height=\"844\" alt=\"Meta Ray-Ban Display\" class=\"wp-image-1858497 perfmatters-lazy\" src=\"https:\/\/www.europesays.com\/es\/wp-content\/uploads\/2026\/01\/Meta-Ray-Ban-Display-Sand-1500x844.jpg\"  data-\/><\/p>\n<p>Mientras ese momento llega, Meta se mantiene enfocada en el <strong>desarrollo de nuevas funciones <\/strong>para aquellos que tienen el dispositivo. La novedad m\u00e1s llamativa es el <strong>teleapuntador<\/strong>, una caracter\u00edstica centrada en quienes suelen hacer presentaciones en p\u00fablico o graban videos para Instagram o YouTube.<\/p>\n<p>Ahora ya no necesitar\u00e1s colocar una pantalla detr\u00e1s de la c\u00e1mara para leer el texto, puesto que este se desplegar\u00e1 frente a tus ojos mientras hablas. Para usar el teleprompter solo necesitas <strong>copiar y pegar las notas desde cualquier app<\/strong>, como Google Notas o Docs. Otra informaci\u00f3n que tambi\u00e9n se mostrar\u00e1 en la pantalla son las indicaciones para moverse en la ciudad, ya que Meta integr\u00f3 la <strong>funci\u00f3n de navegaci\u00f3n peatonal <\/strong>para que no te pierdas y llegues sano y salvo al lugar.<\/p>\n<p>Por \u00faltimo, las Meta Ray-Ban Display recibir\u00e1n otra caracter\u00edstica que opera en conjunto con la Neural Band. Los usuarios que cuenten con ambas podr\u00e1n <strong>enviar mensajes por WhatsApp escribiendo con el dedo sobre cualquier superficie<\/strong>. Al hacerlo, la Neural Band transcribir\u00e1 los movimientos de tu mano en mensajes que se enviar\u00e1n a tus contactos de WhatsApp o Messenger.<\/p>\n<p>Esta funci\u00f3n solo estar\u00e1 disponible en una fase beta, por lo que los interesados tendr\u00e1n que inscribirse en el programa de acceso anticipado. Meta tambi\u00e9n est\u00e1 probando el uso de la <strong>Neural Band como un mando a distancia para controlar otros dispositivos<\/strong>. La compa\u00f1\u00eda se asoci\u00f3 con la Universidad de Utah para dise\u00f1ar un sistema enfocado a personas con distrofia muscular y otras enfermedades.<\/p>\n<p>Las Meta Ray-Ban Display ya est\u00e1n<strong> disponibles en Estados Unidos a un precio de 799 d\u00f3lares<\/strong>. Por el momento hay lista de espera para adquirirlas y no existe una fecha definida para su lanzamiento a nivel mundial. Tampoco se sabe si el despliegue global contempla la Neural Band.<\/p>\n","protected":false},"excerpt":{"rendered":"Meta ha confirmado que pausar\u00e1 el lanzamiento internacional de las Meta Ray-Ban Display. A unos meses de su&hellip;\n","protected":false},"author":2,"featured_media":327028,"comment_status":"","ping_status":"","sticky":false,"template":"","format":"standard","meta":{"footnotes":""},"categories":[81],"tags":[119,123,124,25,24,117,121,122,23,118,120],"class_list":{"0":"post-327027","1":"post","2":"type-post","3":"status-publish","4":"format-standard","5":"has-post-thumbnail","7":"category-ciencia-y-tecnologia","8":"tag-ciencia","9":"tag-ciencia-y-tecnologia","10":"tag-cienciaytecnologia","11":"tag-es","12":"tag-espana","13":"tag-science","14":"tag-science-and-technology","15":"tag-scienceandtechnology","16":"tag-spain","17":"tag-technology","18":"tag-tecnologia"},"share_on_mastodon":{"url":"https:\/\/pubeurope.com\/@es\/115851520208509189","error":""},"_links":{"self":[{"href":"https:\/\/www.europesays.com\/es\/wp-json\/wp\/v2\/posts\/327027","targetHints":{"allow":["GET"]}}],"collection":[{"href":"https:\/\/www.europesays.com\/es\/wp-json\/wp\/v2\/posts"}],"about":[{"href":"https:\/\/www.europesays.com\/es\/wp-json\/wp\/v2\/types\/post"}],"author":[{"embeddable":true,"href":"https:\/\/www.europesays.com\/es\/wp-json\/wp\/v2\/users\/2"}],"replies":[{"embeddable":true,"href":"https:\/\/www.europesays.com\/es\/wp-json\/wp\/v2\/comments?post=327027"}],"version-history":[{"count":0,"href":"https:\/\/www.europesays.com\/es\/wp-json\/wp\/v2\/posts\/327027\/revisions"}],"wp:featuredmedia":[{"embeddable":true,"href":"https:\/\/www.europesays.com\/es\/wp-json\/wp\/v2\/media\/327028"}],"wp:attachment":[{"href":"https:\/\/www.europesays.com\/es\/wp-json\/wp\/v2\/media?parent=327027"}],"wp:term":[{"taxonomy":"category","embeddable":true,"href":"https:\/\/www.europesays.com\/es\/wp-json\/wp\/v2\/categories?post=327027"},{"taxonomy":"post_tag","embeddable":true,"href":"https:\/\/www.europesays.com\/es\/wp-json\/wp\/v2\/tags?post=327027"}],"curies":[{"name":"wp","href":"https:\/\/api.w.org\/{rel}","templated":true}]}}