{"id":327038,"date":"2026-01-07T02:57:15","date_gmt":"2026-01-07T02:57:15","guid":{"rendered":"https:\/\/www.europesays.com\/es\/327038\/"},"modified":"2026-01-07T02:57:15","modified_gmt":"2026-01-07T02:57:15","slug":"maria-la-jerezana-desvela-una-imagen-inedita-de-jose-maria-almoguera-y-carmen-borrego-en-su-comida-del-dia-de-reyes","status":"publish","type":"post","link":"https:\/\/www.europesays.com\/es\/327038\/","title":{"rendered":"Mar\u00eda la Jerezana desvela una imagen in\u00e9dita de Jos\u00e9 Mar\u00eda Almoguera y Carmen Borrego en su comida del D\u00eda de Reyes"},"content":{"rendered":"<p data-journey-content=\"true\" data-node-id=\"3\" class=\"css-6wxqfj emevuu60\">Lo que comenz\u00f3 como un simple acercamiento televisivo ha terminado convirti\u00e9ndose en una historia de amor s\u00f3lida, visible y cada vez m\u00e1s integrada en la vida real. <strong data-node-id=\"3.1\">Jos\u00e9 Mar\u00eda Almoguera y Mar\u00eda S\u00e1nchez, conocida como Mar\u00eda la Jerezana, atraviesan uno de sus mejores momentos como pareja<\/strong>. Su historia arranc\u00f3 en <a href=\"https:\/\/diezminutos.es\/gran-hermano-duo\" target=\"_blank\" data-node-id=\"3.3\" class=\"css-177bzfx emevuu60\" rel=\"nofollow noopener\">Gran Hermano D\u00fao<\/a>, donde la <a href=\"https:\/\/www.diezminutos.es\/teleprograma\/programas-tv\/a64045037\/jose-maria-almoguera-maria-la-jerezana-gh-duo-final-confesion-relacion\/\" target=\"_blank\" data-vars-ga-outbound-link=\"https:\/\/www.diezminutos.es\/teleprograma\/programas-tv\/a64045037\/jose-maria-almoguera-maria-la-jerezana-gh-duo-final-confesion-relacion\/\" data-vars-ga-ux-element=\"Hyperlink\" data-vars-ga-call-to-action=\"complicidad entre ambos fue creciendo poco a poco\" data-node-id=\"3.5\" class=\"body-link css-177bzfx emevuu60\" rel=\"nofollow noopener\">complicidad entre ambos fue creciendo poco a poco<\/a> ante las c\u00e1maras. Al principio, muchos interpretaron ese tonteo como una afinidad pasajera, propia del encierro y de la intensidad del reality. Sin embargo, con el paso de las semanas y, sobre todo, tras finalizar el programa, qued\u00f3 claro que <a href=\"https:\/\/www.diezminutos.es\/famosos-corazon\/famosos-espanoles\/a64521796\/jose-maria-almoguera-maria-la-jerezana-viaje-granada-solo-pienso-en-ti\/\" target=\"_blank\" data-vars-ga-outbound-link=\"https:\/\/www.diezminutos.es\/famosos-corazon\/famosos-espanoles\/a64521796\/jose-maria-almoguera-maria-la-jerezana-viaje-granada-solo-pienso-en-ti\/\" data-vars-ga-ux-element=\"Hyperlink\" data-vars-ga-call-to-action=\"lo suyo no era un romance televisivo m\u00e1s.\" data-node-id=\"3.7\" class=\"body-link css-177bzfx emevuu60\" rel=\"nofollow noopener\">lo suyo no era un romance televisivo m\u00e1s.<\/a> Un a\u00f1o despu\u00e9s, la pareja se encuentra totalmente integrada. <strong data-node-id=\"3.9\">Ambos conocen a los hijos del otro y han compartido tiempo con sus familias, tambi\u00e9n en estas Navidades.<\/strong><\/p>\n<p><img draggable=\"true\" alt=\"maria la jerezana jose maria almoguera\" title=\"maria la jerezana jose maria almoguera\" loading=\"lazy\" width=\"2500\" height=\"1667\" decoding=\"async\" data-nimg=\"1\" style=\"color:transparent;width:100%;height:auto;\"   src=\"https:\/\/www.europesays.com\/es\/wp-content\/uploads\/2026\/01\/maria-la-jerezana-almoguera-695d47ce8524e.jpg\" class=\"css-0 e1g79fud0\"\/><\/p>\n<p>Gtres<\/p>\n<p data-journey-content=\"true\" data-node-id=\"7\" class=\"css-6wxqfj emevuu60\">Como parte de una de las tradiciones de inicio de a\u00f1o, la pareja ha acudido a disfrutar del D\u00eda de Reyes en casa de Carmen Borrego. Junto a su madre,<strong data-node-id=\"7.1\"> Jos\u00e9 Mar\u00eda Almoguera ha disfrutado de una comida familiar <\/strong>a la que ha acudido de la mano de su novia, posando incluso juntos para la prensa. <\/p>\n<p data-journey-content=\"true\" data-node-id=\"9\" class=\"css-6wxqfj emevuu60\">Pero la buena sinton\u00eda no ha quedado ah\u00ed y es que la propia Mar\u00eda la Jerezana ha compartido en sus redes una muestra de c\u00f3mo se ha desarrollado la tarde. Como en cualquier familia,<strong data-node-id=\"9.1\"> las fotograf\u00edas de la infancia son las protagonistas de muchas casas <\/strong>y parece que en casa de Borrego no es una excepci\u00f3n, y Mar\u00eda ha aprovechado sus redes sociales y compartido una de ellas. Una se\u00f1al de la libertad de la jerezana en casa de su suegra.<strong data-node-id=\"9.3\"><br data-node-id=\"9.3.0\"\/><\/strong><\/p>\n<p><img draggable=\"true\" alt=\"jose maria almoguera carmen borrego\" title=\"Jose Maria Almoguera Carmen Borrego\" loading=\"lazy\" width=\"1539\" height=\"2506\" decoding=\"async\" data-nimg=\"1\" style=\"color:transparent;width:100%;height:auto;\"   src=\"https:\/\/www.europesays.com\/es\/wp-content\/uploads\/2026\/01\/josemaria-carmen-borrego-695d3f266c12a.jpg\" class=\"css-0 e1g79fud0\"\/><\/p>\n<p>Instagram<\/p>\n<p>La relaci\u00f3n de Jos\u00e9 Mar\u00eda Almoguera con la familia de Mar\u00eda <\/p>\n<p data-journey-content=\"true\" data-node-id=\"15\" class=\"css-6wxqfj emevuu60\">Este episodio no ha sido un hecho aislado. Para cerrar el a\u00f1o y poner el broche final a las fiestas navide\u00f1as, <strong data-node-id=\"15.1\">Mar\u00eda S\u00e1nchez ya hab\u00eda compartido d\u00edas antes otro plan significativo en sus redes sociales.<\/strong> En esta ocasi\u00f3n, lo hac\u00eda junto a Jos\u00e9 Mar\u00eda y su propio padre, demostrando que la integraci\u00f3n es mutua.<\/p>\n<p data-journey-content=\"true\" data-node-id=\"17\" class=\"css-6wxqfj emevuu60\">Las im\u00e1genes mostraban<a href=\"https:\/\/www.diezminutos.es\/famosos-corazon\/famosos-espanoles\/a69873349\/maria-la-jerezana-relacion-jose-maria-almoguera-familia\/\" target=\"_blank\" data-vars-ga-outbound-link=\"https:\/\/www.diezminutos.es\/famosos-corazon\/famosos-espanoles\/a69873349\/maria-la-jerezana-relacion-jose-maria-almoguera-familia\/\" data-vars-ga-ux-element=\"Hyperlink\" data-vars-ga-call-to-action=\" una estampa familiar y relajada, lejos de los focos televisivos,\" data-node-id=\"17.1\" class=\"body-link css-177bzfx emevuu60\" rel=\"nofollow noopener\"> una estampa familiar y relajada, lejos de los focos televisivos,<\/a> pero igualmente reveladora. El padre de Mar\u00eda se desplaz\u00f3 hasta Madrid para pasar tiempo con la pareja y aprovechar al m\u00e1ximo las fiestas, una visita que incluy\u00f3 paseos por la capital, <strong data-node-id=\"17.3\">las tradicionales luces navide\u00f1as y una parada obligada en uno de sus restaurantes de confianza.<\/strong> \u201cPap\u00e1 vino a Madrid\u201d, escrib\u00eda Mar\u00eda, visiblemente emocionada, acompa\u00f1ando el texto de varias instant\u00e1neas que dejaban claro que Jos\u00e9 Mar\u00eda es uno m\u00e1s en su familia.<\/p>\n<p>El momento m\u00e1s estable de ambos<\/p>\n<p data-journey-content=\"true\" data-node-id=\"20\" class=\"css-6wxqfj emevuu60\">Para Jos\u00e9 Mar\u00eda Almoguera, esta etapa coincide adem\u00e1s con <strong data-node-id=\"20.1\">un momento de mayor estabilidad personal, a pesar de <a href=\"https:\/\/www.diezminutos.es\/famosos-corazon\/famosos-espanoles\/a69905104\/jose-maria-almoguera-responde-criticas-paola-olmedo-de-viernes-me-parece-despechada\/\" target=\"_blank\" data-vars-ga-outbound-link=\"https:\/\/www.diezminutos.es\/famosos-corazon\/famosos-espanoles\/a69905104\/jose-maria-almoguera-responde-criticas-paola-olmedo-de-viernes-me-parece-despechada\/\" data-vars-ga-ux-element=\"Hyperlink\" data-vars-ga-call-to-action=\"las rencillas por su divorcio\" data-node-id=\"20.1.1\" class=\"body-link css-177bzfx emevuu60\" rel=\"nofollow noopener\">las rencillas por su divorcio<\/a> y la falta de comunicaci\u00f3n con su prima, <a href=\"https:\/\/diezminutos.es\/alejandra-rubio\" target=\"_blank\" data-node-id=\"20.1.3\" class=\"css-177bzfx emevuu60\" rel=\"nofollow noopener\">Alejandra Rubio<\/a>.<\/strong> Para Mar\u00eda S\u00e1nchez, la relaci\u00f3n ha supuesto una transici\u00f3n natural de la televisi\u00f3n a una vida m\u00e1s centrada en lo personal, sin renunciar a compartir aquello que le hace feliz. Ambos parecen haber encontrado un equilibrio que, por ahora, funciona. <br data-node-id=\"20.3\"\/><\/p>\n<p><img src=\"https:\/\/www.europesays.com\/es\/wp-content\/uploads\/2026\/01\/1767754635_938_323095e3-d675-4360-ad79-c3a735f161a1_1681830139.file.png\" alt=\"Headshot of Aroa D\u00edaz\" title=\"Headshot of Aroa D\u00edaz\" width=\"100%\" height=\"100%\" decoding=\"async\" loading=\"lazy\" class=\"css-o0wq4v ev8dhu53\"\/><\/p>\n<p>Aroa D\u00edaz es experta en realities, televisi\u00f3n y actualidad en general. No hay momento del d\u00eda en el que no tenga encendida la televisi\u00f3n conociendo los \u00faltimos desvelos de los famosos, disfrutando de los realities como Supervivientes o de los concursos m\u00e1s rocambolescos. Las \u00faltimas novedades de los famosos del coraz\u00f3n son su perdici\u00f3n y la actualidad de las Casas Reales, su gran pasi\u00f3n. \u00a0\u00a0<\/p>\n<p>En sus ratos libres disfruta de las pel\u00edculas y series de moda, y bucea por los cat\u00e1logos de las plataformas de podcast buscando nuevas entrevistas y charlas de famosos.<\/p>\n<p>Adem\u00e1s, no ha parado de formarse en todos los aspectos convirti\u00e9ndose en una periodista 360: locuci\u00f3n, doblaje, grabaci\u00f3n de v\u00eddeo, periodismo m\u00f3vil, producci\u00f3n de podcast y SEO. Actualmente est\u00e1 form\u00e1ndose en el M\u00e1ster universitario de Periodismo y Comunicaci\u00f3n Digital: Datos y Nuevas Narrativas de la UOC.<\/p>\n<p>Graduada en periodismo por la Universidad Rey Juan Carlos, no ha parado de trabajar desde que obtuvo su t\u00edtulo all\u00e1 por el 2013. Despu\u00e9s de un breve impass en Palma de Mallorca, volvi\u00f3 a Legan\u00e9s donde arranc\u00f3 su experiencia con Legan\u00e9s Activo. En este tiempo he pasado por las redacciones de varios medios recayendo finalmente en Hearst Espa\u00f1a (Telenovela, Qu\u00e9 me dices y Diez Minutos). Tambi\u00e9n tiene experiencia en diferentes radios. \u00a0<\/p>\n","protected":false},"excerpt":{"rendered":"Lo que comenz\u00f3 como un simple acercamiento televisivo ha terminado convirti\u00e9ndose en una historia de amor s\u00f3lida, visible&hellip;\n","protected":false},"author":2,"featured_media":327039,"comment_status":"","ping_status":"","sticky":false,"template":"","format":"standard","meta":{"footnotes":""},"categories":[174],"tags":[255,253,146,147,25,24,256,23],"class_list":{"0":"post-327038","1":"post","2":"type-post","3":"status-publish","4":"format-standard","5":"has-post-thumbnail","7":"category-famosos","8":"tag-celebrities","9":"tag-discover","10":"tag-entertainment","11":"tag-entretenimiento","12":"tag-es","13":"tag-espana","14":"tag-famosos","15":"tag-spain"},"share_on_mastodon":{"url":"https:\/\/pubeurope.com\/@es\/115851574856101335","error":""},"_links":{"self":[{"href":"https:\/\/www.europesays.com\/es\/wp-json\/wp\/v2\/posts\/327038","targetHints":{"allow":["GET"]}}],"collection":[{"href":"https:\/\/www.europesays.com\/es\/wp-json\/wp\/v2\/posts"}],"about":[{"href":"https:\/\/www.europesays.com\/es\/wp-json\/wp\/v2\/types\/post"}],"author":[{"embeddable":true,"href":"https:\/\/www.europesays.com\/es\/wp-json\/wp\/v2\/users\/2"}],"replies":[{"embeddable":true,"href":"https:\/\/www.europesays.com\/es\/wp-json\/wp\/v2\/comments?post=327038"}],"version-history":[{"count":0,"href":"https:\/\/www.europesays.com\/es\/wp-json\/wp\/v2\/posts\/327038\/revisions"}],"wp:featuredmedia":[{"embeddable":true,"href":"https:\/\/www.europesays.com\/es\/wp-json\/wp\/v2\/media\/327039"}],"wp:attachment":[{"href":"https:\/\/www.europesays.com\/es\/wp-json\/wp\/v2\/media?parent=327038"}],"wp:term":[{"taxonomy":"category","embeddable":true,"href":"https:\/\/www.europesays.com\/es\/wp-json\/wp\/v2\/categories?post=327038"},{"taxonomy":"post_tag","embeddable":true,"href":"https:\/\/www.europesays.com\/es\/wp-json\/wp\/v2\/tags?post=327038"}],"curies":[{"name":"wp","href":"https:\/\/api.w.org\/{rel}","templated":true}]}}