{"id":327056,"date":"2026-01-07T03:10:15","date_gmt":"2026-01-07T03:10:15","guid":{"rendered":"https:\/\/www.europesays.com\/es\/327056\/"},"modified":"2026-01-07T03:10:15","modified_gmt":"2026-01-07T03:10:15","slug":"sanchez-acusa-de-trump-de-intervenir-en-venezuela-para-apropiarse-de-sus-recursos-naturales","status":"publish","type":"post","link":"https:\/\/www.europesays.com\/es\/327056\/","title":{"rendered":"S\u00e1nchez acusa de Trump de intervenir en Venezuela \u201cpara apropiarse de sus recursos naturales\u201d"},"content":{"rendered":"<p class=\"ft-text ft-helper-closenews\">Pedro S\u00e1nchez ha endurecido el tono contra la <a class=\"ft-link ft-link--decoration\" href=\"https:\/\/www.elperiodico.com\/es\/internacional\/20260106\/venezuela-pais-gobernado-hermanos-chavismo-madurismo-rodriguismo-delcy-jorge-rodriguez-125425100\" target=\"_blank\" rel=\"nofollow noopener\">\u00abacci\u00f3n militar\u00bb de EEUU en Venezuela<\/a> y la captura de Nicol\u00e1s Madura al calificarla de \u00abilegal\u00bb y acusar a Donald Trump de tener el objetivo de \u00abcambiar un ejecutivo de otro pa\u00eds para apropiarse de sus recursos naturales\u00bb. \u00abUna <strong>ilegitimidad\u00bb, dijo en referencia al gobierno chavista<\/strong>, \u00abno puede ser respondida como una ilegalidad\u00bb, asegur\u00f3 durante una rueda de prensa desde Par\u00eds tras participar en la cumbre de la Coalici\u00f3n de Voluntarios sobre Ucrania. Se trata de la primera vez que se escucha hablar al presidente del Gobierno en p\u00fablico desde que se produjo la intervenci\u00f3n de EEUU en Venezuela.<\/p>\n<p class=\"ft-text\">Como ya se hab\u00eda trasladado desde el Gobierno, S\u00e1nchez ofreci\u00f3<strong> la mediaci\u00f3n de Espa\u00f1a<\/strong> para facilitar el di\u00e1logo entre el ejecutivo venezolano, ahora encabezado por Delcy Rodr\u00edguez, y la oposici\u00f3n liderada por Edmundo Gonz\u00e1lez, asilado en Madrid, y Mar\u00eda Corina Machado. Con la finalidad de abrir un <a class=\"ft-link ft-link--decoration\" href=\"https:\/\/www.elperiodico.com\/es\/internacional\/20260105\/machado-visualiza-inminencia-transicion-venezuela-tras-ataque-de-eeuu-125393693\" target=\"_blank\" rel=\"nofollow noopener\">proceso de transici\u00f3n que acabe en \u00abelecciones libres\u00bb.<\/a> Bruselas volvi\u00f3 a reclamar este lunes que la transici\u00f3n en Venezuela debe ser\u00a0liderada por los l\u00edderes de la oposici\u00f3n, algo que ha descartado Trump.<\/p>\n<p class=\"ft-text\">El jefe del Ejecutivo ha avisado que la intervenci\u00f3n militar supone un \u201cprecedente terrible y muy peligroso\u201d, utilizando tambi\u00e9n el <strong>t\u00e9rmino \u201cinvasi\u00f3n\u201d <\/strong>e insistiendo en que recuerda a otras operaciones guiadas por la \u201csed de petr\u00f3leo\u201d. \u201cNosotros no podemos aceptarlo\u201d, concluy\u00f3 tajante <a class=\"ft-link ft-link--decoration\" href=\"https:\/\/www.elperiodico.com\/es\/internacional\/20260106\/ue-busca-estabilidad-economica-seguridad-125419205\" target=\"_blank\" rel=\"nofollow noopener\">ante las posiciones m\u00e1s tibias de otros socios europeos<\/a>.<\/p>\n<p class=\"ft-text\">La<strong> amenaza expansionista de Trump sobre Groenlandia<\/strong> es para S\u00e1nchez otra l\u00ednea roja, ante la que ha avisado que \u201cEspa\u00f1a no va a ser c\u00f3mplice de tal atropello\u201d. Esta misma tarde, antes de que se celebrase la cumbre de Par\u00eds, el gobierno espa\u00f1ol firm\u00f3 un <a class=\"ft-link ft-link--decoration\" href=\"https:\/\/www.elperiodico.com\/es\/internacional\/20260106\/socios-europeos-defienden-soberania-groenlandia-125417883\" target=\"_blank\" rel=\"nofollow noopener\">comunicado conjunto con Francia, Alemania, Italia, Reino Unido, Polonia y Dinamarca<\/a>\u00a0donde defienden la\u00a0soberan\u00eda de la isla.<\/p>\n<p class=\"ft-text\">El presidente del Gobierno se ha referido a la \u00abamenaza a la integridad territorial de un Estado europeo\u00bb, como es el caso de Dinamarca, par asegurar que \u00abapoyaremos a nuestros aliados\u00bb. Defendiendo la importancia de las palabras en el marco de la pol\u00edtica internacional, abog\u00f3 por el refuerzo del <strong>multilateralismo frente a la \u00abley del m\u00e1s fuerte\u00bb. <\/strong><\/p>\n<p class=\"ft-text\">El jefe del Ejecutivo ha anunciado, por otra parte, que durante los pr\u00f3ximos d\u00edas se reunir\u00e1 con los grupos parlamentarios del Congreso para trasladar el papel que est\u00e1 dispuesto a <a class=\"ft-link ft-link--decoration\" href=\"https:\/\/www.elperiodico.com\/es\/politica\/20260106\/feijoo-afea-sanchez-cumbre-ucrania-pascua-militar-125418539\" target=\"_blank\" rel=\"nofollow noopener\">desempe\u00f1ar Espa\u00f1a en la contribuci\u00f3n a Ucrania<\/a>, de producirse un alto el fuego. Aunque no est\u00e1 cerrado completamente el esquema de garant\u00edas de seguridad, el presidente del Gobierno ha ido <strong>abonando el terreno para el env\u00edo de tropas <\/strong>espa\u00f1olas en misi\u00f3n de paz, siempre y cuando se produzca un alto el fuego y en alianza con el resto de los 35 pa\u00edses miembros de la Coalici\u00f3n de Voluntarios.<\/p>\n<p>Env\u00edo de tropas a Ucrania<\/p>\n<p class=\"ft-text\">Este extremo <strong>necesitar\u00eda la autorizaci\u00f3n del Congreso, seg\u00fan la ley de seguridad<\/strong>, y socios del arco izquierdo ya lo rechazaron cuando comenz\u00f3 a plantearse por parte algunos pa\u00edses de la mencionada coalici\u00f3n. El despliegue de tropas espa\u00f1olas sobre el terreno se sumar\u00eda a la contribuci\u00f3n econ\u00f3mica para la reconstrucci\u00f3n del pa\u00eds.<\/p>\n<p class=\"ft-text\">El Ejecutivo siempre quiso alejar el debate sobre env\u00edo de tropas para evitar choques con los socios y ante la necesidad de tener que recurrir al apoyo del PP. Ahora, tras avanzarse en el dise\u00f1o de las garant\u00edas de seguridad y ante la posibilidad de abrirse un escenario de alto el fuego, S\u00e1nchez ha trasladado que el Gobierno de Espa\u00f1a \u00abs\u00ed plantear\u00e1 el que podamos <strong>abrir la puerta a una participaci\u00f3n de capacidades militares en Ucrania\u00bb. <\/strong>\u00abSi lo hemos hecho en otras latitudes, c\u00f3mo no lo vamos a hacer en Europa\u00bb, justific\u00f3.<\/p>\n<p class=\"ft-text\">El Gobierno ha ido movi\u00e9ndose en las \u00faltimas horas para <a class=\"ft-link ft-link--decoration\" href=\"https:\/\/www.elperiodico.com\/es\/politica\/20260106\/sanchez-sumar-condena-eeuu-venezuela-125395394\" target=\"_blank\" rel=\"nofollow noopener\">endurecer el tono de condena y acercado as\u00ed posiciones con Sumar<\/a>. Primero, al asumir Pedro S\u00e1nchez en una carta a la militancia del PSOE una condena \u00abrotunda\u201d de la intervenci\u00f3n, que los socialistas escalaban este lunes al calificar de \u201cinvasi\u00f3n b\u00e9lica\u201d. Despu\u00e9s, al alinear posiciones con los gobiernos progresistas de Latinoam\u00e9rica, como reclamaron los ministros del socio minoritario.<\/p>\n<p class=\"ft-text\">Se trata de los gobiernos de <strong>Brasil, Chile, Colombia, M\u00e9xico y Uruguay<\/strong>, con los que S\u00e1nchez ya afianz\u00f3 posiciones al promover con ellos el foro \u2018Democracia siempre\u2019 que pretende erigirse como una suerte de alternativa antagonista a lo que denominan internacional reaccionaria. Asimismo, los socios de la coalici\u00f3n han en cuestionar la tibieza de la UE y apostar por acelerar en el marco de la UE la autonom\u00eda militar. \u00a0Si bien la pol\u00edtica exterior la marca directamente el presidente del Gobierno, se trata de un\u00a0asunto especialmente sensible dentro del espacio a la izquierda del PSOE\u00a0cuando algunos de sus sectores llegaron a poner en duda el r\u00e9dito de permanecer dentro del Gobierno.<\/p>\n<p data-close=\"closedContent\" class=\"subscribeHideForDisplay\">Suscr\u00edbete para seguir leyendo<\/p>\n","protected":false},"excerpt":{"rendered":"Pedro S\u00e1nchez ha endurecido el tono contra la \u00abacci\u00f3n militar\u00bb de EEUU en Venezuela y la captura de&hellip;\n","protected":false},"author":2,"featured_media":327057,"comment_status":"","ping_status":"","sticky":false,"template":"","format":"standard","meta":{"footnotes":""},"categories":[5],"tags":[6630,17,18,25,24,13,14,11,9575,19,20,9,10,15,16,199,23,12,936,7081,21,22,1192],"class_list":{"0":"post-327056","1":"post","2":"type-post","3":"status-publish","4":"format-standard","5":"has-post-thumbnail","7":"category-titulares","8":"tag-acusa","9":"tag-breaking-news","10":"tag-breakingnews","11":"tag-es","12":"tag-espana","13":"tag-featured-news","14":"tag-featurednews","15":"tag-headlines","16":"tag-intervenir","17":"tag-latest-news","18":"tag-latestnews","19":"tag-news","20":"tag-noticias","21":"tag-noticias-destacadas","22":"tag-noticiasdestacadas","23":"tag-sanchez","24":"tag-spain","25":"tag-titulares","26":"tag-trump","27":"tag-ucrania","28":"tag-ultimas-noticias","29":"tag-ultimasnoticias","30":"tag-venezuela"},"share_on_mastodon":{"url":"https:\/\/pubeurope.com\/@es\/115851625890379567","error":""},"_links":{"self":[{"href":"https:\/\/www.europesays.com\/es\/wp-json\/wp\/v2\/posts\/327056","targetHints":{"allow":["GET"]}}],"collection":[{"href":"https:\/\/www.europesays.com\/es\/wp-json\/wp\/v2\/posts"}],"about":[{"href":"https:\/\/www.europesays.com\/es\/wp-json\/wp\/v2\/types\/post"}],"author":[{"embeddable":true,"href":"https:\/\/www.europesays.com\/es\/wp-json\/wp\/v2\/users\/2"}],"replies":[{"embeddable":true,"href":"https:\/\/www.europesays.com\/es\/wp-json\/wp\/v2\/comments?post=327056"}],"version-history":[{"count":0,"href":"https:\/\/www.europesays.com\/es\/wp-json\/wp\/v2\/posts\/327056\/revisions"}],"wp:featuredmedia":[{"embeddable":true,"href":"https:\/\/www.europesays.com\/es\/wp-json\/wp\/v2\/media\/327057"}],"wp:attachment":[{"href":"https:\/\/www.europesays.com\/es\/wp-json\/wp\/v2\/media?parent=327056"}],"wp:term":[{"taxonomy":"category","embeddable":true,"href":"https:\/\/www.europesays.com\/es\/wp-json\/wp\/v2\/categories?post=327056"},{"taxonomy":"post_tag","embeddable":true,"href":"https:\/\/www.europesays.com\/es\/wp-json\/wp\/v2\/tags?post=327056"}],"curies":[{"name":"wp","href":"https:\/\/api.w.org\/{rel}","templated":true}]}}