{"id":327076,"date":"2026-01-07T03:29:13","date_gmt":"2026-01-07T03:29:13","guid":{"rendered":"https:\/\/www.europesays.com\/es\/327076\/"},"modified":"2026-01-07T03:29:13","modified_gmt":"2026-01-07T03:29:13","slug":"el-papel-electronico-podria-dar-paso-a-una-realidad-nunca-antes-vista-por-el-ojo-humano","status":"publish","type":"post","link":"https:\/\/www.europesays.com\/es\/327076\/","title":{"rendered":"El \u00abpapel electr\u00f3nico\u00bb podr\u00eda dar paso a una realidad nunca antes vista por el ojo humano"},"content":{"rendered":"<p class=\"description\"><b>Especial Navidad<\/b>: Suscr\u00edbete hoy a National Geographic por solo <b>1\u20ac\/mes<\/b>. \u00a1\u00daltima oportunidad al -75%!<\/p>\n<p class=\"description\"><b>\u00a1NOVEDAD!<\/b> Ya disponible la edici\u00f3n especial <b>El cerebro infantil<\/b> de la colecci\u00f3n Los Secretos del Cerebro de National Geographic.<\/p>\n<p>A mediados de la d\u00e9cada de los 90,\u00a0<strong>Nintendo lanz\u00f3 al mercado la Virtual Boy, una videoconsola de sobremesa que promocion\u00f3 como realidad virtual<\/strong>. El dispositivo proyectaba im\u00e1genes de gr\u00e1ficos estereosc\u00f3picos en rojo y negro en dos orificios para que el jugador, mirando a trav\u00e9s de ellos, experimentara una ilusi\u00f3n de profundidad. Integraba un par de pantallas lineales de 1&#215;224 p\u00edxeles y espejos para hacer posible el efecto. A pesar de ser bastante innovador para la \u00e9poca, no fue un \u00e9xito: apenas estuvo en producci\u00f3n un a\u00f1o y se lanzaron \u00fanicamente 22\u00a0<a href=\"https:\/\/historia.nationalgeographic.com.es\/a\/cuanto-sabes-sobre-historia-videojuegos_20650\" rel=\"nofollow noopener\" target=\"_blank\">videojuegos<\/a>.<\/p>\n<p>Para la poca gente que adquiri\u00f3 la Virtual Boy, ser\u00eda su primera toma de contacto con la \u00abrealidad virtual\u00bb (no cumple con los requisitos fundamentales de un sistema de realidad virtual). El resto del mundo tendr\u00eda que esperar un poco m\u00e1s, concretamente\u00a0<strong>a mediados de los 2010 con la llegada de Oculus VR y su casco Rift<\/strong>, siendo uno de los primeros de gran calidad orientados al p\u00fablico dom\u00e9stico.<\/p>\n<p>En estos diez a\u00f1os,\u00a0<a href=\"https:\/\/www.nationalgeographic.com.es\/ciencia\/que-se-diferencian-realidad-aumentada-y-realidad-virtual_21204\" rel=\"nofollow noopener\" target=\"_blank\">la tecnolog\u00eda de realidad virtual ha mejorado mucho, y se ha avanzado bastante en la realidad aumentada<\/a>. Uno de los \u00faltimos grandes exponentes del sector son las Apple Vision Pro, actualizadas recientemente con el chip M5 para mayor potencia. Aunque su precio resulta prohibitivo para muchos bolsillos, ofrece una calidad de imagen superior a la mayor\u00eda de sus rivales. Pero\u00a0<strong>todav\u00eda lejos de igualar al ojo humano<\/strong>. Al menos as\u00ed era, hasta la creaci\u00f3n del \u00abpapel electr\u00f3nico\u00bb.<\/p>\n<p>&#13;<img decoding=\"async\" src=\"https:\/\/www.europesays.com\/es\/wp-content\/uploads\/2026\/01\/istock_9fe1cd82_1168012480_260106083623_800x800.webp.webp\" alt=\"iStock\" class=\"image lazyload\"\/>El ojo humano no puede ver m\u00e1s all\u00e1 de esta resoluci\u00f3n<\/p>\n<p>\u00a0<\/p>\n<p><img loading=\"lazy\" decoding=\"async\"   src=\"https:\/\/www.europesays.com\/es\/wp-content\/uploads\/2026\/01\/ojos-humanos-en-televisores_300ee88a_251128102316_800x450.webp.webp\" alt=\"Ojos humanos en televisores\" class=\"lazyload\" width=\"800\" height=\"450\" data-aspectratio=\"800\/450\"\/>&#13;<\/p>\n<p>Ojos humanos en las pantallas de televisores | Imagen con fines ilustrativos<\/p>\n<p>Un grupo de cient\u00edficos en Suecia ha creado\u00a0<strong>el \u00abpapel electr\u00f3nico\u00bb<\/strong>, una tecnolog\u00eda que podr\u00eda cambiar para siempre la forma en que los seres humanos interactuamos con las pantallas de los dispositivos electr\u00f3nicos del futuro, como tel\u00e9fonos m\u00f3viles inteligentes, tabletas, ordenadores port\u00e1tiles o visores de realidad virtual o aumentada.<\/p>\n<p>&#13;<img decoding=\"async\" src=\"https:\/\/www.europesays.com\/es\/wp-content\/uploads\/2026\/01\/hormiga-carpintera_694d19fc_251124122940_800x800.webp.webp\" alt=\"Hormiga carpintera\" class=\"image lazyload\"\/><\/p>\n<p>El \u00abpapel electr\u00f3nico\u00bb para la retina, tambi\u00e9n conocido como retina E-paper, es capaz de mostrar im\u00e1genes en color realistas con p\u00edxeles m\u00e1s peque\u00f1os que un solo fotorreceptor humano. Hasta ahora,\u00a0<strong>los ingenieros se encontraban con un problema al comprimir los p\u00edxeles: colores fusionados, disminuci\u00f3n de brillo y fabricaci\u00f3n costosa<\/strong>. Las pantallas emisivas, presentas en la mayor\u00eda de dispositivos actuales, se resienten cuando las dimensiones de los p\u00edxeles se reducen a aproximadamente un micr\u00f3metro.<\/p>\n<p>El objetivo de los cient\u00edficos era \u201csimple\u201d: desarrollar una pantalla tan refinada que pudiera rivalizar con la precisi\u00f3n del ojo humano. Para ello,\u00a0<strong>deb\u00edan producir m\u00e1s de 23 mil p\u00edxeles por pulgada<\/strong>, que es aproximadamente lo que la retina puede percibir al ver una imagen a trav\u00e9s de un poro del tama\u00f1o de un globo ocular.<\/p>\n<p>Aunque no fue una tarea nada f\u00e1cil, el equipo no solo logr\u00f3 alcanzar su meta, sino superarla:\u00a0<strong>m\u00e1s de 25 mil p\u00edxeles por pulgada<\/strong>. En otras palabras: la pantalla m\u00e1s precisa fabricada hasta la fecha. Los investigadores lograron que cada peque\u00f1o disco de tri\u00f3xido de tungsteno (WO\u2083) reflejara colores espec\u00edficos (rojo, verde y azul) que, al combinarse, producen toda la gama de colores.<\/p>\n<p>El WO\u2083 es especial por ser electrocr\u00f3mico: cambia sus propiedades \u00f3pticas cuando iones peque\u00f1os, como el litio, entran y salen de su forma. Un pulso el\u00e9ctrico muy peque\u00f1o puede activar o desactivar un p\u00edxel, alterando su color o brillo sin necesidad de energ\u00eda. De este modo,\u00a0<strong>el \u00abpapel electr\u00f3nico\u00bb Retina solo consume 1,7 milivatios por cent\u00edmetro cuadrado al reproducir v\u00eddeo<\/strong>; cerca de 0,5 milivatios para im\u00e1genes fijas.<\/p>\n<p>\u00a0<\/p>\n<p><img loading=\"lazy\" decoding=\"async\"   src=\"https:\/\/www.europesays.com\/es\/wp-content\/uploads\/2026\/01\/ilustracion-conceptual-de-una-pantalla-de-realidad-virtual-de-ultima-generacion_b60e6869_25112810244.webp\" alt=\"Ilustraci\u00f3n conceptual de una pantalla de realidad virtual de \u00faltima generaci\u00f3n\" class=\"lazyload\" width=\"800\" height=\"298\" data-aspectratio=\"800\/298\"\/>&#13;Nature<\/p>\n<p>Ilustraci\u00f3n conceptual de una pantalla de realidad virtual de \u00faltima generaci\u00f3n.\u00a0La pantalla tiene un tama\u00f1o similar al de la pupila humana y presenta una densidad de p\u00edxeles ultraalta que sirve como referencia conceptual inspirada en la retina<\/p>\n<p>Otro detalle a tener en cuenta de esta tecnolog\u00eda es que incluso al apagar la c\u00e1mara, los colores se mantienen intactos durante decenas de minutos. Este efecto de \u00abmemoria de color\u00bb logra mantener un consumo energ\u00e9tico bastante bajo. Por si fuera poco,\u00a0<strong>estos metap\u00edxeles pueden cambiar de estado en solo 40 milisegundos<\/strong>, los suficientemente r\u00e1pido para un movimiento fluido.<\/p>\n<p>Para demostrar la eficiencia de la tecnolog\u00eda,\u00a0<strong>el equipo copi\u00f3 \u2018El beso\u2019 de Gustav Klimt en un \u00e1rea de 1,4 por 1,9 mil\u00edmetros<\/strong>\u00a0(una cuatromil\u00e9sima parte del \u00e1rea de la pantalla de un tel\u00e9fono inteligente), pero con la misma resoluci\u00f3n. Tambi\u00e9n imprimi\u00f3 una imagen a todo color de una mariposa e incluso una ilusi\u00f3n 3D con canales de color distintos para cada ojo, demostrando la capacidad del sistema para manejar im\u00e1genes complejas y din\u00e1micas.<\/p>\n<p>Andreas Dahlin, profesor de la Universidad Tecnol\u00f3gica de Chalmers, asegura que \u201ccada p\u00edxel equivale aproximadamente a un fotorreceptor del ojo.\u00a0<strong>Los humanos no podemos ver nada m\u00e1s all\u00e1 de esta resoluci\u00f3n<\/strong>\u201d. Kunli Xiong, autor principal del art\u00edculo y profesor adjunto de la Universidad de Uppsala, afirm\u00f3 que esta tecnolog\u00eda \u201cpodr\u00eda ampliar los horizontes creativos, facilitar la colaboraci\u00f3n remota e incluso acelerar la investigaci\u00f3n cient\u00edfica\u201d.<\/p>\n<p>Debido a sus caracter\u00edsticas, el \u00abpapel electr\u00f3nico\u00bb\u00a0<strong>es una buena tecnolog\u00eda para los sistemas de realidad virtual y aumentada<\/strong>, donde las pantallas ligeras y de bajo consumo son cruciales para su buen desempe\u00f1o. Los investigadores ya fantasean con dispositivos diminutos cuya pantalla no sea mayor que la pupila de un ojo, pero que sean capaces de ofrecer un amplio campo de visi\u00f3n con una agudeza similar a la humana.<\/p>\n","protected":false},"excerpt":{"rendered":"Especial Navidad: Suscr\u00edbete hoy a National Geographic por solo 1\u20ac\/mes. \u00a1\u00daltima oportunidad al -75%! \u00a1NOVEDAD! Ya disponible la&hellip;\n","protected":false},"author":2,"featured_media":327077,"comment_status":"","ping_status":"","sticky":false,"template":"","format":"standard","meta":{"footnotes":""},"categories":[81],"tags":[119,123,124,25,24,1408,448,1407,1409,117,121,122,23,118,120,226],"class_list":{"0":"post-327076","1":"post","2":"type-post","3":"status-publish","4":"format-standard","5":"has-post-thumbnail","7":"category-ciencia-y-tecnologia","8":"tag-ciencia","9":"tag-ciencia-y-tecnologia","10":"tag-cienciaytecnologia","11":"tag-es","12":"tag-espana","13":"tag-geographic","14":"tag-historia","15":"tag-national","16":"tag-naturaleza","17":"tag-science","18":"tag-science-and-technology","19":"tag-scienceandtechnology","20":"tag-spain","21":"tag-technology","22":"tag-tecnologia","23":"tag-viajes"},"share_on_mastodon":{"url":"https:\/\/pubeurope.com\/@es\/115851700844613761","error":""},"_links":{"self":[{"href":"https:\/\/www.europesays.com\/es\/wp-json\/wp\/v2\/posts\/327076","targetHints":{"allow":["GET"]}}],"collection":[{"href":"https:\/\/www.europesays.com\/es\/wp-json\/wp\/v2\/posts"}],"about":[{"href":"https:\/\/www.europesays.com\/es\/wp-json\/wp\/v2\/types\/post"}],"author":[{"embeddable":true,"href":"https:\/\/www.europesays.com\/es\/wp-json\/wp\/v2\/users\/2"}],"replies":[{"embeddable":true,"href":"https:\/\/www.europesays.com\/es\/wp-json\/wp\/v2\/comments?post=327076"}],"version-history":[{"count":0,"href":"https:\/\/www.europesays.com\/es\/wp-json\/wp\/v2\/posts\/327076\/revisions"}],"wp:featuredmedia":[{"embeddable":true,"href":"https:\/\/www.europesays.com\/es\/wp-json\/wp\/v2\/media\/327077"}],"wp:attachment":[{"href":"https:\/\/www.europesays.com\/es\/wp-json\/wp\/v2\/media?parent=327076"}],"wp:term":[{"taxonomy":"category","embeddable":true,"href":"https:\/\/www.europesays.com\/es\/wp-json\/wp\/v2\/categories?post=327076"},{"taxonomy":"post_tag","embeddable":true,"href":"https:\/\/www.europesays.com\/es\/wp-json\/wp\/v2\/tags?post=327076"}],"curies":[{"name":"wp","href":"https:\/\/api.w.org\/{rel}","templated":true}]}}