{"id":327105,"date":"2026-01-07T03:54:13","date_gmt":"2026-01-07T03:54:13","guid":{"rendered":"https:\/\/www.europesays.com\/es\/327105\/"},"modified":"2026-01-07T03:54:13","modified_gmt":"2026-01-07T03:54:13","slug":"asamblea-nacional-8","status":"publish","type":"post","link":"https:\/\/www.europesays.com\/es\/327105\/","title":{"rendered":"Asamblea Nacional"},"content":{"rendered":"<p><b><br \/>\n\t\t\t\t    Periodista: Desiree Rengifo \/<\/p>\n<p>\t\t\t\t    Fotografo: Prensa An<\/p>\n<p>\t\t<\/b><\/p>\n<p style=\"text-align: justify;\">Una comisi\u00f3n especial de la Asamblea Nacional (AN), encabezada por el diputado Giuseppe Alessandrello (PSUV\/Nva. Esparta), notific\u00f3 al Poder Ciudadano el inicio del periodo constitucional legislativo 2026-2031.\u00a0<\/p>\n<p>&#13;<\/p>\n<p style=\"text-align: justify;\">La comisi\u00f3n fue recibida por el fiscal general de la Rep\u00fablica y presidente del Consejo Moral Rep\u00fablicano, Tarek William Saab; el defensor del pueblo, Alfredo Ruiz;\u00a0 y el contralor general de la Rep\u00fablica, Gustavo Vizca\u00edno, en la sede del Ministerio P\u00fablico, en Caracas.\u00a0<\/p>\n<p>&#13;<\/p>\n<p style=\"text-align: justify;\">El diputado Alessandrello indic\u00f3 que esta notificaci\u00f3n del inicio del periodo legislativo 2026-2031, y de la junta directiva electa para el periodo 2026, se sustenta en lo establecido en la Carta Magna.\u00a0<\/p>\n<p>&#13;<\/p>\n<p style=\"text-align: justify;\">De igual manera, inform\u00f3 al Poder Ciudadano la continuidad del trabajo legislativo, para elevar el derecho, las garant\u00edas y\u00a0 mejorar el bienestar del pueblo, \u00abprotegerlo y garantizar la paz a trav\u00e9s de las funciones legislativas de la AN\u201d, subray\u00f3 el parlamentario.<\/p>\n<p>&#13;<\/p>\n<p style=\"text-align: justify;\">Por su parte, el fiscal general salud\u00f3 la instalaci\u00f3n del nuevo periodo legislativo y la juramentaci\u00f3n de Delcy Rodr\u00edguez como presidenta encargada de la Rep\u00fablica. Resalt\u00f3 que este acto se llev\u00f3 a cabo 72 horas despu\u00e9s del ataque estadounidense.\u00a0<\/p>\n<p>&#13;<\/p>\n<p style=\"text-align: justify;\">\u201cNos referimos a un ataque militar de una potencia extranjera contra un Estado soberano y Pac\u00edfico, como lo es Venezuela\u201d, se\u00f1al\u00f3 Saab tras destacar la madurez del pueblo venezolano ante tan brutal y criminal acto de terrorismo.<\/p>\n<p>&#13;<\/p>\n<p style=\"text-align: justify;\">El fiscal asegur\u00f3 que el pa\u00eds se encuentra en orden y demostrando su compromiso con la paz, e hizo un llamado a la unidad c\u00edvico militar, popular, policial e institucional de todos los poderes p\u00fablicos, as\u00ed como del Poder Popular y militar venezolano.<\/p>\n<p>&#13;<\/p>\n<p style=\"text-align: justify;\">Asimismo, exigi\u00f3, como portavoz del pueblo y de las naciones que creen en la democracia, la\u00a0 libertad inmediata del presidente Nicol\u00e1s Maduro y de la primera dama, Cilia Flores.<\/p>\n<p>&#13;<\/p>\n<p style=\"text-align: justify;\">\u201cEstas dos capturas son totalmente nulas y violadoras del derecho internacional, del Pacto Internacional de Derechos Civiles y Pol\u00edticos, y vulneran la Declaraci\u00f3n Universal de los Derechos Humanos, as\u00ed como la propia Constituci\u00f3n de los Estados Unidos de Norteam\u00e9rica\u201d, se\u00f1al\u00f3 Tarek William Saab.<\/p>\n<p>&#13;<\/p>\n<p style=\"text-align: justify;\"><strong>Reforzar la institucionalidad<\/strong>\u00a0<\/p>\n<p>&#13;<\/p>\n<p style=\"text-align: justify;\">Por su parte, el contralor general de la Rep\u00fablica, Gustavo Vizca\u00edno, felicit\u00f3 a la nueva Junta Directiva de la AN y se sum\u00f3 a la exigencia para la liberaci\u00f3n del primer mandatario nacional y su esposa.\u00a0<\/p>\n<p>&#13;<\/p>\n<p style=\"text-align: justify;\">Resalt\u00f3 que esta notificaci\u00f3n al Poder Ciudadano representa una clara evidencia para sumar esfuerzo de la institucionalidad democr\u00e1tica de la Rep\u00fablica.\u00a0<\/p>\n<p>&#13;<\/p>\n<p style=\"text-align: justify;\">Entretanto, el defensor del pueblo conden\u00f3 la agresi\u00f3n sistem\u00e1tica de los Estados Unidos contra Venezuela, y el secuestro de Maduro y su esposa. Celebr\u00f3 la instalaci\u00f3n de la AN y su disposici\u00f3n a legislar en cooperaci\u00f3n con todos los poderes p\u00fablicos.\u00a0\u00a0<\/p>\n<p>&#13;<\/p>\n<p style=\"text-align: justify;\">La comisi\u00f3n especial de notificaci\u00f3n de la instalaci\u00f3n del nuevo periodo legislativo estuvo integrada por los diputados Giuseppe Alessandrello, Wilmar Castro Soteldo, Jehyson Guzm\u00e1n, Kenny Paola Garc\u00eda, Alfonso Campos y Luis Augusto Romero.<\/p>\n","protected":false},"excerpt":{"rendered":"Periodista: Desiree Rengifo \/ Fotografo: Prensa An Una comisi\u00f3n especial de la Asamblea Nacional (AN), encabezada por el&hellip;\n","protected":false},"author":2,"featured_media":327106,"comment_status":"","ping_status":"","sticky":false,"template":"","format":"standard","meta":{"footnotes":""},"categories":[42],"tags":[17,18,13,14,11,61,62,63,64,19,20,9,10,15,16,12,21,22,65,66,67],"class_list":{"0":"post-327105","1":"post","2":"type-post","3":"status-publish","4":"format-standard","5":"has-post-thumbnail","7":"category-internacional","8":"tag-breaking-news","9":"tag-breakingnews","10":"tag-featured-news","11":"tag-featurednews","12":"tag-headlines","13":"tag-internacional","14":"tag-international","15":"tag-international-news","16":"tag-internationalnews","17":"tag-latest-news","18":"tag-latestnews","19":"tag-news","20":"tag-noticias","21":"tag-noticias-destacadas","22":"tag-noticiasdestacadas","23":"tag-titulares","24":"tag-ultimas-noticias","25":"tag-ultimasnoticias","26":"tag-world","27":"tag-world-news","28":"tag-worldnews"},"share_on_mastodon":{"url":"https:\/\/pubeurope.com\/@es\/115851798982927522","error":""},"_links":{"self":[{"href":"https:\/\/www.europesays.com\/es\/wp-json\/wp\/v2\/posts\/327105","targetHints":{"allow":["GET"]}}],"collection":[{"href":"https:\/\/www.europesays.com\/es\/wp-json\/wp\/v2\/posts"}],"about":[{"href":"https:\/\/www.europesays.com\/es\/wp-json\/wp\/v2\/types\/post"}],"author":[{"embeddable":true,"href":"https:\/\/www.europesays.com\/es\/wp-json\/wp\/v2\/users\/2"}],"replies":[{"embeddable":true,"href":"https:\/\/www.europesays.com\/es\/wp-json\/wp\/v2\/comments?post=327105"}],"version-history":[{"count":0,"href":"https:\/\/www.europesays.com\/es\/wp-json\/wp\/v2\/posts\/327105\/revisions"}],"wp:featuredmedia":[{"embeddable":true,"href":"https:\/\/www.europesays.com\/es\/wp-json\/wp\/v2\/media\/327106"}],"wp:attachment":[{"href":"https:\/\/www.europesays.com\/es\/wp-json\/wp\/v2\/media?parent=327105"}],"wp:term":[{"taxonomy":"category","embeddable":true,"href":"https:\/\/www.europesays.com\/es\/wp-json\/wp\/v2\/categories?post=327105"},{"taxonomy":"post_tag","embeddable":true,"href":"https:\/\/www.europesays.com\/es\/wp-json\/wp\/v2\/tags?post=327105"}],"curies":[{"name":"wp","href":"https:\/\/api.w.org\/{rel}","templated":true}]}}