{"id":327114,"date":"2026-01-07T04:05:09","date_gmt":"2026-01-07T04:05:09","guid":{"rendered":"https:\/\/www.europesays.com\/es\/327114\/"},"modified":"2026-01-07T04:05:09","modified_gmt":"2026-01-07T04:05:09","slug":"la-peor-entrada-que-se-recuerda-en-los-carmenes-con-solo-4-468-espectadores","status":"publish","type":"post","link":"https:\/\/www.europesays.com\/es\/327114\/","title":{"rendered":"La peor entrada que se recuerda en Los C\u00e1rmenes con solo 4.468 espectadores"},"content":{"rendered":"<p>4.468 espectadores fue la cifra difundida por el Granada como asistencia al partido, la peor entrada que se recuerda en Los C\u00e1rmenes en un  &#8230; partido oficial. Seguramente, obliga a retroceder a tiempos de Segunda B y Tercera para encontrar una afluencia tan escasa en un partido de competici\u00f3n oficial. La mayor\u00eda de abonados, que ten\u00edan que pagar en caso de ser mayores de 14 a\u00f1os, prefirieron ausentarse, seguramente por dos motivos principales: la pol\u00edtica de precios del club y la llamada a la protesta contra la gesti\u00f3n de los dirigentes mediante el absentismo, auspiciada por el colectivo &#8216;Uni\u00f3n Granadinista&#8217; y respaldada por el grupo &#8216;You&#8217;ll never drink alone&#8217; y las pe\u00f1as &#8216;Sur Grana\u00edno&#8217; o la del Granada en Barcelona. <\/p>\n<p class=\"v-p\">&#8216;Uni\u00f3n Granadinista expres\u00f3 en redes que la iniciativa no era \u00abpor desamor, sino por mala gesti\u00f3n, maltrato al aficionado y la degradaci\u00f3n del club. Ayer estuvimos, ma\u00f1ana estaremos, pero ya toca decir basta. El silencio tambi\u00e9n juega\u2026 y ahora juega contra quienes nos han tra\u00eddo hasta aqu\u00ed\u00bb. Los &#8216;YNDA&#8217;, por su parte, comunicaron: \u00abNo se trata de dividir a la afici\u00f3n, aunque algunos se empe\u00f1en en verlo as\u00ed. Se trata de demostrar nuestro malestar con una acci\u00f3n clara y contundente, en un partido de Copa con foco y repercusi\u00f3n. Y si a alguien no le gustan las formas, aqu\u00ed no sobra nadie: estaremos encantados de unirnos a otras propuestas futuras porque lo importante no es el c\u00f3mo, sino el porqu\u00e9\u00bb. <\/p>\n<p class=\"v-p\">Los presentes, en cualquier caso, tambi\u00e9n mostraron su repulsa con varios \u00abdirectiva, dimisi\u00f3n\u00bb y \u00abchina, vete ya\u00bb, en alusi\u00f3n a la presidenta. <\/p>\n","protected":false},"excerpt":{"rendered":"4.468 espectadores fue la cifra difundida por el Granada como asistencia al partido, la peor entrada que se&hellip;\n","protected":false},"author":2,"featured_media":327115,"comment_status":"","ping_status":"","sticky":false,"template":"","format":"standard","meta":{"footnotes":""},"categories":[268],"tags":[75629,49088,168,5089,25,24,4725,280,282,946,7197,281,1138,23,167],"class_list":{"0":"post-327114","1":"post","2":"type-post","3":"status-publish","4":"format-standard","5":"has-post-thumbnail","7":"category-futbol","8":"tag-75629","9":"tag-carmenes","10":"tag-deportes","11":"tag-entrada","12":"tag-es","13":"tag-espana","14":"tag-espectadores","15":"tag-football","16":"tag-futbol","17":"tag-peor","18":"tag-recuerda","19":"tag-soccer","20":"tag-solo","21":"tag-spain","22":"tag-sports"},"share_on_mastodon":{"url":"https:\/\/pubeurope.com\/@es\/115851842279799667","error":""},"_links":{"self":[{"href":"https:\/\/www.europesays.com\/es\/wp-json\/wp\/v2\/posts\/327114","targetHints":{"allow":["GET"]}}],"collection":[{"href":"https:\/\/www.europesays.com\/es\/wp-json\/wp\/v2\/posts"}],"about":[{"href":"https:\/\/www.europesays.com\/es\/wp-json\/wp\/v2\/types\/post"}],"author":[{"embeddable":true,"href":"https:\/\/www.europesays.com\/es\/wp-json\/wp\/v2\/users\/2"}],"replies":[{"embeddable":true,"href":"https:\/\/www.europesays.com\/es\/wp-json\/wp\/v2\/comments?post=327114"}],"version-history":[{"count":0,"href":"https:\/\/www.europesays.com\/es\/wp-json\/wp\/v2\/posts\/327114\/revisions"}],"wp:featuredmedia":[{"embeddable":true,"href":"https:\/\/www.europesays.com\/es\/wp-json\/wp\/v2\/media\/327115"}],"wp:attachment":[{"href":"https:\/\/www.europesays.com\/es\/wp-json\/wp\/v2\/media?parent=327114"}],"wp:term":[{"taxonomy":"category","embeddable":true,"href":"https:\/\/www.europesays.com\/es\/wp-json\/wp\/v2\/categories?post=327114"},{"taxonomy":"post_tag","embeddable":true,"href":"https:\/\/www.europesays.com\/es\/wp-json\/wp\/v2\/tags?post=327114"}],"curies":[{"name":"wp","href":"https:\/\/api.w.org\/{rel}","templated":true}]}}