{"id":327118,"date":"2026-01-07T04:09:08","date_gmt":"2026-01-07T04:09:08","guid":{"rendered":"https:\/\/www.europesays.com\/es\/327118\/"},"modified":"2026-01-07T04:09:08","modified_gmt":"2026-01-07T04:09:08","slug":"la-nueva-tambien-tonta-el-feroz-cruce-entre-camila-nash-y-akemi-nakamura","status":"publish","type":"post","link":"https:\/\/www.europesays.com\/es\/327118\/","title":{"rendered":"\u00abLa nueva tambi\u00e9n, tonta\u00bb: El feroz cruce entre Camila Nash y Akemi Nakamura"},"content":{"rendered":"<p style=\"text-align: justify;\">Todo comenz\u00f3 cuando la influencer volvi\u00f3 a la casona, luego de la actividad en la chacra, y enfrent\u00f3 a <a class=\"enlaceAutomatico\" href=\"https:\/\/www.mega.cl\/temas\/otakin\/\" rel=\"nofollow noopener\" target=\"_blank\">Otakin<\/a> por haberla mandado a la prueba de cocina extrema.<\/p>\n<p style=\"text-align: justify;\">El descargo de la participante no solo fue contra su colega, pues tambi\u00e9n demostr\u00f3 su enojo con <a class=\"enlaceAutomatico\" href=\"https:\/\/www.mega.cl\/temas\/luis-mateucci\/\" rel=\"nofollow noopener\" target=\"_blank\">Luis Mateucci<\/a>, por avalar la decisi\u00f3n del capit\u00e1n.<\/p>\n<p style=\"text-align: justify;\">El d\u00eda de furia de <a class=\"enlaceAutomatico\" href=\"https:\/\/www.mega.cl\/temas\/camila-nash\/\" rel=\"nofollow noopener\" target=\"_blank\">Camila Nash<\/a> no ces\u00f3 y luego, la v\u00edctima fue <a class=\"enlaceAutomatico\" href=\"https:\/\/www.mega.cl\/temas\/akemi-nakamura\/\" rel=\"nofollow noopener\" target=\"_blank\">Akemi Nakamura<\/a>: \u00abNo puedo creer que sean tan pendejos, todos, la nueva tambi\u00e9n, tonta\u00bb.\u00a0<\/p>\n<p style=\"text-align: justify;\">La modelo colombiana no se qued\u00f3 en silencio y respondi\u00f3: \u00abPues le vieron la cara de tonta a usted, a m\u00ed no, por eso se ofende, si usted est\u00e1 ofendiendo, est\u00e1 esperando a que la ofendan\u00bb.<\/p>\n<p style=\"text-align: justify;\">\u00abSabes que me da lo mismo, t\u00fa no existes, est\u00e1s muerta, no si yo volv\u00ed porque estoy muerta, rid\u00edcula\u00bb, agreg\u00f3 finalmente la creadora de contenido.<\/p>\n<p>Puedes ver los cap\u00edtulos de El Internado 24 horas antes en <a href=\"https:\/\/www.megago.cl\/?utm_source=megacl&amp;utm_medium=articulo&amp;utm_campaign=reality\" rel=\"sponsored nofollow noopener\" target=\"_blank\">Mega Go<\/a> y si est\u00e1s fuera de Chile, \u00fanete a la membres\u00eda en <a href=\"https:\/\/www.youtube.com\/@megaoficial\" target=\"_blank\" rel=\"nofollow noopener\">YouTube Mega Oficial<\/a><\/p>\n","protected":false},"excerpt":{"rendered":"Todo comenz\u00f3 cuando la influencer volvi\u00f3 a la casona, luego de la actividad en la chacra, y enfrent\u00f3&hellip;\n","protected":false},"author":2,"featured_media":327119,"comment_status":"","ping_status":"","sticky":false,"template":"","format":"standard","meta":{"footnotes":""},"categories":[171],"tags":[146,147,25,24,23,214],"class_list":{"0":"post-327118","1":"post","2":"type-post","3":"status-publish","4":"format-standard","5":"has-post-thumbnail","7":"category-tv","8":"tag-entertainment","9":"tag-entretenimiento","10":"tag-es","11":"tag-espana","12":"tag-spain","13":"tag-tv"},"share_on_mastodon":{"url":"https:\/\/pubeurope.com\/@es\/115851857930130889","error":""},"_links":{"self":[{"href":"https:\/\/www.europesays.com\/es\/wp-json\/wp\/v2\/posts\/327118","targetHints":{"allow":["GET"]}}],"collection":[{"href":"https:\/\/www.europesays.com\/es\/wp-json\/wp\/v2\/posts"}],"about":[{"href":"https:\/\/www.europesays.com\/es\/wp-json\/wp\/v2\/types\/post"}],"author":[{"embeddable":true,"href":"https:\/\/www.europesays.com\/es\/wp-json\/wp\/v2\/users\/2"}],"replies":[{"embeddable":true,"href":"https:\/\/www.europesays.com\/es\/wp-json\/wp\/v2\/comments?post=327118"}],"version-history":[{"count":0,"href":"https:\/\/www.europesays.com\/es\/wp-json\/wp\/v2\/posts\/327118\/revisions"}],"wp:featuredmedia":[{"embeddable":true,"href":"https:\/\/www.europesays.com\/es\/wp-json\/wp\/v2\/media\/327119"}],"wp:attachment":[{"href":"https:\/\/www.europesays.com\/es\/wp-json\/wp\/v2\/media?parent=327118"}],"wp:term":[{"taxonomy":"category","embeddable":true,"href":"https:\/\/www.europesays.com\/es\/wp-json\/wp\/v2\/categories?post=327118"},{"taxonomy":"post_tag","embeddable":true,"href":"https:\/\/www.europesays.com\/es\/wp-json\/wp\/v2\/tags?post=327118"}],"curies":[{"name":"wp","href":"https:\/\/api.w.org\/{rel}","templated":true}]}}