{"id":327125,"date":"2026-01-07T04:14:13","date_gmt":"2026-01-07T04:14:13","guid":{"rendered":"https:\/\/www.europesays.com\/es\/327125\/"},"modified":"2026-01-07T04:14:13","modified_gmt":"2026-01-07T04:14:13","slug":"muere-a-los-70-anos-el-director-bela-tarr-leyenda-del-cine-europeo","status":"publish","type":"post","link":"https:\/\/www.europesays.com\/es\/327125\/","title":{"rendered":"Muere a los 70 a\u00f1os el director B\u00e9la Tarr, leyenda del cine europeo"},"content":{"rendered":"<p class=\"article-text\">\n        El cineasta h\u00fangaro, B\u00e9la Tarr, una de las figuras m\u00e1s importantes del cine contempor\u00e1neo europeo, ha muerto este martes a los 70 a\u00f1os de edad, seg\u00fan inform\u00f3 el director Bence Fliegauf a la agencia de noticias MTI en nombre de la familia. Tarr colabor\u00f3 en varias ocasiones con su compatriota, el escritor Nobel de Literatura de 2025 L\u00e1szl\u00f3 Krasznahorkai, y adapt\u00f3 al cine varias de sus obras. Tarr se convirti\u00f3, con su estilo insobornable, de grandes planos secuencias en blanco y negro, en uno de los grandes maestros del cine m\u00e1s radical y autoral de las \u00faltimas d\u00e9cadas gracias a obras maestras como Satantango o El caballo de Tur\u00edn.\n    <\/p>\n<p>    <a href=\"https:\/\/www.eldiario.es\/cultura\/cine\/mejores-peliculas-siglo-xxi-elegidas-56-directores-cine-espanol_1_12858149.html\" data-mrf-recirculation=\"saber-mas\" data-dl-event=\"saber-mas\" rel=\"nofollow noopener\" target=\"_blank\"><\/p>\n<p class=\"know-more__title\">Las mejores pel\u00edculas del siglo XXI, elegidas por 56 directores del cine espa\u00f1ol<\/p>\n<p>            <img decoding=\"async\" class=\"lazy\" loading=\"lazy\" data-src=\"https:\/\/static.eldiario.es\/clip\/59e6da10-8e7e-4cd3-9236-e28ab926ec80_16-9-aspect-ratio_default_0.jpg\" src=\"data:image\/svg+xml,%3Csvg xmlns=\" http:=\"\" viewbox=\"0 0 880 495\" alt=\"Las mejores pel\u00edculas del siglo XXI, elegidas por 56 directores del cine espa\u00f1ol\"\/><\/p>\n<p>                        <\/a><\/p>\n<p class=\"article-text\">\n        Fruto de esa colaboraci\u00f3n fueron <a href=\"https:\/\/www.eldiario.es\/cultura\/cine\/mejores-peliculas-siglo-xxi-elegidas-56-directores-cine-espanol_1_12858149.html\" target=\"_blank\" data-mrf-recirculation=\"links-noticia\" class=\"link\" rel=\"nofollow noopener\">Armon\u00edas de Werkmeister<\/a> (2000), la adaptaci\u00f3n de la novela La melancol\u00eda de la resistencia&#8217;, y\u00a0Tango Sat\u00e1nico (1994), basada en la novela del mismo nombre, un filme de m\u00e1s de siete horas de duraci\u00f3n y considerada su obra maestra. Otra de sus pel\u00edculas m\u00e1s conocidas es La condena (1987). Tarr se convirti\u00f3 en un maestro de la puesta en escena en obras que mostraban los peligros de la alieniaci\u00f3n y los totalitarismos, as\u00ed como las heridas provocadas por el comunismo en su pa\u00eds, Hungr\u00eda.\n    <\/p>\n<p>            <img decoding=\"async\" class=\"lazy\" loading=\"lazy\" data-src=\"https:\/\/static.eldiario.es\/clip\/216eb82c-aca4-41d3-8432-e5479c14881f_16-9-discover-aspect-ratio_default_0.jpg\" src=\"data:image\/svg+xml,%3Csvg xmlns=\" http:=\"\" viewbox=\"0 0 1200 675\" alt=\"Armon\u00edas de Werckmeister\"\/><\/p>\n<p class=\"article-text\">\n        Conocido por sus largometrajes en blanco y negro, Tarr se interes\u00f3 primero por an\u00e1lisis muy gr\u00e1ficos y dram\u00e1ticos de la sociedad y m\u00e1s tarde explor\u00f3 la realidad angustiante y metaf\u00edsica, recoge el portal Hvg. Su obra fue comparada a la del italiano Michelangelo Antonioni y el ruso Andr\u00e9i Tarkovski. Tarr asegur\u00f3 que no cre\u00eda \u201cen la honestidad ni en la autenticidad del cine de Hollywood\u201d, y afirm\u00f3 que en las pantallas \u201cse debe representar personas reales, de una manera honesta y sincera\u201d.\n    <\/p>\n<p class=\"article-text\">\n        Tarr, nacido el 21 de julio de 1955 en la ciudad de P\u00e9cs, comenz\u00f3 su carrera como aficionado, y en 1977 empez\u00f3 sus estudios de direcci\u00f3n en la Escuela Superior de Teatro y Cine, mientras que posteriormente, en los a\u00f1os 1980, trabaj\u00f3 en la empresa de cine estatal Mafilm. Durante su carrera realiz\u00f3 casi medio centenar de pel\u00edculas y fue galardonado con premios como el Oso de Plata en Berl\u00edn (2011) por &#8216;El caballo de Tur\u00edn&#8217;, o el Premio a la Trayectoria Profesional del Festival Internacional de Cine de Tokio (2024).\n    <\/p>\n<p class=\"article-text\">\n        Despu\u00e9s de &#8216;El caballo de Tur\u00edn&#8217; Tarr se retir\u00f3 de la direcci\u00f3n, aunque sigui\u00f3 colaborando con entidades de teatro independientes. En marzo de este a\u00f1o Tarr recibi\u00f3 el Premio Honor\u00edfico 2025 del D&#8217;A-Festival de Cine de Barcelona. El director de ECIB-Escuela de Cine de Barcelona, Pere Alber\u00f3, que le entreg\u00f3 esa distinci\u00f3n, asegur\u00f3 en aquel momento que el h\u00fangaro era el \u201ccineasta vivo m\u00e1s importante del momento\u201d, y dijo que su obra segu\u00eda siendo \u201cun misterio\u201d.\n    <\/p>\n<p>    <a href=\"https:\/\/www.eldiario.es\/cultura\/cine\/bela-tarr-leyenda-cine-europeo-rodar-esquina-calle-acto-politico_1_10750076.html\" data-mrf-recirculation=\"saber-mas-abajo\" data-dl-event=\"saber-mas-abajo\" rel=\"nofollow noopener\" target=\"_blank\"><\/p>\n<p class=\"know-more__title\">B\u00e9la Tarr, la leyenda del cine europeo para el que \u201chasta rodar la esquina de una calle es un acto pol\u00edtico\u201d\n<\/p>\n<p>            <img decoding=\"async\" class=\"lazy\" loading=\"lazy\" data-src=\"https:\/\/static.eldiario.es\/clip\/6d5907f0-ea46-4a8e-9cc3-84ec484aa900_16-9-aspect-ratio_default_0.jpg\" src=\"data:image\/svg+xml,%3Csvg xmlns=\" http:=\"\" viewbox=\"0 0 880 495\" alt=\"B\u00e9la Tarr, la leyenda del cine europeo para el que \u201chasta rodar la esquina de una calle es un acto pol\u00edtico\u201d\"\/><\/p>\n<p>                        <\/a><\/p>\n<p class=\"article-text\">\n        Tarr tambi\u00e9n fue maestro de una generaci\u00f3n de cineastas gracias a su labor como docente. Entre sus alumnas se encontraba la directora espa\u00f1ola Pilar Palomero, que siempre subray\u00f3 la influencia del cineasta en su obra. Una influencia que tambi\u00e9n se pudo notar en la encuesta realizada <a href=\"https:\/\/www.eldiario.es\/cultura\/cine\/mejores-peliculas-siglo-xxi-elegidas-56-directores-cine-espanol_1_12858149.html\" data-mrf-recirculation=\"links-noticia\" class=\"link\" rel=\"nofollow noopener\" target=\"_blank\">por elDiario.es de las mejores pel\u00edculas del siglo XXI,<\/a> donde aparecieron dos de sus filmes: <a href=\"https:\/\/www.eldiario.es\/cultura\/cine\/mejores-peliculas-siglo-xxi-elegidas-56-directores-cine-espanol_1_12858149.html\" target=\"_blank\" data-mrf-recirculation=\"links-noticia\" class=\"link\" rel=\"nofollow noopener\">Armon\u00edas de Werkmeister<\/a>  y El caballo de Tur\u00edn.\n    <\/p>\n","protected":false},"excerpt":{"rendered":"El cineasta h\u00fangaro, B\u00e9la Tarr, una de las figuras m\u00e1s importantes del cine contempor\u00e1neo europeo, ha muerto este&hellip;\n","protected":false},"author":2,"featured_media":327126,"comment_status":"","ping_status":"","sticky":false,"template":"","format":"standard","meta":{"footnotes":""},"categories":[91],"tags":[75613,16007,75630,146,147,25,24,9062,5992,8832,23,75614],"class_list":{"0":"post-327125","1":"post","2":"type-post","3":"status-publish","4":"format-standard","5":"has-post-thumbnail","7":"category-entretenimiento","8":"tag-bela","9":"tag-cineastas","10":"tag-contemporaneos","11":"tag-entertainment","12":"tag-entretenimiento","13":"tag-es","14":"tag-espana","15":"tag-europeos","16":"tag-fallece","17":"tag-principales","18":"tag-spain","19":"tag-tarr"},"share_on_mastodon":{"url":"https:\/\/pubeurope.com\/@es\/115851877867957430","error":""},"_links":{"self":[{"href":"https:\/\/www.europesays.com\/es\/wp-json\/wp\/v2\/posts\/327125","targetHints":{"allow":["GET"]}}],"collection":[{"href":"https:\/\/www.europesays.com\/es\/wp-json\/wp\/v2\/posts"}],"about":[{"href":"https:\/\/www.europesays.com\/es\/wp-json\/wp\/v2\/types\/post"}],"author":[{"embeddable":true,"href":"https:\/\/www.europesays.com\/es\/wp-json\/wp\/v2\/users\/2"}],"replies":[{"embeddable":true,"href":"https:\/\/www.europesays.com\/es\/wp-json\/wp\/v2\/comments?post=327125"}],"version-history":[{"count":0,"href":"https:\/\/www.europesays.com\/es\/wp-json\/wp\/v2\/posts\/327125\/revisions"}],"wp:featuredmedia":[{"embeddable":true,"href":"https:\/\/www.europesays.com\/es\/wp-json\/wp\/v2\/media\/327126"}],"wp:attachment":[{"href":"https:\/\/www.europesays.com\/es\/wp-json\/wp\/v2\/media?parent=327125"}],"wp:term":[{"taxonomy":"category","embeddable":true,"href":"https:\/\/www.europesays.com\/es\/wp-json\/wp\/v2\/categories?post=327125"},{"taxonomy":"post_tag","embeddable":true,"href":"https:\/\/www.europesays.com\/es\/wp-json\/wp\/v2\/tags?post=327125"}],"curies":[{"name":"wp","href":"https:\/\/api.w.org\/{rel}","templated":true}]}}