{"id":327133,"date":"2026-01-07T04:18:11","date_gmt":"2026-01-07T04:18:11","guid":{"rendered":"https:\/\/www.europesays.com\/es\/327133\/"},"modified":"2026-01-07T04:18:11","modified_gmt":"2026-01-07T04:18:11","slug":"la-cabalgata-de-reyes-2026-de-corella-un-exito-pese-al-intenso-frio-ayuntamiento-de-corella","status":"publish","type":"post","link":"https:\/\/www.europesays.com\/es\/327133\/","title":{"rendered":"La Cabalgata de Reyes 2026 de Corella, un \u00e9xito pese al intenso frio \u2013 Ayuntamiento de Corella"},"content":{"rendered":"<p>Como cada 5 de enero, los Reyes Magos de Oriente cumplieron su compromiso con los ni\u00f1os y ni\u00f1as de Corella y visitaron la ciudad del Alhama para repartir ilusi\u00f3n desde sus carrozas y dejar los regalos en todos los hogares del municipio.<\/p>\n<p>La recepci\u00f3n oficial del Alcalde a los Reyes Magos en su llegada a Corella tuvo lugar en la Plaza de los Fueros. Tras la bienvenida del Alcalde, sus Majestades saludaron a los ni\u00f1os y ni\u00f1as que llenaban la plaza, a pesar del intenso frio y viento, donde el term\u00f3metro no subi\u00f3 de 1 grado en toda la tarde<\/p>\n<p>Desde el ayuntamiento se quiere agradecer a la asociaci\u00f3n Pro-cabalgata, como tambi\u00e9n a la brigada municipal y a todas las personas participantes por el trabajo intenso que supone organizar con \u00e9xito todos los a\u00f1os la cabalgata de los Reyes Magos de Corella.<\/p>\n","protected":false},"excerpt":{"rendered":"Como cada 5 de enero, los Reyes Magos de Oriente cumplieron su compromiso con los ni\u00f1os y ni\u00f1as&hellip;\n","protected":false},"author":2,"featured_media":327134,"comment_status":"","ping_status":"","sticky":false,"template":"","format":"standard","meta":{"footnotes":""},"categories":[8],"tags":[17,18,25,24,13,14,11,19,20,9,10,15,16,23,12,21,22],"class_list":{"0":"post-327133","1":"post","2":"type-post","3":"status-publish","4":"format-standard","5":"has-post-thumbnail","7":"category-espana","8":"tag-breaking-news","9":"tag-breakingnews","10":"tag-es","11":"tag-espana","12":"tag-featured-news","13":"tag-featurednews","14":"tag-headlines","15":"tag-latest-news","16":"tag-latestnews","17":"tag-news","18":"tag-noticias","19":"tag-noticias-destacadas","20":"tag-noticiasdestacadas","21":"tag-spain","22":"tag-titulares","23":"tag-ultimas-noticias","24":"tag-ultimasnoticias"},"share_on_mastodon":{"url":"https:\/\/pubeurope.com\/@es\/115851893293505033","error":""},"_links":{"self":[{"href":"https:\/\/www.europesays.com\/es\/wp-json\/wp\/v2\/posts\/327133","targetHints":{"allow":["GET"]}}],"collection":[{"href":"https:\/\/www.europesays.com\/es\/wp-json\/wp\/v2\/posts"}],"about":[{"href":"https:\/\/www.europesays.com\/es\/wp-json\/wp\/v2\/types\/post"}],"author":[{"embeddable":true,"href":"https:\/\/www.europesays.com\/es\/wp-json\/wp\/v2\/users\/2"}],"replies":[{"embeddable":true,"href":"https:\/\/www.europesays.com\/es\/wp-json\/wp\/v2\/comments?post=327133"}],"version-history":[{"count":0,"href":"https:\/\/www.europesays.com\/es\/wp-json\/wp\/v2\/posts\/327133\/revisions"}],"wp:featuredmedia":[{"embeddable":true,"href":"https:\/\/www.europesays.com\/es\/wp-json\/wp\/v2\/media\/327134"}],"wp:attachment":[{"href":"https:\/\/www.europesays.com\/es\/wp-json\/wp\/v2\/media?parent=327133"}],"wp:term":[{"taxonomy":"category","embeddable":true,"href":"https:\/\/www.europesays.com\/es\/wp-json\/wp\/v2\/categories?post=327133"},{"taxonomy":"post_tag","embeddable":true,"href":"https:\/\/www.europesays.com\/es\/wp-json\/wp\/v2\/tags?post=327133"}],"curies":[{"name":"wp","href":"https:\/\/api.w.org\/{rel}","templated":true}]}}