{"id":327143,"date":"2026-01-07T04:29:11","date_gmt":"2026-01-07T04:29:11","guid":{"rendered":"https:\/\/www.europesays.com\/es\/327143\/"},"modified":"2026-01-07T04:29:11","modified_gmt":"2026-01-07T04:29:11","slug":"carmen-borrego-y-su-hijo-celebran-el-dia-de-reyes-y-con-sus-parejas","status":"publish","type":"post","link":"https:\/\/www.europesays.com\/es\/327143\/","title":{"rendered":"Carmen Borrego y su hijo celebran el D\u00eda de Reyes y con sus parejas"},"content":{"rendered":"<p>Carmen Borrego ha recibido en el d\u00eda de Reyes el mejor regalo desde hace a\u00f1os. La hija menor de Mar\u00eda Teresa Campos y su marido, Jos\u00e9 Carlos Bernal,\u00a0 han vivido el final de las vacaciones navide\u00f1as con un broche de lujo. Si hace unas horas ve\u00edamos a Jos\u00e9 Mar\u00eda Almoguera acudiendo con su novia Mar\u00eda a celebrar la noche de Reyes con su madre y el marido de \u00e9sta, al d\u00eda siguiente no ha sido menos. De este modo, <strong>Jos\u00e9 Mar\u00eda y su chica han compartido una especial comida familiar en el d\u00eda de Reyes en un restaurante cercano al domicilio de Carmen.\u00a0 <\/strong><\/p>\n<p>Tras pasar un largo rato dentro del establecimiento, las dos parejas posaban frente a los medios a las puertas del restaurante en el que han disfrutado de la comida familiar. Al m\u00e1s puro estilo de Mar\u00eda Teresa Campos junto a su hija Terelu y su nieta Alejandra en el pasado, <strong>Carmen Borrego ha sacado pecho haciendo gala de la uni\u00f3n familiar que ahora reina en su familia<\/strong> y no ha tenido inconveniente en dejarse fotografiar protagonizando una estampa in\u00e9dita desde hace tiempo.<\/p>\n<p>\n<img decoding=\"async\" loading=\"lazy\" class=\"size-full wp-image-2463140\" alt=\"Carmen Borrego, Almoguera\" width=\"1800\" height=\"1013\"  src=\"https:\/\/www.europesays.com\/es\/wp-content\/uploads\/2025\/12\/placeholder.jpg\"  bad-src=\"https:\/\/www.europesays.com\/es\/wp-content\/uploads\/2025\/12\/placeholder.jpg\"\/><\/p>\n<p><img decoding=\"async\" loading=\"lazy\" class=\"size-full wp-image-2463140\" src=\"https:\/\/www.europesays.com\/es\/wp-content\/uploads\/2026\/01\/joseymaria.jpg\" alt=\"Carmen Borrego, Almoguera\" width=\"1800\" height=\"1013\"  \/><\/p>\n<p> Jos\u00e9 Mar\u00eda Almoguera y su novia en Madrid. (Foto: Gtres)\n<\/p>\n<p>Mar\u00eda, una m\u00e1s de la familia<\/p>\n<p>Este buen ambiente pone de manifiesto, como no pod\u00eda ser de otro modo, <strong>la buena onda que existe entre Carmen y su hijo<\/strong>, pero no s\u00f3lo eso, sino que tambi\u00e9n ha mostrado sin tapujos la <strong>extraordinaria relaci\u00f3n que mantiene Borrego con la novia de su hijo<\/strong>. Mar\u00eda se encuentra plenamente integrada en la familia. Tanto es as\u00ed, que la joven no ha dudado en compartir una fotograf\u00eda, hasta ahora nunca vista de su novio y la madre de \u00e9ste, cuando Jos\u00e9 Mar\u00eda era un ni\u00f1o. Un gesto que pone de manifiesto la gran confianza que Carmen ha depositado en Mar\u00eda cuando a\u00fan no se ha cumplido el primer a\u00f1o de la relaci\u00f3n entre su hijo y la joven.<\/p>\n<p>\n<img decoding=\"async\" loading=\"lazy\" class=\"size-full wp-image-2463149\" alt=\"Borrego, Almoguera\" width=\"1589\" height=\"2560\"  src=\"https:\/\/www.europesays.com\/es\/wp-content\/uploads\/2025\/12\/placeholder.jpg\"  bad-src=\"https:\/\/www.europesays.com\/es\/wp-content\/uploads\/2025\/12\/placeholder.jpg\"\/><\/p>\n<p><img decoding=\"async\" loading=\"lazy\" class=\"size-full wp-image-2463149\" src=\"https:\/\/www.europesays.com\/es\/wp-content\/uploads\/2026\/01\/almoguerainsta-scaled.jpg\" alt=\"Borrego, Almoguera\" width=\"1589\" height=\"2560\"  \/><\/p>\n<p> Publicaci\u00f3n de la novia de Jos\u00e9 Mar\u00eda Almoguera. (Foto: Redes sociales)\n<\/p>\n<p>El encuentro de Jos\u00e9 Mar\u00eda con su suegro<\/p>\n<p>\u00c9ste no ha sido el primer y \u00fanico encuentro familiar en lo que va de vacaciones para Jos\u00e9 Maria y su chica. Durante la semana previa al fin de a\u00f1o, en la v\u00edspera a la Nochevieja,\u00a0 <a href=\"https:\/\/okdiario.com\/look\/actualidad\/jose-maria-almoguera-maria-jerezana-paso-mas-relacion-2274229\" rel=\"nofollow noopener\" target=\"_blank\">Mar\u00eda la Jerezana<\/a> recib\u00eda a su padre para celebra la Navidad . Una visita que llenaba de alegr\u00eda a la concursante de Gran Hermano y que ha aprovechado para disfrutar al m\u00e1ximo en la compa\u00f1\u00eda de su progenitor.<\/p>\n<p>La propia protagonista compart\u00eda una imagen en la que aparec\u00eda su padre junto a Jos\u00e9 Mar\u00eda riendo a carcajadas y haciendo p\u00fablica con orgullo la buena sinton\u00eda entre ambos. Tanta alegr\u00eda y uni\u00f3n familiar contrasta con la distancia que Almoguera sigue marcando con su t\u00eda <a href=\"https:\/\/okdiario.com\/look\/actualidad\/terelu-campos-vuelve-carga-contra-antonio-david-flores-problema-peso-2457741\" rel=\"nofollow noopener\" target=\"_blank\">Terelu Campos<\/a> y con su prima Alejandra Rubio. Sin ir m\u00e1s lejos, <strong>Jos\u00e9 Mar\u00eda ha sido nuevamente el gran ausente en la cena de Nochebuena celebrada en casa de Terelu.<\/strong> Aunque el motivo que han dado para justificar esta falta ha sido que Jos\u00e9 Mar\u00eda suele pasar esa fecha con su padre, lo cierto es que <strong>las tensiones entre Almoguera y su prima Alejandra parece que sigue haciendo mella en un posible encuentro familiar.<\/strong><\/p>\n","protected":false},"excerpt":{"rendered":"Carmen Borrego ha recibido en el d\u00eda de Reyes el mejor regalo desde hace a\u00f1os. La hija menor&hellip;\n","protected":false},"author":2,"featured_media":327144,"comment_status":"","ping_status":"","sticky":false,"template":"","format":"standard","meta":{"footnotes":""},"categories":[174],"tags":[18000,255,146,147,25,24,256,23],"class_list":{"0":"post-327143","1":"post","2":"type-post","3":"status-publish","4":"format-standard","5":"has-post-thumbnail","7":"category-famosos","8":"tag-borrego","9":"tag-celebrities","10":"tag-entertainment","11":"tag-entretenimiento","12":"tag-es","13":"tag-espana","14":"tag-famosos","15":"tag-spain"},"share_on_mastodon":{"url":"https:\/\/pubeurope.com\/@es\/115851936672492575","error":""},"_links":{"self":[{"href":"https:\/\/www.europesays.com\/es\/wp-json\/wp\/v2\/posts\/327143","targetHints":{"allow":["GET"]}}],"collection":[{"href":"https:\/\/www.europesays.com\/es\/wp-json\/wp\/v2\/posts"}],"about":[{"href":"https:\/\/www.europesays.com\/es\/wp-json\/wp\/v2\/types\/post"}],"author":[{"embeddable":true,"href":"https:\/\/www.europesays.com\/es\/wp-json\/wp\/v2\/users\/2"}],"replies":[{"embeddable":true,"href":"https:\/\/www.europesays.com\/es\/wp-json\/wp\/v2\/comments?post=327143"}],"version-history":[{"count":0,"href":"https:\/\/www.europesays.com\/es\/wp-json\/wp\/v2\/posts\/327143\/revisions"}],"wp:featuredmedia":[{"embeddable":true,"href":"https:\/\/www.europesays.com\/es\/wp-json\/wp\/v2\/media\/327144"}],"wp:attachment":[{"href":"https:\/\/www.europesays.com\/es\/wp-json\/wp\/v2\/media?parent=327143"}],"wp:term":[{"taxonomy":"category","embeddable":true,"href":"https:\/\/www.europesays.com\/es\/wp-json\/wp\/v2\/categories?post=327143"},{"taxonomy":"post_tag","embeddable":true,"href":"https:\/\/www.europesays.com\/es\/wp-json\/wp\/v2\/tags?post=327143"}],"curies":[{"name":"wp","href":"https:\/\/api.w.org\/{rel}","templated":true}]}}