{"id":327163,"date":"2026-01-07T04:42:29","date_gmt":"2026-01-07T04:42:29","guid":{"rendered":"https:\/\/www.europesays.com\/es\/327163\/"},"modified":"2026-01-07T04:42:29","modified_gmt":"2026-01-07T04:42:29","slug":"el-domingo-4-tuvo-lugar-la-26o-maraton-del-desierto-municipalidad-de-pinamar","status":"publish","type":"post","link":"https:\/\/www.europesays.com\/es\/327163\/","title":{"rendered":"El domingo 4 tuvo lugar la 26\u00ba Marat\u00f3n del desierto \u2013 Municipalidad de Pinamar"},"content":{"rendered":"<p data-start=\"123\" data-end=\"461\"><strong>La 26\u00aa edici\u00f3n de la Marat\u00f3n del Desierto se corri\u00f3 el domingo 4 de enero, con epicentro en el Parador Botavara (Av Libertador y Poseid\u00f3n, Pinamar Norte), y cont\u00f3 con la participaci\u00f3n de 800 participantes.<\/strong><br data-start=\"291\" data-end=\"294\"\/>La competencia propuso un recorrido \u00fanico entre m\u00e9danos, desafiando la arena en las distancias de <strong data-start=\"392\" data-end=\"404\">5K y 10K<\/strong>, en una jornada deportiva que marc\u00f3 el inicio del a\u00f1o.<br \/>El ganador de la clasificaci\u00f3n general fue el pinamarense Nicol\u00e1s Arena.<br \/>Para conocer todas las clasificaciones, <a href=\"https:\/\/www.instagram.com\/maratondeldesierto\" rel=\"nofollow noopener\" target=\"_blank\">AC\u00c1<\/a>.<\/p>\n<p><script async src=\"\/\/www.instagram.com\/embed.js\"><\/script><\/p>\n","protected":false},"excerpt":{"rendered":"La 26\u00aa edici\u00f3n de la Marat\u00f3n del Desierto se corri\u00f3 el domingo 4 de enero, con epicentro en&hellip;\n","protected":false},"author":2,"featured_media":327164,"comment_status":"","ping_status":"","sticky":false,"template":"","format":"standard","meta":{"footnotes":""},"categories":[5],"tags":[17,18,25,24,13,14,11,19,20,9,10,15,16,23,12,21,22],"class_list":{"0":"post-327163","1":"post","2":"type-post","3":"status-publish","4":"format-standard","5":"has-post-thumbnail","7":"category-titulares","8":"tag-breaking-news","9":"tag-breakingnews","10":"tag-es","11":"tag-espana","12":"tag-featured-news","13":"tag-featurednews","14":"tag-headlines","15":"tag-latest-news","16":"tag-latestnews","17":"tag-news","18":"tag-noticias","19":"tag-noticias-destacadas","20":"tag-noticiasdestacadas","21":"tag-spain","22":"tag-titulares","23":"tag-ultimas-noticias","24":"tag-ultimasnoticias"},"share_on_mastodon":{"url":"https:\/\/pubeurope.com\/@es\/115851987676884422","error":""},"_links":{"self":[{"href":"https:\/\/www.europesays.com\/es\/wp-json\/wp\/v2\/posts\/327163","targetHints":{"allow":["GET"]}}],"collection":[{"href":"https:\/\/www.europesays.com\/es\/wp-json\/wp\/v2\/posts"}],"about":[{"href":"https:\/\/www.europesays.com\/es\/wp-json\/wp\/v2\/types\/post"}],"author":[{"embeddable":true,"href":"https:\/\/www.europesays.com\/es\/wp-json\/wp\/v2\/users\/2"}],"replies":[{"embeddable":true,"href":"https:\/\/www.europesays.com\/es\/wp-json\/wp\/v2\/comments?post=327163"}],"version-history":[{"count":0,"href":"https:\/\/www.europesays.com\/es\/wp-json\/wp\/v2\/posts\/327163\/revisions"}],"wp:featuredmedia":[{"embeddable":true,"href":"https:\/\/www.europesays.com\/es\/wp-json\/wp\/v2\/media\/327164"}],"wp:attachment":[{"href":"https:\/\/www.europesays.com\/es\/wp-json\/wp\/v2\/media?parent=327163"}],"wp:term":[{"taxonomy":"category","embeddable":true,"href":"https:\/\/www.europesays.com\/es\/wp-json\/wp\/v2\/categories?post=327163"},{"taxonomy":"post_tag","embeddable":true,"href":"https:\/\/www.europesays.com\/es\/wp-json\/wp\/v2\/tags?post=327163"}],"curies":[{"name":"wp","href":"https:\/\/api.w.org\/{rel}","templated":true}]}}