{"id":327171,"date":"2026-01-07T04:52:09","date_gmt":"2026-01-07T04:52:09","guid":{"rendered":"https:\/\/www.europesays.com\/es\/327171\/"},"modified":"2026-01-07T04:52:09","modified_gmt":"2026-01-07T04:52:09","slug":"ashley-tisdale-revela-por-que-se-alejo-de-un-grupo-de-mamas-toxicas-famosas","status":"publish","type":"post","link":"https:\/\/www.europesays.com\/es\/327171\/","title":{"rendered":"Ashley Tisdale revela por qu\u00e9 se alej\u00f3 de un grupo de mam\u00e1s \u2018t\u00f3xicas\u2019 famosas"},"content":{"rendered":"<p>\n          Ashley Tisdale se alej\u00f3 de un grupo de madres \u2018t\u00f3xicas\u2019 famosas<\/p>\n<p><b> <a class=\"Link\" href=\"https:\/\/www.quien.com\/espectaculos\/2011\/09\/11\/vanessa-hudgens-y-ashley-tisdale-estrenan-tatuajes?utm_source=internal&amp;utm_medium=link-recommended\" target=\"_blank\" rel=\"nofollow noopener\">Ashley Tisdale<\/a>  <\/b> record\u00f3 \u201cestar sentada sola una noche despu\u00e9s de haber acostado a su hija\u2026 sinti\u00e9ndose totalmente perdida en cuanto a qu\u00e9 estaba haciendo \u2018mal\u2019 para que la dejaran afuera\u201d.<\/p>\n<p>             <img loading=\"lazy\" decoding=\"async\" src=\"https:\/\/www.europesays.com\/es\/wp-content\/uploads\/2026\/01\/1767761528_508_.webp\" class=\"lazyload\" alt=\"Ashley Tisdale\"  width=\"600\" height=\"451\"\/> <\/p>\n<p>              Ashley Tisdale compar\u00f3 la din\u00e1mica del grupo con la de la \u201cescuela secundaria\u201d.<br \/>\n              (Instagram)<\/p>\n<p>La actriz, de 40 a\u00f1os, continu\u00f3 enviando un mensaje de texto al grupo: \u00abEsto es demasiado de secundaria para m\u00ed y ya no quiero participar en esto\u00bb. Aunque \u201cnunca consider\u00f3 que las mam\u00e1s fueran malas personas (excepto) quiz\u00e1s una\u201d, decidi\u00f3 cortar lazos con ellas despu\u00e9s de que la \u201cdin\u00e1mica dej\u00f3 de ser sana y positiva\u201d.<\/p>\n<p><b>Ashley<\/b>, quien comparte a sus hijas <b>Jupiter<\/b>, de 4 a\u00f1os, y <b>Emerson<\/b>, de 1, con su esposo Christopher French, ya hab\u00eda hablado anteriormente sobre este distanciamiento en una sincera entrada de blog, donde confes\u00f3 que la situaci\u00f3n \u201cla hizo llorar\u201d.<\/p>\n<p>             <img loading=\"lazy\" decoding=\"async\" src=\"https:\/\/www.europesays.com\/es\/wp-content\/uploads\/2026\/01\/1767761529_663_.webp\" class=\"lazyload\" alt=\"mamas famosas\"  width=\"600\" height=\"600\"\/> <\/p>\n<p>              El grupo de mam\u00e1s inclu\u00eda a Hilary Duff, Meghan Trainor, Mandy Moore y otras.<br \/>\n              (Instagram)<\/p>\n<p>En ese texto, la actriz critic\u00f3 el \u201ccomportamiento de chica mala\u201d y el aislamiento \u201cfeo\u201d dentro del grupo, experiencias que con el tiempo la hicieron sentir herida, agotada y excluida. \u201cMe di cuenta de que hab\u00eda cadenas de mensajes grupales que no inclu\u00edan a todas, lo que provoc\u00f3 la formaci\u00f3n de camarillas\u201d, explic\u00f3. \u201cDespu\u00e9s de ver por tercera o cuarta vez fotos en redes sociales de reuniones a las que no me hab\u00edan invitado, sent\u00ed que, al final, no formaba parte del grupo\u201d.<\/p>\n","protected":false},"excerpt":{"rendered":"Ashley Tisdale se alej\u00f3 de un grupo de madres \u2018t\u00f3xicas\u2019 famosas Ashley Tisdale record\u00f3 \u201cestar sentada sola una&hellip;\n","protected":false},"author":2,"featured_media":327172,"comment_status":"","ping_status":"","sticky":false,"template":"","format":"standard","meta":{"footnotes":""},"categories":[174],"tags":[75632,75633,255,146,147,25,24,2793,256,36485,75635,75634,60717,23],"class_list":{"0":"post-327171","1":"post","2":"type-post","3":"status-publish","4":"format-standard","5":"has-post-thumbnail","7":"category-famosos","8":"tag-ashley-tisdale","9":"tag-ashley-tisdale-critica-a-mamas-toxicas","10":"tag-celebrities","11":"tag-entertainment","12":"tag-entretenimiento","13":"tag-es","14":"tag-espana","15":"tag-espectaculos","16":"tag-famosos","17":"tag-hilary-duff","18":"tag-mamas-toxicas","19":"tag-mandy-moore","20":"tag-meghan-trainor","21":"tag-spain"},"share_on_mastodon":{"url":"https:\/\/pubeurope.com\/@es\/115852027078722483","error":""},"_links":{"self":[{"href":"https:\/\/www.europesays.com\/es\/wp-json\/wp\/v2\/posts\/327171","targetHints":{"allow":["GET"]}}],"collection":[{"href":"https:\/\/www.europesays.com\/es\/wp-json\/wp\/v2\/posts"}],"about":[{"href":"https:\/\/www.europesays.com\/es\/wp-json\/wp\/v2\/types\/post"}],"author":[{"embeddable":true,"href":"https:\/\/www.europesays.com\/es\/wp-json\/wp\/v2\/users\/2"}],"replies":[{"embeddable":true,"href":"https:\/\/www.europesays.com\/es\/wp-json\/wp\/v2\/comments?post=327171"}],"version-history":[{"count":0,"href":"https:\/\/www.europesays.com\/es\/wp-json\/wp\/v2\/posts\/327171\/revisions"}],"wp:featuredmedia":[{"embeddable":true,"href":"https:\/\/www.europesays.com\/es\/wp-json\/wp\/v2\/media\/327172"}],"wp:attachment":[{"href":"https:\/\/www.europesays.com\/es\/wp-json\/wp\/v2\/media?parent=327171"}],"wp:term":[{"taxonomy":"category","embeddable":true,"href":"https:\/\/www.europesays.com\/es\/wp-json\/wp\/v2\/categories?post=327171"},{"taxonomy":"post_tag","embeddable":true,"href":"https:\/\/www.europesays.com\/es\/wp-json\/wp\/v2\/tags?post=327171"}],"curies":[{"name":"wp","href":"https:\/\/api.w.org\/{rel}","templated":true}]}}