{"id":327200,"date":"2026-01-07T05:18:18","date_gmt":"2026-01-07T05:18:18","guid":{"rendered":"https:\/\/www.europesays.com\/es\/327200\/"},"modified":"2026-01-07T05:18:18","modified_gmt":"2026-01-07T05:18:18","slug":"valle-salvaje-avance-del-capitulo-del-miercoles-7-de-enero-victoria-revela-a-mercedes-otro-engano-de-damaso-el-mundo","status":"publish","type":"post","link":"https:\/\/www.europesays.com\/es\/327200\/","title":{"rendered":"&#039;Valle Salvaje&#039;, avance del cap\u00edtulo del mi\u00e9rcoles 7 de enero: Victoria revela a Mercedes otro enga\u00f1o de D\u00e1maso &#8211; El Mundo"},"content":{"rendered":"<ol>\n<li><a href=\"https:\/\/news.google.com\/rss\/articles\/CBMiiAFBVV95cUxNTDZOQ21nTjBMa1UzSTVxMFNRTm1YSE8yci0tdU52OWttSXB2a3M2LUczbGNiT2V0bFJ3d2dyNUc3YlNuNkJ0UU5UVE8xMEdIYkEySGNiXzZPWkRRbElhTk5DamdybWRRaUtHUEtDRXkyY3hXV1JEeFE2SzVZSFF6YnhjNXZsRXYy0gGIAUFVX3lxTE5jUlYtdk5RUXc0LTVaLW1ySU1ndHBfZUdwbnIxQWhRaFRDUG1mX0tuQm5oYW9Wd21XWTYzclBPVjNqc0FyYWlDSXY5WjdVTHFSQWxxSTNsbExJZm9oUmxldDJTRlE4SEhGOVJpU1pCV0g5TmU2VFB1VGR6aGpod0ZlbGlNQlV4VmQ?oc=5\" target=\"_blank\" rel=\"nofollow noopener\">&#8216;Valle Salvaje&#8217;, avance del cap\u00edtulo del mi\u00e9rcoles 7 de enero: Victoria revela a Mercedes otro enga\u00f1o de D\u00e1maso<\/a>&nbsp;&nbsp;El Mundo<\/li>\n<li><a href=\"https:\/\/news.google.com\/rss\/articles\/CBMi4AFBVV95cUxPeG1iVzM5WmVzT1dwdlhBcm5SQmsyYjdvRnZnUjBGd3pmU0Z0R1FITGIxcGl3cEVpY0RkYTFCbnRsZlBGZHkwWGZRcFBnelo2YjY2MXBSb2pDRVNQX2RmRmFNT2RMTU41VXdISS1McjM5SUFqT0VQcWZLR2UxTS1HMUNCX19DUU03akRCTUMxWHpYU3hCS0toM0VYN01OaFk1ZWFBdWM2OUYzZmlGcDkyczF0RGhqX0pQYWxDNl9jekpnR2RYMXNCc3lHZzRrN2JGUDRISmYwa3Q1Sl9aVUNvNg?oc=5\" target=\"_blank\" rel=\"nofollow noopener\">&#8216;Valle Salvaje&#8217;, avance semanal pr\u00f3ximos cap\u00edtulos: La marcha de Luisa y un par\u00f3n en su emisi\u00f3n en RTVE<\/a>&nbsp;&nbsp;El Televisero<\/li>\n<li><a href=\"https:\/\/news.google.com\/rss\/articles\/CBMilgFBVV95cUxNZG5xN0FybWtUWUthMFFpSHZ1b1Q0V2lWc25YMndUQnJKSzJuODhtQ2NJUlBKWnpwMkNoRlk5bXNiV3NQamhfZzRNY3psYW1sZi1DYUppMFl3eUdQT2Nib2ZEbmY4VXNrdDdCV1YtQnNkTmJOSDVEeFVUR25KRnVFZ2pWVXo5LVFLSURvTGF6MGxyU2F6RGc?oc=5\" target=\"_blank\" rel=\"nofollow noopener\">&#8216;Valle Salvaje&#8217; har\u00e1 caso omiso a Victoria, Mercedes caer\u00e1 de nuevo con D\u00e1maso y Luisa decidir\u00e1 irse<\/a>&nbsp;&nbsp;FormulaTV<\/li>\n<li><a href=\"https:\/\/news.google.com\/rss\/articles\/CBMisAFBVV95cUxPc2E3NEpHY1RjTFV4VlJPU0NadW9mcU1YdmFuSnhJalpGT1A3TzdvOUZUeUxiM3JDekdNM2JDUEt4S1JDcmVMdGNXYk9rdHhoZTRXekh5LXhyblZZcEZMWGdRNmM1dnBTYmpBVUVGeWNCTFVod2tNdk5EVDhpRERMd2JDQllrN3BWdTNncGh5YlRtVXIwRVNnaWxjQmo2RTlIa1kwUk5wZTRXYWpROVd1cg?oc=5\" target=\"_blank\" rel=\"nofollow noopener\">La amarga despedida de Luisa en el avance semanal del 5 al 9 de enero de &#8216;Valle Salvaje&#8217; en TVE<\/a>&nbsp;&nbsp;Diez Minutos<\/li>\n<li><a href=\"https:\/\/news.google.com\/rss\/articles\/CBMitwFBVV95cUxQWFdPSlFBSHZLNjVpWnIzRWJ3aDdCbzd0NGpHY2Riazk4M2huY3gwNlRCd3FLY2dneE51TTdsaVlxZGs3Tk5lNGw3VFJYWGt1cjRDN3ZXOVJKQURqM1NBZmYxVjMtYkhaN0FrbHRPUGlrcWI1S1JMSUhzeVgybG5hOXY2UTYwOGJJYXljMlQtcDFacV9IOTVvV2trUUhTWmFNbXFfMWNMTVlBZUxSQWZnZkxrWTZ1WFHSAbwBQVVfeXFMUHF3ejE4dlREMW1Nc3VVNzgzVEl3TDF5TzJXTTdBSWFzbWdYMHZ3dDlfU0RXeWhqNnlFX0N1OGhLeG9RSUhrSjFibXBlUDZwUi1aUWRndEdXRDJpei1GNGtCWHdBbjhoc2RtTFJMNHhrOWwtM3YxdHZfR2xubFNKOE5BZVVIbi1oeUVWaFlpTW1xUDJDRms3RlhaM1lGeHhaMTNycGtka2VOM0g1dElNbFRkZklPNVhnZFhrbFI?oc=5\" target=\"_blank\" rel=\"nofollow noopener\">Avance del cap\u00edtulo de \u2018Valle Salvaje\u2019 de hoy: Adriana y Rafael anuncian su compromiso a Luisa<\/a>&nbsp;&nbsp;OkDiario<\/li>\n<\/ol>\n","protected":false},"excerpt":{"rendered":"&#8216;Valle Salvaje&#8217;, avance del cap\u00edtulo del mi\u00e9rcoles 7 de enero: Victoria revela a Mercedes otro enga\u00f1o de D\u00e1maso&nbsp;&nbsp;El&hellip;\n","protected":false},"author":2,"featured_media":327201,"comment_status":"","ping_status":"","sticky":false,"template":"","format":"standard","meta":{"footnotes":""},"categories":[171],"tags":[146,147,25,24,518,805,23,11029,6761,214,27808],"class_list":{"0":"post-327200","1":"post","2":"type-post","3":"status-publish","4":"format-standard","5":"has-post-thumbnail","7":"category-tv","8":"tag-entertainment","9":"tag-entretenimiento","10":"tag-es","11":"tag-espana","12":"tag-rtve","13":"tag-series","14":"tag-spain","15":"tag-television-series","16":"tag-tresb","17":"tag-tv","18":"tag-valle-salvaje"},"share_on_mastodon":{"url":"https:\/\/pubeurope.com\/@es\/115852129242163408","error":""},"_links":{"self":[{"href":"https:\/\/www.europesays.com\/es\/wp-json\/wp\/v2\/posts\/327200","targetHints":{"allow":["GET"]}}],"collection":[{"href":"https:\/\/www.europesays.com\/es\/wp-json\/wp\/v2\/posts"}],"about":[{"href":"https:\/\/www.europesays.com\/es\/wp-json\/wp\/v2\/types\/post"}],"author":[{"embeddable":true,"href":"https:\/\/www.europesays.com\/es\/wp-json\/wp\/v2\/users\/2"}],"replies":[{"embeddable":true,"href":"https:\/\/www.europesays.com\/es\/wp-json\/wp\/v2\/comments?post=327200"}],"version-history":[{"count":0,"href":"https:\/\/www.europesays.com\/es\/wp-json\/wp\/v2\/posts\/327200\/revisions"}],"wp:featuredmedia":[{"embeddable":true,"href":"https:\/\/www.europesays.com\/es\/wp-json\/wp\/v2\/media\/327201"}],"wp:attachment":[{"href":"https:\/\/www.europesays.com\/es\/wp-json\/wp\/v2\/media?parent=327200"}],"wp:term":[{"taxonomy":"category","embeddable":true,"href":"https:\/\/www.europesays.com\/es\/wp-json\/wp\/v2\/categories?post=327200"},{"taxonomy":"post_tag","embeddable":true,"href":"https:\/\/www.europesays.com\/es\/wp-json\/wp\/v2\/tags?post=327200"}],"curies":[{"name":"wp","href":"https:\/\/api.w.org\/{rel}","templated":true}]}}