{"id":327224,"date":"2026-01-07T05:41:18","date_gmt":"2026-01-07T05:41:18","guid":{"rendered":"https:\/\/www.europesays.com\/es\/327224\/"},"modified":"2026-01-07T05:41:18","modified_gmt":"2026-01-07T05:41:18","slug":"roberto-leal-viajando-con-su-madre-y-belen-esteban-cocinando-en-la-1-estos-son-los-estrenos-del-ano-en-la-television-en-abierto-television","status":"publish","type":"post","link":"https:\/\/www.europesays.com\/es\/327224\/","title":{"rendered":"Roberto Leal viajando con su madre y Bel\u00e9n Esteban cocinando en La 1: estos son los estrenos del a\u00f1o en la televisi\u00f3n en abierto | Televisi\u00f3n"},"content":{"rendered":"<p class=\"\">La televisi\u00f3n en abierto no espera a lanzar sus estrenos. La <a href=\"https:\/\/elpais.com\/television\/2025-12-26\/antena-3-lider-de-audiencias-en-2025-mientras-que-la-1-logra-su-mejor-dato-en-13-anos-y-telecinco-marca-de-nuevo-minimo-historico.html\" target=\"_self\" rel=\"nofollow noopener\" title=\"https:\/\/elpais.com\/television\/2025-12-26\/antena-3-lider-de-audiencias-en-2025-mientras-que-la-1-logra-su-mejor-dato-en-13-anos-y-telecinco-marca-de-nuevo-minimo-historico.html\">enorme competencia que viven<\/a> los tres grandes grupos de comunicaci\u00f3n, dos compitiendo por el liderazgo y un tercero luchando por salir de sus bajas cifras de audiencia, hace que la parrilla se llene de estrenos tan solo unos d\u00edas despu\u00e9s del fin de las Navidades. De los estrenos de <a href=\"https:\/\/elpais.com\/television\/2025-11-12\/belen-esteban-regresa-a-tve-para-hacer-pasteles-junto-a-antonio-resines-y-marina-castano-en-top-chef-dulces-y-famosos.html\" target=\"_self\" rel=\"nofollow noopener\" title=\"https:\/\/elpais.com\/television\/2025-11-12\/belen-esteban-regresa-a-tve-para-hacer-pasteles-junto-a-antonio-resines-y-marina-castano-en-top-chef-dulces-y-famosos.html\">Top Chef: dulces y famosos<\/a> y el peculiar programa de viajes Nos vamos de madre al regreso de El desaf\u00edo y GH D\u00fao.<\/p>\n<p>RTVE: f\u00fatbol y \u2018talents\u2019 con famosos<\/p>\n<p class=\"\">Este enero puede ser el principio de un buen a\u00f1o para La 1, que, adem\u00e1s de la Copa del Rey, tendr\u00e1 como gran baza la retransmisi\u00f3n del Mundial de F\u00fatbol 2026. La cadena se encuentra cada vez m\u00e1s cerca de la l\u00edder en audiencias, Antena 3.<\/p>\n<p class=\"\">Entre los estrenos inminentes que ya promociona la cadena se encuentran la serie espa\u00f1ola <b>Barrio Esperanza<\/b>, comedia protagonizada por Mariona Ter\u00e9s, ambientada en una escuela p\u00fablica y con el sistema educativo y la reinserci\u00f3n social como temas de fondo. Esperanza, la protagonista, es una mujer que comienza su vida como maestra tras salir de prisi\u00f3n.<\/p>\n<p><img decoding=\"auto\" class=\"_re lazyload a_m-h\" height=\"233\"  width=\"414\"  src=\"https:\/\/www.europesays.com\/es\/wp-content\/uploads\/2026\/01\/LWNSXKSC45DQPPPLCX4Y6ZA7Y4.jpg\" loading=\"lazy\"\/>El elenco de &#8216;Top Chef: dulces y famosos\u00bb.RTVE<\/p>\n<p class=\"\">Tambi\u00e9n est\u00e1 ocupando minutos de promoci\u00f3n el nuevo talento con celebridades de la cadena. <b>Top Chef: dulces y famosos<\/b> incide en realidad la misma f\u00f3rmula por la que ha apostado TVE en las dos \u00faltimas temporadas con el formato de reposter\u00eda Bake Off: famosos al horno. De hecho, mantiene a su misma presentadora (Paula V\u00e1zquez) y a buena parte del jurado. Incluso repiten concursantes, como Benita Castej\u00f3n. Junto a ella se encuentra un grupo bastante ecl\u00e9ctico, con rostros poco habituales en la cadena p\u00fablica como Bel\u00e9n Esteban, la estrella de redes sociales Tote Mart\u00ednez y la drag queen Samantha Ballentines, y otros que nunca han concursado en televisi\u00f3n, como Alejandra Osborne (hija de Bert\u00edn Osborne) y Marina Casta\u00f1o (periodista y viuda de Camilo Jos\u00e9 Cela).<\/p>\n<p class=\"\">Tambi\u00e9n estrenar\u00e1 en breve <b>DecoMasters<\/b>. Esta vez, los participantes famosos tendr\u00e1n que competir en parejas haciendo reformas, con la actriz Patricia Montero como maestra de ceremonias. A personajes cl\u00e1sicos del mundo del coraz\u00f3n, como <a href=\"https:\/\/elpais.com\/noticias\/antonia-dellatte\/\" target=\"_self\" rel=\"nofollow noopener\" title=\"https:\/\/elpais.com\/noticias\/antonia-dellatte\/\">Antonia Dell\u2019Atte<\/a>, Mar\u00eda Zurita y Mar Flores se suman otros personajes habituales del universo Mediaset, como Isa Pantoja, Asraf Beno y Carlo Constanzia. <\/p>\n<p class=\"\">M\u00e1s adelante, habr\u00e1 nueva edici\u00f3n de Maestros de la Costura Celebrity, con Raquel S\u00e1nchez Silva como presentadora y famosos poco vistos en estos formatos, como el pirag\u00fcista ol\u00edmpico Pau Ech\u00e1niz, las actrices Mariola Fuentes y Sylvia Mart\u00ed, la socialit\u00e9 Jaydy Michel y la cantane Beatriz Luengo. Y Jes\u00fas V\u00e1zquez, Javier Ambrossi, In\u00e9s Hernand y Lalachus forman el llamativo cuarteto de presentadores escogido para la primera edici\u00f3n del Benidorm Fest desligada de Eurovisi\u00f3n, que llegar\u00e1 a mediados de febrero.<\/p>\n<p class=\"\">Adem\u00e1s, La 1 ha renovado el concurso The Floor, con Chenoa al frente y MasterChef y lanzar\u00e1 <b>CrossoBAR<\/b>, un especial de humor con Lalachus y Arturo Valls.<\/p>\n<p><img decoding=\"auto\" class=\"_re lazyload a_m-h\" height=\"233\"  width=\"414\"  src=\"https:\/\/www.europesays.com\/es\/wp-content\/uploads\/2026\/01\/BBABRLJFXNHVTEKOSXTDQW72LU.jpg\" loading=\"lazy\"\/>La periodista Eva Rojas y el creador de contenido Carlo Cu\u00f1ado viajar\u00e1n en La 2 con &#8216;La vuelta al mundo en 80 likes&#8217;.RTVE<\/p>\n<p class=\"\">En cuanto a La 2, que al igual que la cadena principal tambi\u00e9n ha firmado en 2025 su mejor cuota de pantalla anual en mucho tiempo, ofrecer\u00e1 al espectador el regreso de I\u00f1aki Gabilondo a la televisi\u00f3n. Lo har\u00e1 en <b>La gran aventura de la lengua espa\u00f1ola<\/b>, un recorrido divulgativo \u00fanico por la historia del espa\u00f1ol en el que ha participado el Instituto Cervantes y la Real Academia de la Lengua. Y <b>La vuelta al mundo en 80 likes<\/b>, que puede verse desde este s\u00e1bado 10 de enero, es un formato de viajes presentado por la periodista Eva Rojas y el creador de contenido Carlo Cu\u00f1ado. Juntos recorren diferentes ciudades alrededor del mundo para descubrir los rincones m\u00e1s virales mientras comparten sus selfis en redes con la etiqueta #LVM80Likes.<\/p>\n<p>Atresmedia: Un triplicado Robero Leal y el regreso de \u2018Mask Singer\u2019<\/p>\n<p class=\"\">Este mi\u00e9rcoles 7 de enero llega el primer estreno de Antena 3. <b>Nos vamos de madre<\/b> es un formato creado por <a href=\"https:\/\/elpais.com\/noticias\/roberto-jose-leal-guillen\/\" target=\"_self\" rel=\"nofollow noopener\" title=\"https:\/\/elpais.com\/noticias\/roberto-jose-leal-guillen\/\">Roberto Leal<\/a> en el que viaja por Estambul, Edimburgo o Marrakech con su propia madre, Mercedes Guill\u00e9n. Muy poco despu\u00e9s llegar\u00e1 a la noche de los viernes la sexta edici\u00f3n de El desaf\u00edo en el que Leal, que tambi\u00e9n sigue cada tarde con Pasapalabra, estar\u00e1 acompa\u00f1ado de comcursantes famosos como Mar\u00eda Jos\u00e9 Campanario, Eva Soriano y Jos\u00e9 Y\u00e9lamo, entre otros, y que competir\u00e1n cada semana realizando pruebas extremas. Despu\u00e9s de su traves\u00eda por Am\u00e9rica, el exfutbolista Joaqu\u00edn S\u00e1nchez viajar\u00e1 con toda su familia por Jap\u00f3n en una nueva entrega de El capit\u00e1n.<\/p>\n<p class=\"\">Tambi\u00e9n se multiplicar\u00e1 en la parrilla de Antena 3 <a href=\"https:\/\/elpais.com\/television\/2025-04-04\/angel-llacer-la-television-me-ha-querido-mas-a-mi-que-yo-a-ella.html\" target=\"_self\" rel=\"nofollow noopener\" title=\"https:\/\/elpais.com\/television\/2025-04-04\/angel-llacer-la-television-me-ha-querido-mas-a-mi-que-yo-a-ella.html\">\u00c1ngel Ll\u00e0cer<\/a>. Adem\u00e1s de estar en los pr\u00f3xima temporada de Tu cara me suena, que la cadena estrenar\u00e1 m\u00e1s adelante, el actor jugar\u00e1 al Cluedo con famosos en <b>Una fiesta de muerte<\/b>. \u00c9l ser\u00e1 el anfitri\u00f3n de un encuentro con siete invitados. Uno de ellos aparece cada semana asesinado<b> <\/b>y el resto de participantes tendr\u00e1n que hacer de detectives y adivinar qu\u00e9 famoso ha cometido el crimen.<\/p>\n<p class=\"\">Otro gran estreno que no tiene fecha de lanzamiento es el esperado regreso de Mask Singer, uno de los formatos m\u00e1s extosos a nivel mundial de la \u00faltima d\u00e9cada y en el que Arturo Valls acoger\u00e1 a un nuevo jurado tras la marcha de Los Javis, formado por Ruth Lorenzo, Boris Izaguirre, Ana Mil\u00e1n y Juan y Medio. Arturo Valls tambi\u00e9n volver\u00e1 a presentar el concurso El 1% y Manel Fuentes har\u00e1 lo propio con Atrapa un mill\u00f3n. La voz y La voz kids tienen asegurada su continuidad este a\u00f1o.<\/p>\n<p class=\"\">Por su lado, La Sexta a pesar de quedarse muy cerca de Cuatro en cuesti\u00f3n de audiencias en 2025, se limitar\u00e1 por el momento a rescatar cuatro formatos de no ficci\u00f3n, Apatrullando, programa de reportajes con el periodista Jalis de la Serna; Lo de \u00c9vole; Salvados y Pesadilla en la cocina, con Alberto Chicote.<\/p>\n<p>Mediaset repite formatos<\/p>\n<p class=\"\">Telecinco cerr\u00f3 2025 con su peor dato de la historia con un 9,5% de cuota de pantalla tras un fin de temporada marcado por el fracaso de Gran Hermano 20. A pesar de los resultados, la cadena sigue estancada con propuestas muy similares a las de las \u00faltimas d\u00e9cadas. Este jueves 8 de enero, estrena <b>GH D\u00fao 4<\/b>, la versi\u00f3n con famosos y en pareja de Gran Hermano. Mismo plat\u00f3, misma casa, mismos presentadores (Jorge Javier V\u00e1zquez junto a Ion Aramendi) y una selecci\u00f3n de concursantes habituales de la cadena con los que no llega al 10% el resto del a\u00f1o: Carmen Borrego, Bel\u00e9n Rodr\u00edguez y Anita Williams entre ellos.<\/p>\n<p class=\"\">Aun m\u00e1s extra\u00f1a la decisi\u00f3n de recuperar dos concursos que cancel\u00f3 hace poco por sus bajas audiencias. Carlos Sobera regresar\u00e1 a <b>El precio justo<\/b> y Juanra Bonet da el salto de Antena 3 a Telecinco para ocuparse de <b>\u00a1All\u00e1 t\u00fa!<\/b>, tras la marcha de Jes\u00fas V\u00e1zquez a La 1. La m\u00e1xima novedad de la cadena ser\u00e1 <b>Casados a primera vista<\/b>, el formato que entra dentro del universo de Granjero busca esposa y \u00bfQui\u00e9n quiere casarse con mi hijo? en el que parejas de desconocidos se encuentran por vez primera en el altar, para comenzar una nueva vida juntos y en matrimonio. Es el mismo formato que hace a\u00f1os cancel\u00f3 Antena 3.<\/p>\n<p class=\"\">Los espacios que siguen dando alegr\u00edas a la cadena, como La isla de las tentaciones, Got Talent (que se estrena este s\u00e1bado 10 de enero) y Supervivientes, regresar\u00e1n a la parrilla a lo largo del a\u00f1o. Y la cadena ya promociona la serie espa\u00f1ola <b>Pura sangre<\/b>, un policial protagonizado por Blanca Romero.<\/p>\n<p class=\"\">Parad\u00f3jicamente, Cuatro ha vivido un buen a\u00f1o, acerc\u00e1ndose a La Sexta. El periodista Jon Sistiaga regresar\u00e1 a la cadena con un nuevo formato de reportajes, titulado <b>Proyecto Sistiaga<\/b>. Otro periodista de investigaci\u00f3n, Antonio Pampliega, tendr\u00e1 el suyo propio con <b>Territorio Pampliega<\/b> y Luj\u00e1n Arguelles combinar\u00e1 su universo tr\u00f3spido con una propuesta similar a Hermano mayor en <b>El camino de la verdad<\/b>. Ahondando en este subg\u00e9nero, Los Gypsy Kings tambi\u00e9n volver\u00e1n con una nueva temporada.<\/p>\n","protected":false},"excerpt":{"rendered":"La televisi\u00f3n en abierto no espera a lanzar sus estrenos. La enorme competencia que viven los tres grandes&hellip;\n","protected":false},"author":2,"featured_media":327225,"comment_status":"","ping_status":"","sticky":false,"template":"","format":"standard","meta":{"footnotes":""},"categories":[171],"tags":[146,147,25,24,23,807,214],"class_list":{"0":"post-327224","1":"post","2":"type-post","3":"status-publish","4":"format-standard","5":"has-post-thumbnail","7":"category-tv","8":"tag-entertainment","9":"tag-entretenimiento","10":"tag-es","11":"tag-espana","12":"tag-spain","13":"tag-television","14":"tag-tv"},"share_on_mastodon":{"url":"https:\/\/pubeurope.com\/@es\/115852219696984522","error":""},"_links":{"self":[{"href":"https:\/\/www.europesays.com\/es\/wp-json\/wp\/v2\/posts\/327224","targetHints":{"allow":["GET"]}}],"collection":[{"href":"https:\/\/www.europesays.com\/es\/wp-json\/wp\/v2\/posts"}],"about":[{"href":"https:\/\/www.europesays.com\/es\/wp-json\/wp\/v2\/types\/post"}],"author":[{"embeddable":true,"href":"https:\/\/www.europesays.com\/es\/wp-json\/wp\/v2\/users\/2"}],"replies":[{"embeddable":true,"href":"https:\/\/www.europesays.com\/es\/wp-json\/wp\/v2\/comments?post=327224"}],"version-history":[{"count":0,"href":"https:\/\/www.europesays.com\/es\/wp-json\/wp\/v2\/posts\/327224\/revisions"}],"wp:featuredmedia":[{"embeddable":true,"href":"https:\/\/www.europesays.com\/es\/wp-json\/wp\/v2\/media\/327225"}],"wp:attachment":[{"href":"https:\/\/www.europesays.com\/es\/wp-json\/wp\/v2\/media?parent=327224"}],"wp:term":[{"taxonomy":"category","embeddable":true,"href":"https:\/\/www.europesays.com\/es\/wp-json\/wp\/v2\/categories?post=327224"},{"taxonomy":"post_tag","embeddable":true,"href":"https:\/\/www.europesays.com\/es\/wp-json\/wp\/v2\/tags?post=327224"}],"curies":[{"name":"wp","href":"https:\/\/api.w.org\/{rel}","templated":true}]}}