{"id":327279,"date":"2026-01-07T06:31:10","date_gmt":"2026-01-07T06:31:10","guid":{"rendered":"https:\/\/www.europesays.com\/es\/327279\/"},"modified":"2026-01-07T06:31:10","modified_gmt":"2026-01-07T06:31:10","slug":"la-mortalidad-al-nivel-mas-alto-desde-la-pandemia","status":"publish","type":"post","link":"https:\/\/www.europesays.com\/es\/327279\/","title":{"rendered":"la mortalidad al nivel m\u00e1s alto desde la pandemia"},"content":{"rendered":"<p class=\"ft-text ft-helper-closenews\">La gripe contin\u00faa pasando factura en Asturias en t\u00e9rminos de mortalidad. <strong>La cifra de fallecimientos del pasado diciembre, una vez actualizada, ya es la m\u00e1s alta en este mes desde 2020, primer a\u00f1o de la pandemia de <\/strong><a class=\"ft-link ft-link--decoration\" href=\"https:\/\/www.lne.es\/tags\/coronavirus\/\" rel=\"nofollow noopener\" target=\"_blank\"><strong>covid-19<\/strong><\/a>. El mes pasado se registraron en el Principado un total de 1.342 decesos, <strong>seg\u00fan el dato difundido por el MoMo (Sistema de Monitorizaci\u00f3n de la Mortalidad Diaria, dependiente del Instituto de Salud Carlos III y, en \u00faltima instancia, del Ministerio de Sanidad)<\/strong>. Esta herramienta de contabilidad ha aumentado en 63 muertos sus estimaciones iniciales referidas al \u00faltimo mes del a\u00f1o.<\/p>\n<p class=\"ft-text\"><strong>Los primeros d\u00edas del mes de enero tambi\u00e9n se est\u00e1n caracterizando por una elevada mortalidad<\/strong>. A fecha 5 de enero, el MoMo habla de 255 muertes. De mantenerse esta tendencia, el balance final de enero podr\u00eda ser muy alto. \u00bfLo ser\u00e1 finalmente? Los expertos siempre enfatizan que el comportamiento de la gripe es impredecible. <strong>Y una posibilidad plausible es que la curva epid\u00e9mica ya haya tocado techo y que lo que venga ahora sea una fase m\u00e1s suave<\/strong>.<\/p>\n<p class=\"ft-text\">Todas las cifras de mortalidad son globales, se refieren a decesos por todas las causas. Pero es acervo com\u00fan la idea de que la mortalidad de los meses de invierno est\u00e1 muy condicionada por las infecciones respiratorias y, singularmente, por el nivel de agresividad de la gripe. <strong>Sobre esta premisa, la cifra de fallecidos en Asturias en diciembre de 2025 super\u00f3 en 226 las del mismo mes de 2024, e incluso se aproxim\u00f3 a las 1.388 de diciembre de 2020, mes de fuerte impacto de la pandemia de covid-19<\/strong>.<\/p>\n<p class=\"ft-text\">Seg\u00fan el MoMo, los 1.342 decesos de Asturias del pasado diciembre significan 63 muertes m\u00e1s de las esperables con arreglo a las estad\u00edsticas de a\u00f1os previos. Y las 255 muertes de los primeros d\u00edas de enero son 42 m\u00e1s de las previsibles con las cifras anteriores en la mano.<\/p>\n<p class=\"ft-text\"><strong>Entre los posibles motivos de los incrementos de esta temporada, uno destacable es que, en la temporada pasada, la composici\u00f3n de la vacuna de la gripe coincidi\u00f3 en gran medida con los virus que realmente circularon<\/strong>, y el resultado fue la menor mortalidad en oto\u00f1o-invierno (de noviembre a febrero) en varios a\u00f1os. En cambio, en este invierno, el acierto en la composici\u00f3n de la vacuna ha sido menor, y la consecuencia es un aumento de la mortalidad.<\/p>\n<p class=\"ft-text\"><strong>\u00abProbablemente \u00e9sta sea la peor gripe desde la pandemia\u00bb, se\u00f1ala un m\u00e9dico con un conocimiento profundo del panorama epidemiol\u00f3gico<\/strong>. La presente temporada est\u00e1 marcada por el predominio del virus gripal A\/H3N2, que suele originar una mayor proporci\u00f3n de casos graves y de mortalidad. Adem\u00e1s, las bajas temperaturas favorecen la transmisibilidad de los virus y predisponen a mayor gravedad porque reducen las defensas naturales de las v\u00edas respiratorias.<\/p>\n<p class=\"ft-text\">Tal y como ayer inform\u00f3 este peri\u00f3dico, el Hospital de Cabue\u00f1es, de Gij\u00f3n, tiene ocupadas 460 camas, la cifra m\u00e1s alta de los \u00faltimos a\u00f1os por estas fechas. <strong>Mientras tanto, en el \u00e1rea de Urgencias del Hospital Universitario Central de Asturias (HUCA), de Oviedo, el impacto de la gripe est\u00e1 siendo tambi\u00e9n elevado<\/strong>. \u00abHay mucha gripe y mucha infecci\u00f3n respiratoria\u00bb, se\u00f1alan los sanitarios. Como consecuencia, \u00abmuchas personas mayores vienen y quedan ingresadas\u00bb. En estos primeros compases del a\u00f1o, el servicio de Urgencias del complejo sanitario ovetense est\u00e1 recibiendo m\u00e1s de 400 pacientes diarios.<\/p>\n<p class=\"ft-text\"><strong>Tal y como se observa en el gr\u00e1fico que ilustra estas l\u00edneas, la mortalidad en los inviernos asturianos de la \u00faltima d\u00e9cada suele moverse en torno a 5.000 decesos en los cuatro meses que van de noviembre a febrero<\/strong>. Exceptuando el de la temporada 2020-21 \u2013totalmente distorsionado por el covid-19\u2013, los de mayor volumen de decesos han sido los de los periodos 2016-17 y 2017-18, ambos por encima de los 5.000 muertos. Esa frontera puede ser la que diferencie en la regi\u00f3n una gripe fuerte de una normal.<\/p>\n<p data-close=\"closedContent\" class=\"subscribeHideForDisplay\">Suscr\u00edbete para seguir leyendo<\/p>\n","protected":false},"excerpt":{"rendered":"La gripe contin\u00faa pasando factura en Asturias en t\u00e9rminos de mortalidad. La cifra de fallecimientos del pasado diciembre,&hellip;\n","protected":false},"author":2,"featured_media":327280,"comment_status":"","ping_status":"","sticky":false,"template":"","format":"standard","meta":{"footnotes":""},"categories":[92],"tags":[50436,25,24,33992,7749,165,11238,5695,1150,2761,166,23,2275],"class_list":{"0":"post-327279","1":"post","2":"type-post","3":"status-publish","4":"format-standard","5":"has-post-thumbnail","7":"category-salud","8":"tag-agresividad","9":"tag-es","10":"tag-espana","11":"tag-gripal","12":"tag-gripe","13":"tag-health","14":"tag-mortalidad","15":"tag-pandemia","16":"tag-pone","17":"tag-prueba","18":"tag-salud","19":"tag-spain","20":"tag-virus"},"share_on_mastodon":{"url":"https:\/\/pubeurope.com\/@es\/115852416458957643","error":""},"_links":{"self":[{"href":"https:\/\/www.europesays.com\/es\/wp-json\/wp\/v2\/posts\/327279","targetHints":{"allow":["GET"]}}],"collection":[{"href":"https:\/\/www.europesays.com\/es\/wp-json\/wp\/v2\/posts"}],"about":[{"href":"https:\/\/www.europesays.com\/es\/wp-json\/wp\/v2\/types\/post"}],"author":[{"embeddable":true,"href":"https:\/\/www.europesays.com\/es\/wp-json\/wp\/v2\/users\/2"}],"replies":[{"embeddable":true,"href":"https:\/\/www.europesays.com\/es\/wp-json\/wp\/v2\/comments?post=327279"}],"version-history":[{"count":0,"href":"https:\/\/www.europesays.com\/es\/wp-json\/wp\/v2\/posts\/327279\/revisions"}],"wp:featuredmedia":[{"embeddable":true,"href":"https:\/\/www.europesays.com\/es\/wp-json\/wp\/v2\/media\/327280"}],"wp:attachment":[{"href":"https:\/\/www.europesays.com\/es\/wp-json\/wp\/v2\/media?parent=327279"}],"wp:term":[{"taxonomy":"category","embeddable":true,"href":"https:\/\/www.europesays.com\/es\/wp-json\/wp\/v2\/categories?post=327279"},{"taxonomy":"post_tag","embeddable":true,"href":"https:\/\/www.europesays.com\/es\/wp-json\/wp\/v2\/tags?post=327279"}],"curies":[{"name":"wp","href":"https:\/\/api.w.org\/{rel}","templated":true}]}}