{"id":327283,"date":"2026-01-07T06:33:10","date_gmt":"2026-01-07T06:33:10","guid":{"rendered":"https:\/\/www.europesays.com\/es\/327283\/"},"modified":"2026-01-07T06:33:10","modified_gmt":"2026-01-07T06:33:10","slug":"asus-presenta-su-nueva-gama-de-ordenadores-la-fusion-perfecta-entre-elegancia-y-rendimiento","status":"publish","type":"post","link":"https:\/\/www.europesays.com\/es\/327283\/","title":{"rendered":"ASUS presenta su nueva gama de ordenadores, la fusi\u00f3n perfecta entre elegancia y rendimiento"},"content":{"rendered":"<p class=\"\"><b>ASUS empieza 2026 con un buen n\u00famero de novedades tecnol\u00f3gicas<\/b> dirigidas a los jugadores profesionales y los creadores de contenido de todo el globo. Despu\u00e9s de sorprender al mundo con su <a href=\"https:\/\/as.com\/meristation\/reportajes\/analisis-rog-ally-xbox-x-la-evolucion-que-estabamos-esperando-y-la-promesa-de-un-gran-futuro-f202510-r\/\" target=\"_blank\" rel=\"nofollow noopener\" title=\"https:\/\/as.com\/meristation\/reportajes\/analisis-rog-ally-xbox-x-la-evolucion-que-estabamos-esperando-y-la-promesa-de-un-gran-futuro-f202510-r\/\">ROG Ally<\/a>, durante el CES 2026 que est\u00e1 teniendo lugar estos d\u00edas en Las Vegas, la compa\u00f1\u00eda gaming ha presentado tambi\u00e9n <b>una nueva gama de ordenadores<\/b> donde la inteligencia artificial <a href=\"https:\/\/as.com\/meristation\/2023\/03\/16\/betech\/1678990602_690264.html\" target=\"_blank\" rel=\"nofollow noopener\" title=\"https:\/\/as.com\/meristation\/2023\/03\/16\/betech\/1678990602_690264.html\">Copilot +<\/a> se presenta como un apoyo y no una sustituta. En MeriStation hemos acudido virtualmente a su presentaci\u00f3n y hoy os hablamos de sus principales caracter\u00edsticas. <\/p>\n<p><b>ProArt suma nuevos miembros a su familia.<\/b><\/p>\n<p class=\"\">La familia ProArt aumenta con dos nuevos miembros: los port\u00e1tiles ProArt GoPro Edition (PX13), <b>ganador del Premio CES a la Innovaci\u00f3n 2026<\/b>; y los modelos ProArt PX13 y ProArt PZ14, con los cuales presenta la inteligencia artificial como <b>una herramienta para los artistas y no un sustituto<\/b>, a pesar de los debates \u00e9ticos y pol\u00e9micas que esto pueda generar.<\/p>\n<p class=\"\">La edici\u00f3n limitada ProArt Edici\u00f3n GoPro convertible <b>contiene preinstalada la IA de StoryCube<\/b>, la primera aplicaci\u00f3n para Windows con integraci\u00f3n con GoPro Cloud y soporte para v\u00eddeo 360\u00b0. Inspirados en las revolucionaras c\u00e1maras GoPro, este port\u00e1til presenta <b>un embalaje exclusivo, tem\u00e1tico y reutilizable<\/b>. <\/p>\n<p><img decoding=\"async\" src=\"https:\/\/www.europesays.com\/es\/wp-content\/uploads\/2026\/01\/7BWWCWZ5Q5E2NKPFX7YTJUBJO4.jpg\" alt=\"ASUS presenta su nueva gama de ordenadores, la fusi\u00f3n perfecta entre elegancia y rendimiento\" height=\"6000\" width=\"8000\"   loading=\"lazy\"\/><\/p>\n<p class=\"\">El convertible est\u00e1ndar ProArt PX13 est\u00e1 impulsado por un procesador AMD Ryzen AI Max+ 395 y cuenta con una pantalla t\u00e1ctil OLED 3K. La gama ProArt 2026 se completa con ProArt PZ14, una potente tableta 2 en 1 para creadores basada en la Snapdragon X2 Elite de 18 n\u00facleos y un soporte ASUS Pen 3.0, con la que se puede trabajar durante un viaje en tren o avi\u00f3n. <\/p>\n<p><b>Zenbook y Vivobook, la elegancia port\u00e1til<\/b><\/p>\n<p class=\"\">Las series Zenbook y Vivobook 2026 miran hacia el usuario cotidiano para traerles <b>la mayor potencia y versatilidad<\/b>. Zenbook DUP 2026 se llev\u00f3 el Premio CES a la Innovaci\u00f3n 2026. Cuenta con dos pantallas OLED ASUS Lumina Pro 3K de 14 pulgadas y promete un trabajo fluido de doble pantalla . Tambi\u00e9n cuenta con chasis Ceraluminum y un procesador Intel Core Ultra X9 Series 3. Tiene adem\u00e1s una nueva bisagra oculta para reducir el espacio entre pantallas, am\u00e9n de <b>un potente sistema de doble bater\u00eda<\/b> que suma 99Wh para alargar la autonom\u00eda.<\/p>\n<p class=\"\">ASUS tambi\u00e9n presenta el Zenbook A16 y el Zenbook A14 2026, con los que promete <b>una uni\u00f3n entre elegancia y potencia transportable a cualquier lugar<\/b>. El Zenbook A14 mantiene su peso inferior a 1 kg, pero ha mejorado su rendimiento respecto al procesador Snapdragon X2 Elite de 18 n\u00facleos. Mientras, el Zenbook A16 ofrece una pantalla m\u00e1s grande con menor peso y tiene de CPU a Snapdragon X2 Elite Extreme. <\/p>\n<p><img decoding=\"async\" src=\"https:\/\/www.europesays.com\/es\/wp-content\/uploads\/2026\/01\/ADUIIB2JIVBCPB2APYDMDU5JHE.jpg\" alt=\"ASUS presenta su nueva gama de ordenadores, la fusi\u00f3n perfecta entre elegancia y rendimiento\" height=\"2250\" width=\"3000\"   loading=\"lazy\"\/><\/p>\n<p class=\"\">Esta nueva edici\u00f3n de Zenbook S incorpora los \u00faltimos procesadores<b> <\/b>AMD Ryzen AI Serie 400 o Intel Core UltraSerie 3,<b> <\/b>ofrece <b>pantallas OLED de hasta 3K<\/b> y cuenta con hermosos acabados inspirados en la naturaleza. <\/p>\n<p class=\"\">En cuanto a la serie Vivobook S 2026, ASUS presenta sus nuevos modelos de 14 y 16 pulgadas que ofrecen un rendimiento impulsado por IA a usuarios cotidianos en movimiento, con una bater\u00eda de larga duraci\u00f3n y los \u00faltimos procesadores AMD, Intel y Qualcomm.<\/p>\n<p><img decoding=\"async\" src=\"https:\/\/www.europesays.com\/es\/wp-content\/uploads\/2026\/01\/GZ2QEX2D3VFEJP23E4AEW4OCDM.jpg\" alt=\"ASUS presenta su nueva gama de ordenadores, la fusi\u00f3n perfecta entre elegancia y rendimiento\" height=\"3937\" width=\"5906\"   loading=\"lazy\"\/><\/p>\n<p class=\"\">Tambi\u00e9n observamos <b>nuevos equipos de sobremesa ASUS y AiOS<\/b>, donde encontramos la mini torre ASUS V700 y la mini torre sobremesa ASUSV500, as\u00ed como el ASUS VM441QA AiO, el primer PC todo en uno del mundo con Snapdragon. Todos ellos incorporan Copilot+ y tres formatos de escritorio diferentes y cuentan con los \u00faltimos procesadores AMD, Intel y Snapdragon. Toda esta colecci\u00f3n de ASUS cumple con sus tres pilares: <b>rendimiento silencioso, eficiencia energ\u00e9tica e integraci\u00f3n est\u00e9tica<\/b>. No obstante, en una era donde cada vez m\u00e1s usuarios protestan por las IAs integradas obligatoriamente, queda la duda de la acogida por parte de los artistas que tendr\u00e1 esta nueva gama de ASUS.<\/p>\n<p>Noticias relacionadas<\/p>\n<p class=\"\">Sigue el <a href=\"https:\/\/twitter.com\/MeriStation?s=20\" target=\"_blank\" rel=\"noopener nofollow\">canal de MeriStation en Twitter<\/a>. Tu web de videojuegos y de entretenimiento, para conocer todas las noticias, novedades y \u00faltima hora sobre el mundo del videojuego, cine, series, manga y anime. Avances, an\u00e1lisis, entrevistas, tr\u00e1ileres, gameplays, podcasts y mucho m\u00e1s.<\/p>\n<p class=\"\">\u00a1Suscr\u00edbete! Si est\u00e1s interesado en licenciar este contenido, pincha <a href=\"https:\/\/profesional.elpais.com\/soluciones-sindicacion?utm_medium=interno&amp;utm_source=crosslinking&amp;utm_campaign=sindicacion_as_pie_articulos\" target=\"_blank\" rel=\"nofollow noopener\" title=\"https:\/\/profesional.elpais.com\/soluciones-sindicacion?utm_medium=interno&amp;utm_source=crosslinking&amp;utm_campaign=sindicacion_as_pie_articulos\">aqu\u00ed<\/a>.<\/p>\n<p><script async src=\"https:\/\/platform.twitter.com\/widgets.js\" charset=\"utf-8\"><\/script><\/p>\n","protected":false},"excerpt":{"rendered":"ASUS empieza 2026 con un buen n\u00famero de novedades tecnol\u00f3gicas dirigidas a los jugadores profesionales y los creadores&hellip;\n","protected":false},"author":2,"featured_media":327284,"comment_status":"","ping_status":"","sticky":false,"template":"","format":"standard","meta":{"footnotes":""},"categories":[81],"tags":[119,123,124,25,24,117,121,122,23,118,120],"class_list":{"0":"post-327283","1":"post","2":"type-post","3":"status-publish","4":"format-standard","5":"has-post-thumbnail","7":"category-ciencia-y-tecnologia","8":"tag-ciencia","9":"tag-ciencia-y-tecnologia","10":"tag-cienciaytecnologia","11":"tag-es","12":"tag-espana","13":"tag-science","14":"tag-science-and-technology","15":"tag-scienceandtechnology","16":"tag-spain","17":"tag-technology","18":"tag-tecnologia"},"share_on_mastodon":{"url":"https:\/\/pubeurope.com\/@es\/115852424308826354","error":""},"_links":{"self":[{"href":"https:\/\/www.europesays.com\/es\/wp-json\/wp\/v2\/posts\/327283","targetHints":{"allow":["GET"]}}],"collection":[{"href":"https:\/\/www.europesays.com\/es\/wp-json\/wp\/v2\/posts"}],"about":[{"href":"https:\/\/www.europesays.com\/es\/wp-json\/wp\/v2\/types\/post"}],"author":[{"embeddable":true,"href":"https:\/\/www.europesays.com\/es\/wp-json\/wp\/v2\/users\/2"}],"replies":[{"embeddable":true,"href":"https:\/\/www.europesays.com\/es\/wp-json\/wp\/v2\/comments?post=327283"}],"version-history":[{"count":0,"href":"https:\/\/www.europesays.com\/es\/wp-json\/wp\/v2\/posts\/327283\/revisions"}],"wp:featuredmedia":[{"embeddable":true,"href":"https:\/\/www.europesays.com\/es\/wp-json\/wp\/v2\/media\/327284"}],"wp:attachment":[{"href":"https:\/\/www.europesays.com\/es\/wp-json\/wp\/v2\/media?parent=327283"}],"wp:term":[{"taxonomy":"category","embeddable":true,"href":"https:\/\/www.europesays.com\/es\/wp-json\/wp\/v2\/categories?post=327283"},{"taxonomy":"post_tag","embeddable":true,"href":"https:\/\/www.europesays.com\/es\/wp-json\/wp\/v2\/tags?post=327283"}],"curies":[{"name":"wp","href":"https:\/\/api.w.org\/{rel}","templated":true}]}}