{"id":327295,"date":"2026-01-07T06:47:11","date_gmt":"2026-01-07T06:47:11","guid":{"rendered":"https:\/\/www.europesays.com\/es\/327295\/"},"modified":"2026-01-07T06:47:11","modified_gmt":"2026-01-07T06:47:11","slug":"angelica-rivera-disfruta-en-familia-de-unas-divertidas-vacaciones-en-japon","status":"publish","type":"post","link":"https:\/\/www.europesays.com\/es\/327295\/","title":{"rendered":"Ang\u00e9lica Rivera disfruta en familia de unas divertidas vacaciones en Jap\u00f3n"},"content":{"rendered":"<p id=\"eXrtKoslI1\" data-wc=\"80\">A la lista de celebridades que arrancaron el 2026 en Jap\u00f3n, se suma <strong>Ang\u00e9lica Rivera<\/strong>, quien disfruta con su familia de unas vacaciones en las que tienen varios <a class=\"hm-link ho-link\" href=\"https:\/\/www.hola.com\/us-es\/celebrities\/20251028864302\/angelica-rivera-guero-castro-celebran-cumpleanos-20-hija-menor-regina\/\" data-mrf-recirculation=\"article-body-link\" rel=\"nofollow noopener\" target=\"_blank\">invitados especiales<\/a>, como su hermana <strong>Maritza<\/strong>, su yerno <strong>Pablo Bernot<\/strong> y por primera vez, la presencia del novio de <strong>Fernanda Castro<\/strong>. A trav\u00e9s de Instagram, las hijas de La Gaviota se han encargado de documentar este<a class=\"hm-link ho-link\" href=\"https:\/\/www.hola.com\/us-es\/celebrities\/20250820851305\/sofia-castro-antelica-rivera-viaje-disneyworld-detalles\/\" data-mrf-recirculation=\"article-body-link\" rel=\"nofollow noopener\" target=\"_blank\">\u00a0inolvidable viaje<\/a>, en el que han quedado maravilladas con la cultura y belleza del pa\u00eds nip\u00f3n.<\/p>\n<p> <img src=\"https:\/\/www.europesays.com\/es\/wp-content\/uploads\/2026\/01\/99b258549e38-japonangelica.jpg\"   width=\"576\" height=\"1024\" loading=\"lazy\" decoding=\"async\" alt=\"Ang\u00e9lica Rivera y su familia en un restaurante en Tokio.\" fetchpriority=\"auto\" class=\"image ho-image\"\/>\u00a9 IG: @angelicariverahoficialAng\u00e9lica Rivera y su familia en un restaurante en Tokio.<\/p>\n<p id=\"e9hcMHlIR6\" data-wc=\"72\">Hace unas horas, Sof\u00eda Castro, hija mayor de Ang\u00e9lica, comparti\u00f3 en redes la primera foto familiar, donde destaca la presencia de Ang\u00e9lica junto a las parejas de sus hijas, luego de una comida. Tambi\u00e9n vimos al clan durante su visita al Santuario Fushini Inari-taisha, en Kioto, donde Fernanda Castro aprovech\u00f3 para posar con su novio en las puertas de torii, entrada al espacio sagrado, donde la pareja se fundi\u00f3 en un beso.\u00a0<\/p>\n<p> <img src=\"https:\/\/www.europesays.com\/es\/wp-content\/uploads\/2026\/01\/c0f62954f19f-sofianovios.jpg\"   width=\"576\" height=\"1024\" loading=\"lazy\" decoding=\"async\" alt=\"Sof\u00eda Castro y Pablo Bernot en Jap\u00f3n.\" fetchpriority=\"auto\" class=\"image ho-image\"\/>\u00a9 IG: @sofia_96castroSof\u00eda Castro y Pablo Bernot en Jap\u00f3n.<\/p>\n<p id=\"e2I8GEbBXe\" data-wc=\"70\">Desde hace unos d\u00edas, la hermanas Castro han estado usando las redes sociales para compartir detalles de sus visitas a sitios como Hakone, conocido destino tur\u00edstico donde Fernanda grab\u00f3 un vlog, en el que revel\u00f3 que en esta localidad es posible adquirir una propiedad por menos de 90 mil pesos: \u00abAcabo de escuchar que aqu\u00ed te puede comprar una casa por 5 mil d\u00f3lares, igual y \u00a1nos mudamos chicos!\u00bb, dijo.<\/p>\n<p> <img src=\"https:\/\/www.europesays.com\/es\/wp-content\/uploads\/2026\/01\/72283bbc4277-sofiasantuario.jpg\"   width=\"576\" height=\"1024\" loading=\"lazy\" decoding=\"async\" alt=\"Sof\u00eda Castro en uno de los Santuarios m\u00e1s famosos de Kyoto.\" fetchpriority=\"auto\" class=\"image ho-image\"\/>\u00a9 IG: @sofia_96castroSof\u00eda Castro en uno de los Santuarios m\u00e1s famosos de Kyoto.<br \/>\nEl gran reto del idioma<\/p>\n<p id=\"eNpcNCLJ2b\" data-wc=\"74\">En este video, Ang\u00e9lica Rivera roba c\u00e1mara cuando le pide a su hija que pregunte cu\u00e1nto dura el recorrido por el telef\u00e9rico de Hakone, ya que el idioma ha sido el gran reto de la familia en estas vacaciones: \u00abLa neta s\u00ed est\u00e1 un poco pesado lo del idioma, en especial, porque no hablan muy bien ingl\u00e9s aqu\u00ed, entre que ellos no nos entienden y nosotros tampoco, se hace un poco complicado\u00bb, cont\u00f3 Fernanda.<\/p>\n<p id=\"eOhNADZQrJ\" data-wc=\"74\">Fernanda insinu\u00f3 que a su mam\u00e1 le daba miedo subirse al recorrido de 7 minutos por el telef\u00e9rico con vista panor\u00e1mica al Monte Fuji; sin embargo, era una experiencia que no pod\u00edan dejar pasar: \u00abLas se\u00f1oras del grupo est\u00e1n un poco espantadas por la g\u00f3ndola, no quiero aceptar que yo tambi\u00e9n, le tengo terror a las alturas, pero \u00a1estamos en Jap\u00f3n!\u00bb, coment\u00f3 en este clip donde destac\u00f3 la limpieza que impera en el pa\u00eds.<\/p>\n<p> <img src=\"https:\/\/www.europesays.com\/es\/wp-content\/uploads\/2026\/01\/e667ddfdc574-reginacastrojapon.jpg\"   width=\"768\" height=\"1024\" loading=\"lazy\" decoding=\"async\" alt=\"Regina Castro en su recorrido por el lago Hakone.\" fetchpriority=\"auto\" class=\"image ho-image\"\/>\u00a9 IG: @reginacastrooooRegina Castro en su recorrido por el lago Hakone.<\/p>\n<p id=\"epKA71HeYv\" data-wc=\"56\">Despu\u00e9s de Hakone, la familia viaj\u00f3 a Tokio, donde se encuentran disfrutando de la oferta gastron\u00f3mica, tecnol\u00f3gica y arquitect\u00f3nica de la gran urbe japonesa. Ang\u00e9lica y sus hijas llegaron a Jap\u00f3n el pasado 24 de diciembre, justo a tiempo para celebrar la Navidad, en una cena en la que compartieron todos, a pesar del jet lag.<\/p>\n","protected":false},"excerpt":{"rendered":"A la lista de celebridades que arrancaron el 2026 en Jap\u00f3n, se suma Ang\u00e9lica Rivera, quien disfruta con&hellip;\n","protected":false},"author":2,"featured_media":327296,"comment_status":"","ping_status":"","sticky":false,"template":"","format":"standard","meta":{"footnotes":""},"categories":[174],"tags":[517,23909,255,146,147,25,24,256,23],"class_list":{"0":"post-327295","1":"post","2":"type-post","3":"status-publish","4":"format-standard","5":"has-post-thumbnail","7":"category-famosos","8":"tag-actualidad","9":"tag-angelica-rivera","10":"tag-celebrities","11":"tag-entertainment","12":"tag-entretenimiento","13":"tag-es","14":"tag-espana","15":"tag-famosos","16":"tag-spain"},"share_on_mastodon":{"url":"https:\/\/pubeurope.com\/@es\/115852479456591516","error":""},"_links":{"self":[{"href":"https:\/\/www.europesays.com\/es\/wp-json\/wp\/v2\/posts\/327295","targetHints":{"allow":["GET"]}}],"collection":[{"href":"https:\/\/www.europesays.com\/es\/wp-json\/wp\/v2\/posts"}],"about":[{"href":"https:\/\/www.europesays.com\/es\/wp-json\/wp\/v2\/types\/post"}],"author":[{"embeddable":true,"href":"https:\/\/www.europesays.com\/es\/wp-json\/wp\/v2\/users\/2"}],"replies":[{"embeddable":true,"href":"https:\/\/www.europesays.com\/es\/wp-json\/wp\/v2\/comments?post=327295"}],"version-history":[{"count":0,"href":"https:\/\/www.europesays.com\/es\/wp-json\/wp\/v2\/posts\/327295\/revisions"}],"wp:featuredmedia":[{"embeddable":true,"href":"https:\/\/www.europesays.com\/es\/wp-json\/wp\/v2\/media\/327296"}],"wp:attachment":[{"href":"https:\/\/www.europesays.com\/es\/wp-json\/wp\/v2\/media?parent=327295"}],"wp:term":[{"taxonomy":"category","embeddable":true,"href":"https:\/\/www.europesays.com\/es\/wp-json\/wp\/v2\/categories?post=327295"},{"taxonomy":"post_tag","embeddable":true,"href":"https:\/\/www.europesays.com\/es\/wp-json\/wp\/v2\/tags?post=327295"}],"curies":[{"name":"wp","href":"https:\/\/api.w.org\/{rel}","templated":true}]}}