{"id":327297,"date":"2026-01-07T06:48:12","date_gmt":"2026-01-07T06:48:12","guid":{"rendered":"https:\/\/www.europesays.com\/es\/327297\/"},"modified":"2026-01-07T06:48:12","modified_gmt":"2026-01-07T06:48:12","slug":"pepe-gomez-acebo-botin-nos-descubre-su-nuevo-proyecto-en-cantabria-rodeado-de-ovejas-y-gallinas-autoctonas-y-nos-cuenta-cual-ha-sido-su-mayor-reto","status":"publish","type":"post","link":"https:\/\/www.europesays.com\/es\/327297\/","title":{"rendered":"Pepe G\u00f3mez-Acebo Bot\u00edn nos descubre su nuevo proyecto en Cantabria, rodeado de ovejas y gallinas aut\u00f3ctonas, y nos cuenta cu\u00e1l ha sido su mayor reto"},"content":{"rendered":"<p id=\"ej7TaPjys7R\" data-wc=\"70\">Hace a\u00f1os que <strong>Pepe G\u00f3mez-Acebo Bot\u00edn<\/strong> cay\u00f3 rendido al encanto de los Valles Pasiegos. \u201cFue en torno a la d\u00e9cada de los dos mil cuando mi familia y yo descubrimos este lugar de la mano de los artistas Juan Usl\u00e9 y Vicky Civera. Por aquel entonces hab\u00eda una preocupaci\u00f3n naciente por conservar el patrimonio cultural, arquitect\u00f3nico y paisaj\u00edstico de los valles; y asumimos esta inquietud como misi\u00f3n propia\u201d, cuenta \u00e9l.\u00a0<\/p>\n<p>  <img src=\"https:\/\/www.europesays.com\/es\/wp-content\/uploads\/2026\/01\/9724aa08bc55-img20201217164534.jpg\"   width=\"1920\" height=\"1080\" loading=\"lazy\" decoding=\"async\" alt=\"Vista exterior de la casa de Pepe G\u00f3mez-Acebo\" fetchpriority=\"auto\" class=\"image ho-image\"\/>\u00a9 KNU KIM<\/p>\n<p>  <img src=\"https:\/\/www.europesays.com\/es\/wp-content\/uploads\/2026\/01\/6a505cdf0615-img20200812204749-1.jpg\"   width=\"1920\" height=\"1080\" loading=\"lazy\" decoding=\"async\" alt=\"Las ovejas de Pepe G\u00f3mez-Acebo\" fetchpriority=\"auto\" class=\"image ho-image\"\/>\u00a9 KNU KIMEl proyecto de Caba\u00f1as de Pax va m\u00e1s all\u00e1 de la restauraci\u00f3n de las caba\u00f1as y engloba la recuperaci\u00f3n de ovejas carranzanas y gallinas pedreras en torno a ellas.<\/p>\n<p id=\"ee8ztCyQxU\" data-wc=\"52\">Desde entonces, adquirieron varias de <a class=\"hm-link ho-link\" href=\"https:\/\/www.hola.com\/viajes\/20211014197736\/cantabria-casas-rurales-valles-pasiegos\/\" data-mrf-recirculation=\"article-body-link\" rel=\"nofollow noopener\" target=\"_blank\">las caba\u00f1as tradicionales<\/a>, recuper\u00e1ndolas para uso propio alguna, y como alojamiento tur\u00edstico otras, y el proyecto de Caba\u00f1as de Pax no ha dejado de crecer. Hoy recuperan <strong>ovejas carranzanas y gallinas pedreras<\/strong>, las razas aut\u00f3ctonas que estaban desapareciendo, y han establecido sinergias con los distintos oficios locales.\u00a0<\/p>\n<p>  <img src=\"https:\/\/www.europesays.com\/es\/wp-content\/uploads\/2026\/01\/818037cc5296-image001-1.jpg\"   width=\"1080\" height=\"1080\" loading=\"lazy\" decoding=\"async\" alt=\"Pepe G\u00f3mez-Acebo con sus ovejas paseando\" fetchpriority=\"auto\" class=\"image ho-image\"\/>\u00a9 KNU KIM<\/p>\n<p id=\"eeV7LF4GzV\" data-wc=\"73\">Junto a ellos, Pepe restaur\u00f3 cada viga del techo y cada tabl\u00f3n del suelo, cre\u00f3 un huerto en comuni\u00f3n con el entorno y se ali\u00f3 con los mejores productores de sobaos y quesadas para cuando tienen hu\u00e9spedes. Pero el proyecto a\u00fan no ha terminado. \u201cComo arquitecto intervengo en una preexistencia sabiendo que posteriormente continuar\u00e1 cambiando. Mi intervenci\u00f3n supone una participaci\u00f3n puntual en un proceso de cambio mayor\u201d. Siempre, eso s\u00ed, <strong>homenajeando al pasado<\/strong>.<\/p>\n<p>  <img src=\"https:\/\/www.europesays.com\/es\/wp-content\/uploads\/2026\/01\/d15aa7b9b527-kim-arce-1.jpg\"   width=\"1920\" height=\"1080\" loading=\"lazy\" decoding=\"async\" alt=\"Vista del interior de la habitaci\u00f3n de Pepe G\u00f3mez-Acebo\" fetchpriority=\"auto\" class=\"image ho-image\"\/>\u00a9 KNU KIM<\/p>\n<p>  <img src=\"https:\/\/www.europesays.com\/es\/wp-content\/uploads\/2026\/01\/10ae99f8f5d5-i0a13501-1.jpg\"   width=\"1920\" height=\"1080\" loading=\"lazy\" decoding=\"async\" alt=\"Parte del sal\u00f3n de Pepe G\u00f3mez-Acebo\" fetchpriority=\"auto\" class=\"image ho-image\"\/>\u00a9 KNU KIMSirvi\u00e9ndose de la pall\u00e1, el elemento articulador original de las caba\u00f1as pasiegas, Pepe ide\u00f3 espacios en los que la est\u00e9tica tradicional de estas construcciones convive de forma arm\u00f3nica con elementos contempor\u00e1neo<\/p>\n<p>Estilo propio<\/p>\n<ul data-wc=\"43\" id=\"ul-1bkhm4mk3nl876\">\n<li><strong>Identidad propia.\u00a0<\/strong>\u201cEstas caba\u00f1as han sido mi primer proyecto y estar en la obra todos los d\u00edas me ha permitido profundizar en el aprovechamiento material y la utilizaci\u00f3n de t\u00e9cnicas constructivas propias del lugar. Aprender de los gremios involucrados ha sido toda una experiencia\u201d.<\/li>\n<\/ul>\n<ul data-wc=\"31\" id=\"ul-1bkhm4mk3nl877\">\n<li><strong>Elementos primigenios.\u00a0<\/strong>\u201cEl mayor reto ha sido <a class=\"hm-link ho-link\" href=\"https:\/\/www.hola.com\/decoracion\/20251105862751\/caserio-vasco-350m2-arquitectura-tradicional-interiorismo-eclectico\/\" data-mrf-recirculation=\"article-body-link\" rel=\"nofollow noopener\" target=\"_blank\">conservar el aspecto de la caba\u00f1a<\/a> permitiendo un uso nuevo, dom\u00e9stico y acogedor. Para ello el proyecto toma elementos tradicionales, como la pall\u00e1, y los reinterpreta para su uso actual\u201d.<\/li>\n<\/ul>\n<ul data-wc=\"29\" id=\"ul-1bkhm4mk3nl878\">\n<li><strong>El complemento perfecto.\u00a0<\/strong>\u201cEn contraste con la estructura de las caba\u00f1as, con sus vigas y suelos originales, apostamos por una colecci\u00f3n de arte contempor\u00e1neo muy especial para decorar las estancias\u201d.<\/li>\n<\/ul>\n<p>  <img src=\"https:\/\/www.europesays.com\/es\/wp-content\/uploads\/2026\/01\/e8bc7a52b498-kim-espino-y-serbal-16.jpg\"   width=\"1080\" height=\"1080\" loading=\"lazy\" decoding=\"async\" alt=\"Otra vista del interior de la casa de Pepe G\u00f3mez-Acebo\" fetchpriority=\"auto\" class=\"image ho-image\"\/>\u00a9 KNU KIM<\/p>\n","protected":false},"excerpt":{"rendered":"Hace a\u00f1os que Pepe G\u00f3mez-Acebo Bot\u00edn cay\u00f3 rendido al encanto de los Valles Pasiegos. \u201cFue en torno a&hellip;\n","protected":false},"author":2,"featured_media":327298,"comment_status":"","ping_status":"","sticky":false,"template":"","format":"standard","meta":{"footnotes":""},"categories":[173],"tags":[3900,26435,229,233,231,230,75650,3899,232,234,146,147,25,24,23],"class_list":{"0":"post-327297","1":"post","2":"type-post","3":"status-publish","4":"format-standard","5":"has-post-thumbnail","7":"category-arte-y-diseno","8":"tag-hola","9":"tag-hola-living","10":"tag-arte","11":"tag-arte-y-diseno","12":"tag-arts","13":"tag-arts-and-design","14":"tag-casas-rurales","15":"tag-contenido-sensible","16":"tag-design","17":"tag-diseno","18":"tag-entertainment","19":"tag-entretenimiento","20":"tag-es","21":"tag-espana","22":"tag-spain"},"share_on_mastodon":{"url":"https:\/\/pubeurope.com\/@es\/115852483278865932","error":""},"_links":{"self":[{"href":"https:\/\/www.europesays.com\/es\/wp-json\/wp\/v2\/posts\/327297","targetHints":{"allow":["GET"]}}],"collection":[{"href":"https:\/\/www.europesays.com\/es\/wp-json\/wp\/v2\/posts"}],"about":[{"href":"https:\/\/www.europesays.com\/es\/wp-json\/wp\/v2\/types\/post"}],"author":[{"embeddable":true,"href":"https:\/\/www.europesays.com\/es\/wp-json\/wp\/v2\/users\/2"}],"replies":[{"embeddable":true,"href":"https:\/\/www.europesays.com\/es\/wp-json\/wp\/v2\/comments?post=327297"}],"version-history":[{"count":0,"href":"https:\/\/www.europesays.com\/es\/wp-json\/wp\/v2\/posts\/327297\/revisions"}],"wp:featuredmedia":[{"embeddable":true,"href":"https:\/\/www.europesays.com\/es\/wp-json\/wp\/v2\/media\/327298"}],"wp:attachment":[{"href":"https:\/\/www.europesays.com\/es\/wp-json\/wp\/v2\/media?parent=327297"}],"wp:term":[{"taxonomy":"category","embeddable":true,"href":"https:\/\/www.europesays.com\/es\/wp-json\/wp\/v2\/categories?post=327297"},{"taxonomy":"post_tag","embeddable":true,"href":"https:\/\/www.europesays.com\/es\/wp-json\/wp\/v2\/tags?post=327297"}],"curies":[{"name":"wp","href":"https:\/\/api.w.org\/{rel}","templated":true}]}}