{"id":327315,"date":"2026-01-07T06:59:10","date_gmt":"2026-01-07T06:59:10","guid":{"rendered":"https:\/\/www.europesays.com\/es\/327315\/"},"modified":"2026-01-07T06:59:10","modified_gmt":"2026-01-07T06:59:10","slug":"la-moncloa-agenda-del-presidente-presidente-agenda-6","status":"publish","type":"post","link":"https:\/\/www.europesays.com\/es\/327315\/","title":{"rendered":"La Moncloa. Agenda del Presidente [Presidente\/Agenda]"},"content":{"rendered":"<p> &#13;&#13;<\/p>\n<ul class=\"eventList personList\">&#13;<\/p>\n<li>&#13; <img decoding=\"async\" title=\"22\/11\/2023. Pedro S\u00e1nchez. El presidente del Gobierno, Pedro S\u00e1nchez P\u00e9rez-Castej\u00f3n\" class=\"eventImage\" src=\"https:\/\/www.europesays.com\/es\/wp-content\/uploads\/2025\/09\/presidente_pedro_sanchez.png\" alt=\"22\/11\/2023. Pedro S\u00e1nchez. El presidente del Gobierno, Pedro S\u00e1nchez P\u00e9rez-Castej\u00f3n\"\/><br \/>\n&#13;<br \/>\nPedro S\u00e1nchez <\/p>\n<p class=\"eventDescription cargo\">Presidente del Gobierno<\/p>\n<p>&#13;<\/p>\n<ul class=\"eventList\">&#13;<\/p>\n<li>&#13;\n<p>09:30 h.<\/p>\n<p>&#13;<\/p>\n<p class=\"eventPersonTitle\">Preside la reuni\u00f3n del Consejo de Ministros, que se celebra en el Complejo de la Moncloa.<\/p>\n<p>\t&#13;<\/li>\n<p>&#13;<\/p>\n<li>&#13;\n<p>11:00 h.<\/p>\n<p>&#13;<\/p>\n<p class=\"eventPersonTitle\">Preside la reuni\u00f3n de la Comisi\u00f3n Interministerial para la Recuperaci\u00f3n, Transformaci\u00f3n y Resiliencia, que se celebra en el Complejo de la Moncloa.<\/p>\n<p>Asisten la vicepresidenta primera y ministra de Hacienda; la vicepresidenta segunda y ministra de Trabajo y Econom\u00eda Social; la vicepresidenta tercera y ministra para la Transici\u00f3n Ecol\u00f3gica y el Reto Demogr\u00e1fico; el ministro de Asuntos Exteriores, Uni\u00f3n Europea y Cooperaci\u00f3n; el ministro de la Presidencia, Justicia y Relaciones con las Cortes; la ministra de Defensa; el ministro del Interior; el ministro de Transportes y Movilidad Sostenible; la ministra de Educaci\u00f3n, Formaci\u00f3n Profesional y Deportes; el ministro de Industria y Turismo; el ministro de Pol\u00edtica Territorial y Memoria Democr\u00e1tica; la ministra de Vivienda y Agenda Urbana; el ministro de Cultura; el ministro de Econom\u00eda, Comercio y Empresa; la ministra de Sanidad; el ministro de Derechos Sociales, Consumo y Agenda 2030; la ministra de Ciencia, Innovaci\u00f3n y Universidades; la ministra de Igualdad; la ministra de Inclusi\u00f3n, Seguridad Social y Migraciones y portavoz del Gobierno; el ministro para la Transformaci\u00f3n Digital y de la Funci\u00f3n P\u00fablica y la ministra de Juventud e Infancia. <\/p>\n<p>Cobertura oficial. <\/p>\n<p>\t&#13;<\/li>\n<p>&#13;<\/ul>\n<p>&#13;<\/li>\n<p>&#13;<\/ul>\n<p> &#13;\t<\/p>\n<p id=\"ctl00_CookieInfo_pCookieText\">Este sitio web utiliza cookies propias y de terceros para mantener la sesi\u00f3n, ofrecerle una mejor experiencia de usuario y obtener datos estad\u00edsticos de navegaci\u00f3n de los usuarios. Para m\u00e1s informaci\u00f3n vea la <a title=\"Pol\u00edtica de cookies\" target=\"_self\" href=\"https:\/\/www.lamoncloa.gob.es\/Paginas\/politica-de-cookies.aspx\" rel=\"nofollow noopener\">Pol\u00edtica de cookies<\/a><\/p>\n<p>Aceptar<br \/>\nRechazar<\/p>\n","protected":false},"excerpt":{"rendered":"&#13;&#13; &#13; &#13; &#13; Pedro S\u00e1nchez Presidente del Gobierno &#13; &#13; &#13; 09:30 h. &#13; Preside la reuni\u00f3n&hellip;\n","protected":false},"author":2,"featured_media":46302,"comment_status":"","ping_status":"","sticky":false,"template":"","format":"standard","meta":{"footnotes":""},"categories":[8],"tags":[4071,17,18,25,24,13,14,11,19,20,9,10,15,16,1461,23,12,21,22],"class_list":{"0":"post-327315","1":"post","2":"type-post","3":"status-publish","4":"format-standard","5":"has-post-thumbnail","7":"category-espana","8":"tag-agenda","9":"tag-breaking-news","10":"tag-breakingnews","11":"tag-es","12":"tag-espana","13":"tag-featured-news","14":"tag-featurednews","15":"tag-headlines","16":"tag-latest-news","17":"tag-latestnews","18":"tag-news","19":"tag-noticias","20":"tag-noticias-destacadas","21":"tag-noticiasdestacadas","22":"tag-presidente","23":"tag-spain","24":"tag-titulares","25":"tag-ultimas-noticias","26":"tag-ultimasnoticias"},"share_on_mastodon":{"url":"https:\/\/pubeurope.com\/@es\/115852526404918581","error":""},"_links":{"self":[{"href":"https:\/\/www.europesays.com\/es\/wp-json\/wp\/v2\/posts\/327315","targetHints":{"allow":["GET"]}}],"collection":[{"href":"https:\/\/www.europesays.com\/es\/wp-json\/wp\/v2\/posts"}],"about":[{"href":"https:\/\/www.europesays.com\/es\/wp-json\/wp\/v2\/types\/post"}],"author":[{"embeddable":true,"href":"https:\/\/www.europesays.com\/es\/wp-json\/wp\/v2\/users\/2"}],"replies":[{"embeddable":true,"href":"https:\/\/www.europesays.com\/es\/wp-json\/wp\/v2\/comments?post=327315"}],"version-history":[{"count":0,"href":"https:\/\/www.europesays.com\/es\/wp-json\/wp\/v2\/posts\/327315\/revisions"}],"wp:featuredmedia":[{"embeddable":true,"href":"https:\/\/www.europesays.com\/es\/wp-json\/wp\/v2\/media\/46302"}],"wp:attachment":[{"href":"https:\/\/www.europesays.com\/es\/wp-json\/wp\/v2\/media?parent=327315"}],"wp:term":[{"taxonomy":"category","embeddable":true,"href":"https:\/\/www.europesays.com\/es\/wp-json\/wp\/v2\/categories?post=327315"},{"taxonomy":"post_tag","embeddable":true,"href":"https:\/\/www.europesays.com\/es\/wp-json\/wp\/v2\/tags?post=327315"}],"curies":[{"name":"wp","href":"https:\/\/api.w.org\/{rel}","templated":true}]}}